{"id":284715,"date":"2025-12-12T14:23:14","date_gmt":"2025-12-12T14:23:14","guid":{"rendered":"https:\/\/www.europesays.com\/es\/284715\/"},"modified":"2025-12-12T14:23:14","modified_gmt":"2025-12-12T14:23:14","slug":"el-rascacielos-de-londres-al-que-llaman-vaso-de-cerveza-fue-uno-de-los-edificios-mas-feos-del-ano","status":"publish","type":"post","link":"https:\/\/www.europesays.com\/es\/284715\/","title":{"rendered":"El rascacielos de Londres al que llaman \u201cvaso de cerveza\u201d fue uno de los edificios m\u00e1s feos del a\u00f1o"},"content":{"rendered":"<p>Hay <a href=\"https:\/\/www.arquitecturaydiseno.es\/arquitectura\/carrera-por-cielo-10-edificios-mas-altos-construccion-2025_11381\" rel=\"nofollow noopener\" target=\"_blank\">ciudades que compiten en altura<\/a> como si <strong>la verticalidad fuese el nuevo lujo urbano<\/strong>. <a href=\"https:\/\/www.arquitecturaydiseno.es\/arquitectura\/cuanto-miden-10-rascacielos-mas-altos-nueva-york-levantados-tras-11s_6473\" rel=\"nofollow noopener\" target=\"_blank\">Nueva York presume del Empire State<\/a>, <strong>Dub\u00e1i<\/strong> desaf\u00eda el cielo con el Burj Khalifa y <strong>Londres, m\u00e1s contenida pero igual de ambiciosa<\/strong>, ha ido sumando piezas a un skyline cada vez m\u00e1s heterodoxo. <a href=\"https:\/\/www.arquitecturaydiseno.es\/pasion-eco\/rascacielos-sostenibles-un-sueno-alcanzable-o-una-utopia_11263\" rel=\"nofollow noopener\" target=\"_blank\">Rascacielos que prometen eficiencia<\/a>, iconograf\u00eda contempor\u00e1nea y monumentalidad arquitect\u00f3nica. <strong>Pero, como ocurre con la moda o el arte, no todo hito arquitect\u00f3nico logra seducir.<\/strong><\/p>\n<p>Algunos <a href=\"https:\/\/www.arquitecturaydiseno.es\/arquitectura\/edificios-mas-altos-del-mundo_12217\" rel=\"nofollow noopener\" target=\"_blank\">rascacielos<\/a>, pese a sus curvas atrevidas o su ingenier\u00eda impecable, terminan convertidos en <strong>villanos urbanos<\/strong>. La fiebre por las formas imposibles nos deja hitos inolvidables, pero tambi\u00e9n <a href=\"https:\/\/www.arquitecturaydiseno.es\/arquitectura\/los-peores-y-mas-desastrosos-edificios-hechos-por-arquitectos-brillantes_8652\" rel=\"nofollow noopener\" target=\"_blank\">edificios desconcertantes<\/a><strong> que ganan titulares no por su belleza, sino por su extravagancia.<\/strong><\/p>\n<p>El edificio que quiso ser icono y acab\u00f3 siendo s\u00e1tira arquitect\u00f3nica&#13;<img loading=\"lazy\" decoding=\"async\"   src=\"https:\/\/www.europesays.com\/es\/wp-content\/uploads\/2025\/12\/rascacielos-walkie-talkie-londres-1_da8e6b72_251207192734_1778x1000.webp.webp\" alt=\"rascacielos walkie talkie Londres 1\" class=\"lazyload\" width=\"1778\" height=\"1000\" data-aspectratio=\"1778\/1000\"\/> <\/p>\n<p>En pleno distrito financiero londinense, <strong>en el n\u00famero 20 de Fenchurch Street, se alza un rascacielos que desde lejos parece inclinarse hacia la ciudad <\/strong>con una presencia imponente. <strong>Dise\u00f1ado por Rafael Vi\u00f1oly y levantado entre 2009 y 2015<\/strong>, su volumen invertido, estrecho en la base y ancho en la coronaci\u00f3n, le vali\u00f3<strong> dos apodos inevitables: Walkie Talkie y The Pint<\/strong>,\u00a0por su gran parecido con esas pintas rebosantes que se acumulan en los pubs de Shoreditch cada vez que empieza el afterwork.<\/p>\n<p><strong>Pensado para ser eficiente, su fachada c\u00f3ncava y espejada deb\u00eda optimizar la entrada de luz, ventilaci\u00f3n y climatizaci\u00f3n. <\/strong>El proyecto inclu\u00eda oficinas premium, restaurantes, una brasserie y un reclamo irresistible: <strong>un Sky Garden p\u00fablico en las plantas altas<\/strong>. Sobre el papel, todo respond\u00eda a un planteamiento impecable.<\/p>\n<p><a href=\"https:\/\/www.arquitecturaydiseno.es\/arquitectura\/uno-proyectos-mas-esperados-2025-esta-a-punto-inaugurarse-londres_12307\" data-ga4_event=\"custom_event\" data-ga4_event_name=\"click_intext\" data-ga4_link_url=\"https:\/\/www.arquitecturaydiseno.es\/arquitectura\/uno-proyectos-mas-esperados-2025-esta-a-punto-inaugurarse-londres_12307\" data-ga4_link_text=\"el_\u2018rascasuelos_uno_de_los_proyectos_mas_esperados_de_2025\" data-ga4_content_type=\"photo\" data-ga4_element=\"related\" rel=\"nofollow noopener\" target=\"_blank\">&#13;&#13;<img loading=\"lazy\" decoding=\"async\" src=\"https:\/\/www.europesays.com\/es\/wp-content\/uploads\/2025\/09\/las-nuevas-oficinas-de-google-en-londres-vistas-desde-el-canal-de-regents_40b34e7a_250827192318_600x.webp\" alt=\"Las nuevas oficinas de Google en Londres vistas desde el canal de Regents\" class=\"lazyload\" width=\"600\" height=\"600\" data-aspectratio=\"600\/600\"\/>&#13;&#13;<\/p>\n<p class=\"epigraph\">&#13;Noticia relacionada<\/p>\n<p class=\"title\">El \u2018rascasuelos&#8217;: uno de los proyectos m\u00e1s esperados de 2025<\/p>\n<p><\/a>Cuando la ciudad opina, la arquitectura escucha&#13;<img loading=\"lazy\" decoding=\"async\"   src=\"https:\/\/www.europesays.com\/es\/wp-content\/uploads\/2025\/12\/rascacielos-walkie-talkie-londres-4_d36f737a_251207192949_714x1000.webp.webp\" alt=\"rascacielos walkie talkie Londres 4\" class=\"lazyload\" width=\"714\" height=\"1000\" data-aspectratio=\"714\/1000\"\/> <\/p>\n<p>Sin embargo, <strong>Londres tiene una sensibilidad particular hacia su skyline.<\/strong> La relaci\u00f3n con sus edificios es emocional, hist\u00f3rica, casi visceral. Y <strong>el\u00a0<\/strong><strong>Walkie Talkie<\/strong>, desde su inauguraci\u00f3n, gener\u00f3 una reacci\u00f3n desigual. <strong>Parte del rechazo ten\u00eda que ver con su volumen<\/strong>: su ensanchamiento superior parec\u00eda <strong>imponerse sobre el paisaje circundante<\/strong>, alterando la delicada <a href=\"https:\/\/www.arquitecturaydiseno.es\/arquitectura\/fuera-circuito-londres-diez-edificios-desconocidos_6618\" rel=\"nofollow noopener\" target=\"_blank\">relaci\u00f3n entre lo nuevo y lo heredado<\/a>.<\/p>\n<p>Por su parte, la prensa local se\u00f1al\u00f3 su presencia dominante y<strong> en 2015 recibi\u00f3 la\u00a0Carbuncle Cup, un premio que reconoce al edificio m\u00e1s discordante del a\u00f1o en Reino Unido. <\/strong>Un galard\u00f3n inc\u00f3modo, s\u00ed, pero tambi\u00e9n un reflejo de c\u00f3mo la percepci\u00f3n colectiva puede sobrepasar cualquier intenci\u00f3n arquitect\u00f3nica.<\/p>\n<p>M\u00e1s all\u00e1 de la est\u00e9tica: los efectos inesperados&#13;<img loading=\"lazy\" decoding=\"async\"   src=\"https:\/\/www.europesays.com\/es\/wp-content\/uploads\/2025\/12\/rascacielos-walkie-talkie-londres-3_065131f0_251207193038_714x1000.webp.webp\" alt=\"rascacielos walkie talkie Londres 3\" class=\"lazyload\" width=\"714\" height=\"1000\" data-aspectratio=\"714\/1000\"\/> <\/p>\n<p>La pol\u00e9mica no se limit\u00f3 a su silueta. Poco despu\u00e9s de inaugurarse, el Walkie Talkie empez\u00f3 a generar <strong>corrientes descendentes que complicaban el tr\u00e1nsito a pie<\/strong> en la zona, y su fachada c\u00f3ncava concentr\u00f3 la luz solar de forma tan intensa que <strong>lleg\u00f3 a da\u00f1ar escaparates y deformar la pintura de algunos coches <\/strong>aparcados. Incidentes puntuales, pero lo bastante visibles como para que <strong>Londres exigiera una soluci\u00f3n inmediata<\/strong>.<\/p>\n<p>La respuesta lleg\u00f3 en forma de <strong>una estructura de lamas que corrigi\u00f3 el comportamiento de la fachada<\/strong>. Una muestra de que incluso las obras m\u00e1s ambiciosas deben convivir con la vida real de la ciudad.<\/p>\n<p>\u00bfUn error\u2026 o la evidencia de una nueva sensibilidad urbana?&#13;<img loading=\"lazy\" decoding=\"async\"   src=\"https:\/\/www.europesays.com\/es\/wp-content\/uploads\/2025\/12\/rascacielos-walkie-talkie-londres-5_d29e0181_251207193102_1778x1000.webp.webp\" alt=\"rascacielos walkie talkie Londres 5\" class=\"lazyload\" width=\"1778\" height=\"1000\" data-aspectratio=\"1778\/1000\"\/> <\/p>\n<p>Quiz\u00e1 la historia del \u201cvaso de cerveza\u201d tenga menos que ver con errores y m\u00e1s con <a href=\"https:\/\/www.arquitecturaydiseno.es\/arquitectura\/por-que-es-fundamental-mejorar-arquitectura-espacios-publicos-y-diseno-urbano-grandes-ciudades_11901\" rel=\"nofollow noopener\" target=\"_blank\">c\u00f3mo cambian nuestras ciudades<\/a> y la manera en que las miramos. Hoy buscamos algo m\u00e1s que formas sorprendentes: <strong>pedimos coherencia, integraci\u00f3n, empat\u00eda.<\/strong> Y Londres, tan exigente con su skyline, dej\u00f3 claro que <strong>ya no basta con una forma llamativa.\u00a0<\/strong><\/p>\n<p>Aun as\u00ed, <strong>el edificio ha terminado qued\u00e1ndose: su Sky Garden funciona, sus oficinas tambi\u00e9n, y su silueta ya es parte del paisaje de la ciudad. <\/strong>M\u00e1s que feo o bello, el Walkie Talkie recuerda algo sencillo: un edificio no se define el d\u00eda que se inaugura, sino <strong>cuando la ciudad aprende a convivir con \u00e9l. <\/strong>Ah\u00ed empieza, de verdad, la arquitectura.<\/p>\n","protected":false},"excerpt":{"rendered":"Hay ciudades que compiten en altura como si la verticalidad fuese el nuevo lujo urbano. Nueva York presume&hellip;\n","protected":false},"author":2,"featured_media":284716,"comment_status":"","ping_status":"","sticky":false,"template":"","format":"standard","meta":{"footnotes":""},"categories":[173],"tags":[229,233,231,230,232,234,146,147,25,24,23],"class_list":{"0":"post-284715","1":"post","2":"type-post","3":"status-publish","4":"format-standard","5":"has-post-thumbnail","7":"category-arte-y-diseno","8":"tag-arte","9":"tag-arte-y-diseno","10":"tag-arts","11":"tag-arts-and-design","12":"tag-design","13":"tag-diseno","14":"tag-entertainment","15":"tag-entretenimiento","16":"tag-es","17":"tag-espana","18":"tag-spain"},"share_on_mastodon":{"url":"https:\/\/pubeurope.com\/@es\/115707052715657663","error":""},"_links":{"self":[{"href":"https:\/\/www.europesays.com\/es\/wp-json\/wp\/v2\/posts\/284715","targetHints":{"allow":["GET"]}}],"collection":[{"href":"https:\/\/www.europesays.com\/es\/wp-json\/wp\/v2\/posts"}],"about":[{"href":"https:\/\/www.europesays.com\/es\/wp-json\/wp\/v2\/types\/post"}],"author":[{"embeddable":true,"href":"https:\/\/www.europesays.com\/es\/wp-json\/wp\/v2\/users\/2"}],"replies":[{"embeddable":true,"href":"https:\/\/www.europesays.com\/es\/wp-json\/wp\/v2\/comments?post=284715"}],"version-history":[{"count":0,"href":"https:\/\/www.europesays.com\/es\/wp-json\/wp\/v2\/posts\/284715\/revisions"}],"wp:featuredmedia":[{"embeddable":true,"href":"https:\/\/www.europesays.com\/es\/wp-json\/wp\/v2\/media\/284716"}],"wp:attachment":[{"href":"https:\/\/www.europesays.com\/es\/wp-json\/wp\/v2\/media?parent=284715"}],"wp:term":[{"taxonomy":"category","embeddable":true,"href":"https:\/\/www.europesays.com\/es\/wp-json\/wp\/v2\/categories?post=284715"},{"taxonomy":"post_tag","embeddable":true,"href":"https:\/\/www.europesays.com\/es\/wp-json\/wp\/v2\/tags?post=284715"}],"curies":[{"name":"wp","href":"https:\/\/api.w.org\/{rel}","templated":true}]}}