{"id":284719,"date":"2025-12-12T14:26:26","date_gmt":"2025-12-12T14:26:26","guid":{"rendered":"https:\/\/www.europesays.com\/es\/284719\/"},"modified":"2025-12-12T14:26:26","modified_gmt":"2025-12-12T14:26:26","slug":"miley-cyrus-presume-anillo-de-compromiso-con-oferta-de-black-friday-grupo-milenio","status":"publish","type":"post","link":"https:\/\/www.europesays.com\/es\/284719\/","title":{"rendered":"Miley Cyrus presume anillo de compromiso con oferta de Black Friday- Grupo Milenio"},"content":{"rendered":"<p>\t\t\t\t\t\t\t\t\t\t\tAndrick Prado P\u00e9rez<\/p>\n<p>\n\t\t\t\t\tCiudad de M\u00e9xico \/ 08.12.2025 11:37:00<\/p>\n<p><a href=\"https:\/\/www.milenio.com\/espectaculos\/famosos\/miley-cyrus-y-maxx-morando-se-comprometen-asi-es-anillo-de-compromiso\" title=\"Miley Cyrus se compromete con Maxx Morando tras cuatro a\u00f1os de relaci\u00f3n.\" target=\"_blank\" rel=\"nofollow noopener\">Miley Cyrus<\/a> volvi\u00f3 a robarse los reflectores durante una reciente aparici\u00f3n televisiva, demostrando una vez m\u00e1s <strong>que su carisma y sentido del humor son tan contundentes como su talento<\/strong>. La cantante, que ha atravesado un a\u00f1o lleno de proyectos, m\u00fasica y apariciones p\u00fablicas, sorprendi\u00f3 al p\u00fablico <strong>con un detalle que r\u00e1pidamente se convirti\u00f3 en tema de conversaci\u00f3n en redes sociales<\/strong>.<\/p>\n<p>Entre risas, complicidad con la audiencia y su sello inconfundible de espontaneidad, Miley dej\u00f3 ver su anillo de compromiso que nadie pas\u00f3 por alto y <strong>lo acompa\u00f1\u00f3 con una broma inesperada que termin\u00f3 por encender a\u00fan m\u00e1s el inter\u00e9s de los fans<\/strong>.<\/p>\n<p>\t\t<img decoding=\"async\" class=\"nd-media-detail-caption__img\" alt=\"&quot;Fui la primera persona que fue cancelada&quot;, confes\u00f3 Miley Cyrus al reflexionar sobre la brutal cr\u00edtica que enfrent\u00f3 al dejar a Hannah Montana.\" data-camus-image=\"\" data-camus-toolbar-image-position=\"topleft\" loading=\"lazy\" src=\"https:\/\/images.milenio.com\/xqeQjAVrlcl1v1fqOj55EjnYAeY=\/375x0\/uploads\/media\/2025\/10\/02\/persona-cancelada-confeso-miley-cyrus.jpg\" height=\"212\" width=\"375\" onerror=\"this.onerror=null;this.src=\\'\/bundles\/appcamusassets\/dist\/images\/logo-Milenio-2.jpg\\'\"\/><\/p>\n<p>  \t\u00abFui la primera persona que fue cancelada\u00bb, confes\u00f3 Miley Cyrus al reflexionar sobre la brutal cr\u00edtica que enfrent\u00f3 al dejar a Hannah Montana.<\/p>\n<p>  \t  \t<img decoding=\"async\" alt=\"filter-toggle\" class=\"nd-media-detail-caption__icon__icon\" src=\"https:\/\/www.milenio.com\/bundles\/appcamusassets\/dist\/images\/svg\/expand-solid.svg\" width=\"15\" height=\"15\" onerror=\"this.onerror=null;this.src=\\'\/bundles\/appcamusassets\/dist\/images\/logo-Milenio-2.jpg\\'\" loading=\"lazy\"\/><br \/>\n  \t  ampliar<\/p>\n<p>Miley Cyrus y Maxx Morando: una relaci\u00f3n que sigue creciendo<\/p>\n<p>Durante una aparici\u00f3n en el programa <strong>Jimmy Kimmel Live<\/strong>, Cyrus habl\u00f3 con naturalidad sobre su relaci\u00f3n con Maxx Morando, m\u00fasico <strong>con quien ha compartido una historia sentimental s\u00f3lida desde hace varios a\u00f1os<\/strong>.<\/p>\n<p>La int\u00e9rprete de \u00abFlowers\u00bb luci\u00f3 radiante mientras mostraba la joya que sell\u00f3 oficialmente su compromiso, <strong>gesto que de inmediato gener\u00f3 conversaci\u00f3n en medios y redes<\/strong>. La pareja, que se ha mantenido relativamente discreta, <strong>contin\u00faa dando pasos importantes en su vida personal<\/strong>.<\/p>\n<p>El anillo que llam\u00f3 la atenci\u00f3n de todos<\/p>\n<p>El anillo, dise\u00f1ado por la reconocida joyera Jacquie Aiche, cuenta con un diamante cushion-cut montado <strong>sobre una gruesa banda de oro de 14 quilates<\/strong>. Su distintivo tama\u00f1o y brillo <strong>lo convirtieron en el protagonista de la noche<\/strong>. Expertos han estimado que podr\u00eda tener entre 4 y 5 quilates, <strong>con un valor de casi 450 mil d\u00f3lares<\/strong>.<\/p>\n<p>El dise\u00f1o elegante pero llamativo encaja perfectamente con el estilo de Miley, <strong>quien lo luci\u00f3 con orgullo ante las c\u00e1maras<\/strong>.<\/p>\n<p>\t\t<img decoding=\"async\" class=\"nd-media-detail-caption__img\" alt=\"Miley Cyrus no pod\u00eda cantar canciones de Hannah Montana\" data-camus-image=\"\" data-camus-toolbar-image-position=\"topleft\" loading=\"lazy\" src=\"https:\/\/images.milenio.com\/6_dwLv5g_dBCGC9NNAqNWFWYFkM=\/375x0\/uploads\/media\/2025\/06\/07\/miley-cyrus-podia-cantar-canciones.jpg\" height=\"212\" width=\"375\" onerror=\"this.onerror=null;this.src=\\'\/bundles\/appcamusassets\/dist\/images\/logo-Milenio-2.jpg\\'\"\/><\/p>\n<p>  \tMiley Cyrus no pod\u00eda cantar canciones de Hannah Montana<\/p>\n<p>  \t  \t<img decoding=\"async\" alt=\"filter-toggle\" class=\"nd-media-detail-caption__icon__icon\" src=\"https:\/\/www.milenio.com\/bundles\/appcamusassets\/dist\/images\/svg\/expand-solid.svg\" width=\"15\" height=\"15\" onerror=\"this.onerror=null;this.src=\\'\/bundles\/appcamusassets\/dist\/images\/logo-Milenio-2.jpg\\'\" loading=\"lazy\"\/><br \/>\n  \t  ampliar<\/p>\n<p>La viral broma de Miley sobre su anillo de compromiso<\/p>\n<p>Mientras charlaba con Jimmy Kimmel, el presentador la felicit\u00f3 por su compromiso y al preguntarle si el anillo hab\u00eda sido un regalo anticipado de fin de a\u00f1o, Miley solt\u00f3 una carcajada y respondi\u00f3 con su caracter\u00edstico humor, <strong>que ese anillo fue producto del famoso Black Friday que se hace all\u00e1 en Estados Unidos<\/strong>.<\/p>\n<p>Aunque inmediatamente aclar\u00f3 que estaba bromeando, la frase se volvi\u00f3 viral y <strong>dej\u00f3 ver la din\u00e1mica divertida que mantiene con Morando<\/strong>. Con ese comentario, Cyrus reafirm\u00f3 que sigue siendo una de las artistas m\u00e1s aut\u00e9nticas del entretenimiento, elegante, <strong>sincera y siempre dispuesta a re\u00edrse de s\u00ed misma<\/strong>.<\/p>\n<blockquote><p>\u00abEsta fue una oferta del Viernes Negro, cari\u00f1o\u00bb. Dijo Miley entre risas\u00a0<\/p><\/blockquote>\n<blockquote><p>\u00abEn realidad no lo fue, pero era inteligente en ese sentido\u00bb, aclar\u00f3, antes de agregar: \u00abPodr\u00eda haberlo sido. No estoy segura. Mejor que no lo haya sido\u00bb. Declar\u00f3 Miley<\/p><\/blockquote>\n<p>\t\t<img decoding=\"async\" class=\"nd-media-detail-caption__img\" alt=\"Miley Cyrus revela que tuvo una fuerte infecci\u00f3n\" data-camus-image=\"\" data-camus-toolbar-image-position=\"topleft\" loading=\"lazy\" src=\"https:\/\/images.milenio.com\/sgNIEeSYsJ9F356LJqSQHziOd8M=\/375x0\/uploads\/media\/2025\/05\/26\/miley-cyrus-revela-fuerte-infeccion.jpg\" height=\"212\" width=\"375\" onerror=\"this.onerror=null;this.src=\\'\/bundles\/appcamusassets\/dist\/images\/logo-Milenio-2.jpg\\'\"\/><\/p>\n<p>  \tMiley Cyrus revela que tuvo una fuerte infecci\u00f3n | ESPECIAL<\/p>\n<p>  \t  \t<img decoding=\"async\" alt=\"filter-toggle\" class=\"nd-media-detail-caption__icon__icon\" src=\"https:\/\/www.milenio.com\/bundles\/appcamusassets\/dist\/images\/svg\/expand-solid.svg\" width=\"15\" height=\"15\" onerror=\"this.onerror=null;this.src=\\'\/bundles\/appcamusassets\/dist\/images\/logo-Milenio-2.jpg\\'\" loading=\"lazy\"\/><br \/>\n  \t  ampliar<\/p>\n<p><strong style=\"color: rgb(192, 80, 77);\">\u00bfQui\u00e9n es Maxx Morando?<\/strong><\/p>\n<p>Maxx Morando es un m\u00fasico, baterista, compositor y <strong>productor nacido en Los \u00c1ngeles en 1998, con ascendencia peruana<\/strong>. Fue baterista de la banda The Regrettes entre 2015 y 2018, <strong>y actualmente es miembro del proyecto de rock alternativo Liily<\/strong>.<\/p>\n<p>Morando tambi\u00e9n ha coescrito y producido m\u00fasica en el \u00e1lbum de Miley Cyrus de 2023, Endless Summer Vacation, <strong>y en su reciente \u00e1lbum Something Beautiful<\/strong>.\u00a0<\/p>\n<p>La pareja, que comenz\u00f3 su relaci\u00f3n en 2021 tras una cita a ciegas, se ha comprometido y <strong>Morando se caracteriza por su bajo perfil y por evitar el foco medi\u00e1tico<\/strong>.<\/p>\n<p>    \t<img decoding=\"async\" alt=\"__icon\" class=\"nd-related-news-detail-media-dual__icon\" src=\"https:\/\/www.milenio.com\/bundles\/appcamusassets\/dist\/images\/svg\/arrow-circle-right-solid.svg\" width=\"15\" height=\"15\" onerror=\"this.onerror=null;this.src=\\'\/bundles\/appcamusassets\/dist\/images\/logo-Milenio-2.jpg\\'\" loading=\"lazy\"\/><br \/>\n    Te recomendamos<\/p>\n<p>APP<\/p>\n","protected":false},"excerpt":{"rendered":"Andrick Prado P\u00e9rez Ciudad de M\u00e9xico \/ 08.12.2025 11:37:00 Miley Cyrus volvi\u00f3 a robarse los reflectores durante una&hellip;\n","protected":false},"author":2,"featured_media":284720,"comment_status":"","ping_status":"","sticky":false,"template":"","format":"standard","meta":{"footnotes":""},"categories":[170],"tags":[68726,146,147,25,24,68728,2841,184,185,68727,68729,23,68730],"class_list":{"0":"post-284719","1":"post","2":"type-post","3":"status-publish","4":"format-standard","5":"has-post-thumbnail","7":"category-musica","8":"tag-anillo-de-miley-cyrus","9":"tag-entertainment","10":"tag-entretenimiento","11":"tag-es","12":"tag-espana","13":"tag-maxx-morando","14":"tag-miley-cyrus","15":"tag-music","16":"tag-musica","17":"tag-prometido-de-miley-cyrus","18":"tag-quien-es-el-prometido-de-miley-cyrus","19":"tag-spain","20":"tag-viernes-negro"},"share_on_mastodon":{"url":"https:\/\/pubeurope.com\/@es\/115707064791426928","error":""},"_links":{"self":[{"href":"https:\/\/www.europesays.com\/es\/wp-json\/wp\/v2\/posts\/284719","targetHints":{"allow":["GET"]}}],"collection":[{"href":"https:\/\/www.europesays.com\/es\/wp-json\/wp\/v2\/posts"}],"about":[{"href":"https:\/\/www.europesays.com\/es\/wp-json\/wp\/v2\/types\/post"}],"author":[{"embeddable":true,"href":"https:\/\/www.europesays.com\/es\/wp-json\/wp\/v2\/users\/2"}],"replies":[{"embeddable":true,"href":"https:\/\/www.europesays.com\/es\/wp-json\/wp\/v2\/comments?post=284719"}],"version-history":[{"count":0,"href":"https:\/\/www.europesays.com\/es\/wp-json\/wp\/v2\/posts\/284719\/revisions"}],"wp:featuredmedia":[{"embeddable":true,"href":"https:\/\/www.europesays.com\/es\/wp-json\/wp\/v2\/media\/284720"}],"wp:attachment":[{"href":"https:\/\/www.europesays.com\/es\/wp-json\/wp\/v2\/media?parent=284719"}],"wp:term":[{"taxonomy":"category","embeddable":true,"href":"https:\/\/www.europesays.com\/es\/wp-json\/wp\/v2\/categories?post=284719"},{"taxonomy":"post_tag","embeddable":true,"href":"https:\/\/www.europesays.com\/es\/wp-json\/wp\/v2\/tags?post=284719"}],"curies":[{"name":"wp","href":"https:\/\/api.w.org\/{rel}","templated":true}]}}