{"id":284721,"date":"2025-12-12T14:27:12","date_gmt":"2025-12-12T14:27:12","guid":{"rendered":"https:\/\/www.europesays.com\/es\/284721\/"},"modified":"2025-12-12T14:27:12","modified_gmt":"2025-12-12T14:27:12","slug":"jennifer-lawrence-y-josh-hutcherson-regresan-a-los-juegos-del-hambre-en-la-nueva-y-esperada-pelicula","status":"publish","type":"post","link":"https:\/\/www.europesays.com\/es\/284721\/","title":{"rendered":"Jennifer Lawrence y Josh Hutcherson regresan a &#8216;Los Juegos del Hambre&#8217; en la nueva y esperada pel\u00edcula"},"content":{"rendered":"<p id=\"e90Ws0HHxdR\" data-wc=\"50\">\u00a1Vuelven! Los fans de una de las mayores ficciones dist\u00f3picas estar\u00e1n de suerte. El t\u00e1ndem formado por los protagonistas de la saga\u00a0<a class=\"hm-link ho-link\" href=\"https:\/\/www.hola.com\/actualidad\/20200421166256\/juegos-hambre-precuela-oficial-gt\/\" data-mrf-recirculation=\"article-body-link\" rel=\"nofollow noopener\" target=\"_blank\">Los Juegos del Hambre<\/a>, <a class=\"hm-link ho-link\" href=\"https:\/\/www.hola.com\/tags\/jennifer-lawrence\/\" data-mrf-recirculation=\"article-body-link\" rel=\"nofollow noopener\" target=\"_blank\">Jennifer Lawrence<\/a> y <a class=\"hm-link ho-link\" href=\"https:\/\/www.hola.com\/actualidad\/20250328822980\/josh-hutcherson-claudia-traisac-cd-leganes\/\" data-mrf-recirculation=\"article-body-link\" rel=\"nofollow noopener\" target=\"_blank\">Josh Hutcherson<\/a> \u2014o, mejor dicho, Katniss Everdeen y Peeta Mellark\u2014, tendr\u00e1 una aparici\u00f3n en la nueva entrega, <strong>Amanecer en la cosecha<\/strong>.<\/p>\n<p> <img src=\"https:\/\/www.europesays.com\/es\/wp-content\/uploads\/2025\/12\/4d57bbe58125-hhhhh.png\"   width=\"956\" height=\"1024\" loading=\"lazy\" decoding=\"async\" alt=\"Nuevo protagonista \" fetchpriority=\"auto\" class=\"image ho-image\"\/>\u00a9 thehungergamesEl nuevo protagonista<\/p>\n<p id=\"eiJI7V82jG8\" data-wc=\"137\">La nueva producci\u00f3n est\u00e1 inspirada en la obra de Suzanne Collins. La pel\u00edcula, que enlaza Los Juegos del Hambre, En llamas, Sinsajo. Parte 1 y Sinsajo. Parte 2, podr\u00e1 verse en la gran pantalla a finales del pr\u00f3ximo a\u00f1o, tal y como ha anunciado la cuenta oficial de la saga a sus dos millones de seguidores: \u201cQue comiencen los 50.\u00ba Juegos del Hambre. <strong>Amanecer en la cosecha<\/strong><strong>\u00a0llegar\u00e1 a los cines\u00a0<\/strong><strong>el 20 de noviembre de 2026\u201d.<\/strong> Un estreno ante el que muchos de sus fans ya se muestran impacientes: \u201cUn a\u00f1o adelantado y ya estoy sentado en el cine. Esperar\u00e9\u201d, \u201cComprando todos los asientos del cine para ver esto\u201d o \u201cTodos ustedes tienen un a\u00f1o para prepararse emocionalmente\u201d son solo algunos de los comentarios que no se han hecho esperar entre los admiradores de la ficci\u00f3n.<\/p>\n<p id=\"eEyzEmBChhx\" data-wc=\"89\">En las nuevas aventuras del film nos encontramos en la selecci\u00f3n de los <strong>50.\u00ba Juegos del Hambre<\/strong> y, en esta ocasi\u00f3n, ser\u00e1 <strong>Haymitch Abernathy<\/strong> <strong>el protagonista de la trama<\/strong>. Recordemos que Haymitch fue mentor del Distrito 12 en las pel\u00edculas anteriores. Ahora ser\u00e1 \u00e9l \u2014o, mejor dicho, su personaje de joven\u2014 quien mantenga al espectador sin respiraci\u00f3n durante una de las ediciones m\u00e1s duras de los Juegos. <strong>La historia se sit\u00faa 20 a\u00f1os antes de que Katniss Everdeen se ofreciera voluntaria y dejara en jaque al sistema de Panem.<\/strong><\/p>\n<p> <img src=\"https:\/\/www.europesays.com\/es\/wp-content\/uploads\/2025\/12\/b734685cf956-fffffff.jpg\"   width=\"819\" height=\"1024\" loading=\"lazy\" decoding=\"async\" alt=\"Estreno en noviembre de 2026\" fetchpriority=\"auto\" class=\"image ho-image\"\/>\u00a9 thehungergamesEstreno en noviembre de 2026<\/p>\n<p id=\"ezFw9BtiMRH\" data-wc=\"79\">En esta ocasi\u00f3n, y teniendo en cuenta que lo veremos cuando era joven, su papel no lo interpretar\u00e1 el m\u00edtico Woody Harrelson. En esta nueva aventura ser\u00e1 <strong>Joseph Zada<\/strong> \u2014a quien ya hemos visto en\u00a0\u00c9ramos mentiroso o Invisible Boys\u2014 <strong>quien se ponga en la piel del protagonista.<\/strong> As\u00ed podremos ver c\u00f3mo Haymitch, que recordemos fue el ganador en su edici\u00f3n, desaf\u00eda al Capitolio y se desenvuelve en una de las competiciones m\u00e1s duras de los Juegos del Hambre.<\/p>\n<p>Un reparto renovado<\/p>\n<p id=\"eC0bSUbR35i\" data-wc=\"57\">Adem\u00e1s de los ic\u00f3nicos Jennifer Lawrence y Josh Hutcherson, la pel\u00edcula contar\u00e1 con un elenco de altura en el que podremos ver a <strong>Jesse Plemons<\/strong> y <strong>Ralph Fiennes<\/strong>, adem\u00e1s de <strong>Kelvin Harrison Jr<\/strong><strong>.<\/strong> y <strong>Kieran Culkin<\/strong>. A la lista se suman tambi\u00e9n <strong>Glenn Close<\/strong>, <strong>Mckenna Grace, Maya Hawke<\/strong> y <strong>Whitney Peak<\/strong>, junto al ya mencionado Joseph Zada.<\/p>\n<p> <img src=\"https:\/\/www.europesays.com\/es\/wp-content\/uploads\/2025\/11\/4e0bba0748f7-gettyimages-2244890913.jpg\"   width=\"673\" height=\"1024\" loading=\"lazy\" decoding=\"async\" alt=\"Jennifer Lawrence\" fetchpriority=\"auto\" class=\"image ho-image\"\/>\u00a9 Getty ImagesJennifer Lawrence<\/p>\n","protected":false},"excerpt":{"rendered":"\u00a1Vuelven! Los fans de una de las mayores ficciones dist\u00f3picas estar\u00e1n de suerte. El t\u00e1ndem formado por los&hellip;\n","protected":false},"author":2,"featured_media":284722,"comment_status":"","ping_status":"","sticky":false,"template":"","format":"standard","meta":{"footnotes":""},"categories":[169],"tags":[517,177,146,147,25,24,176,22405,175,753,23,807],"class_list":{"0":"post-284721","1":"post","2":"type-post","3":"status-publish","4":"format-standard","5":"has-post-thumbnail","7":"category-cine","8":"tag-actualidad","9":"tag-cine","10":"tag-entertainment","11":"tag-entretenimiento","12":"tag-es","13":"tag-espana","14":"tag-film","15":"tag-jennifer-lawrence","16":"tag-movies","17":"tag-peliculas","18":"tag-spain","19":"tag-television"},"share_on_mastodon":{"url":"https:\/\/pubeurope.com\/@es\/115707068181762067","error":""},"_links":{"self":[{"href":"https:\/\/www.europesays.com\/es\/wp-json\/wp\/v2\/posts\/284721","targetHints":{"allow":["GET"]}}],"collection":[{"href":"https:\/\/www.europesays.com\/es\/wp-json\/wp\/v2\/posts"}],"about":[{"href":"https:\/\/www.europesays.com\/es\/wp-json\/wp\/v2\/types\/post"}],"author":[{"embeddable":true,"href":"https:\/\/www.europesays.com\/es\/wp-json\/wp\/v2\/users\/2"}],"replies":[{"embeddable":true,"href":"https:\/\/www.europesays.com\/es\/wp-json\/wp\/v2\/comments?post=284721"}],"version-history":[{"count":0,"href":"https:\/\/www.europesays.com\/es\/wp-json\/wp\/v2\/posts\/284721\/revisions"}],"wp:featuredmedia":[{"embeddable":true,"href":"https:\/\/www.europesays.com\/es\/wp-json\/wp\/v2\/media\/284722"}],"wp:attachment":[{"href":"https:\/\/www.europesays.com\/es\/wp-json\/wp\/v2\/media?parent=284721"}],"wp:term":[{"taxonomy":"category","embeddable":true,"href":"https:\/\/www.europesays.com\/es\/wp-json\/wp\/v2\/categories?post=284721"},{"taxonomy":"post_tag","embeddable":true,"href":"https:\/\/www.europesays.com\/es\/wp-json\/wp\/v2\/tags?post=284721"}],"curies":[{"name":"wp","href":"https:\/\/api.w.org\/{rel}","templated":true}]}}