{"id":284723,"date":"2025-12-12T14:28:11","date_gmt":"2025-12-12T14:28:11","guid":{"rendered":"https:\/\/www.europesays.com\/es\/284723\/"},"modified":"2025-12-12T14:28:11","modified_gmt":"2025-12-12T14:28:11","slug":"el-parte-de-xabiocho-bajas-confirmadas-rudiger-camavinga-y-mbappe-dudas-y-huijsen-apura","status":"publish","type":"post","link":"https:\/\/www.europesays.com\/es\/284723\/","title":{"rendered":"El parte de Xabi:ocho bajas confirmadas, R\u00fcdiger, Camavinga y Mbapp\u00e9 dudas y Huijsen apura"},"content":{"rendered":"<p class=\"mb-4 text-lg md:leading-8 break-words\">Madrid, 12 dic (EFE).- Xabi Alonso comenz\u00f3 este viernes, tras un d\u00eda sin entrenamiento despu\u00e9s de perder ante el Manchester City (1-2), a preparar la visita del domingo al Alav\u00e9s en Liga (21:00 horas CET, -1 GMT) en un partido para el que el t\u00e9cnico cuenta con una extensa lista de bajas, hasta ocho, con Antonio R\u00fcdiger, Eduardo Camavinga y Kylian Mbapp\u00e9 como dudas serias con su presencia y a un Dean Huijsen que avanza para volver.<\/p>\n<p class=\"mb-4 text-lg md:leading-8 break-words\">Carvajal, Militao, Mendy, Trent y Alaba (lesionados), Carreras, Endrick y Fran Garc\u00eda (sancionados) no podr\u00e1n formar parte de la convocatoria de Xabi Alonso para un partido en el que, este viernes, solo cuenta con un defensa 100% sano de la primera plantilla: Ra\u00fal Asencio.<\/p>\n<p class=\"mb-4 text-lg md:leading-8 break-words\">R\u00fcdiger, quien jug\u00f3 contra el Manchester City y se le esperaba en Vitoria, trabaj\u00f3 en el gimnasio debido a unas fuertes molestias en la pierna izquierda, que ya sufr\u00eda el mi\u00e9rcoles y que le hicieron forzar para poder estar en \u2018Champions\u2019.<\/p>\n<p class=\"mb-4 text-lg md:leading-8 break-words\">Por su parte, Xabi podr\u00eda recibir una buena noticia en forma de recuperaci\u00f3n, con un Dean Huijsen que parece ha superado una sobrecarga muscular que le ha hecho perderse los \u00faltimos cinco partidos. El central entren\u00f3 con el grupo y, si se cumple el plan previsto, repetir\u00e1 presencia sobre el c\u00e9sped el s\u00e1bado y estar\u00e1 ante el Alav\u00e9s.<\/p>\n<p class=\"mb-4 text-lg md:leading-8 break-words\">Por otro lado, en el centro del campo Xabi no parece poder contar con la vuelta de Eduardo Camavinga. El franc\u00e9s a\u00fan no est\u00e1 recuperado del esguince de tobillo que sufri\u00f3 ante el Athletic Club.<\/p>\n<p class=\"mb-4 text-lg md:leading-8 break-words\">Mientras, Fede Valverde no particip\u00f3 con el resto de sus compa\u00f1eros en el entrenamiento como medida de precauci\u00f3n por una sobrecarga en el aductor de la pierna derecha. El plan con el uruguayo es que limite esfuerzos, ya que el jugador quiere estar en el c\u00e9sped de Vitoria.<\/p>\n<p class=\"mb-4 text-lg md:leading-8 break-words\">Por su parte, seg\u00fan informaron a EFE fuentes del club, Mbapp\u00e9 no entren\u00f3 sobre el c\u00e9sped este viernes en el primer entrenamiento del Real Madrid para preparar la visita al Alav\u00e9s. Llev\u00f3 a cabo trabajo espec\u00edfico y su presencia o no en Vitoria la marcar\u00e1 c\u00f3mo evolucionen sus sensaciones en la rodilla izquierda, que cuidan con mimo para no asumir ning\u00fan riesgo mayor.<\/p>\n<p class=\"mb-4 text-lg md:leading-8 break-words\">Un Mbapp\u00e9 que est\u00e1 siendo capital esta temporada para el Real Madrid, al sumar 25 goles de los 45 que han anotado los de Xabi Alonso en el presente curso.<\/p>\n<p class=\"mb-4 text-lg md:leading-8 break-words\">(c) Agencia EFE<\/p>\n","protected":false},"excerpt":{"rendered":"Madrid, 12 dic (EFE).- Xabi Alonso comenz\u00f3 este viernes, tras un d\u00eda sin entrenamiento despu\u00e9s de perder ante&hellip;\n","protected":false},"author":2,"featured_media":284724,"comment_status":"","ping_status":"","sticky":false,"template":"","format":"standard","meta":{"footnotes":""},"categories":[93],"tags":[1334,20591,33709,168,24020,995,25,68731,24,26326,8040,2013,23,167,10344],"class_list":{"0":"post-284723","1":"post","2":"type-post","3":"status-publish","4":"format-standard","5":"has-post-thumbnail","7":"category-deportes","8":"tag-alaves","9":"tag-antonio-rudiger","10":"tag-dean-huijsen","11":"tag-deportes","12":"tag-eduardo-camavinga","13":"tag-efe","14":"tag-es","15":"tag-esguince-de-tobillo","16":"tag-espana","17":"tag-fran-garcia","18":"tag-kylian-mbappe","19":"tag-manchester-city","20":"tag-spain","21":"tag-sports","22":"tag-xabi-alonso"},"share_on_mastodon":{"url":"https:\/\/pubeurope.com\/@es\/115707072032323355","error":""},"_links":{"self":[{"href":"https:\/\/www.europesays.com\/es\/wp-json\/wp\/v2\/posts\/284723","targetHints":{"allow":["GET"]}}],"collection":[{"href":"https:\/\/www.europesays.com\/es\/wp-json\/wp\/v2\/posts"}],"about":[{"href":"https:\/\/www.europesays.com\/es\/wp-json\/wp\/v2\/types\/post"}],"author":[{"embeddable":true,"href":"https:\/\/www.europesays.com\/es\/wp-json\/wp\/v2\/users\/2"}],"replies":[{"embeddable":true,"href":"https:\/\/www.europesays.com\/es\/wp-json\/wp\/v2\/comments?post=284723"}],"version-history":[{"count":0,"href":"https:\/\/www.europesays.com\/es\/wp-json\/wp\/v2\/posts\/284723\/revisions"}],"wp:featuredmedia":[{"embeddable":true,"href":"https:\/\/www.europesays.com\/es\/wp-json\/wp\/v2\/media\/284724"}],"wp:attachment":[{"href":"https:\/\/www.europesays.com\/es\/wp-json\/wp\/v2\/media?parent=284723"}],"wp:term":[{"taxonomy":"category","embeddable":true,"href":"https:\/\/www.europesays.com\/es\/wp-json\/wp\/v2\/categories?post=284723"},{"taxonomy":"post_tag","embeddable":true,"href":"https:\/\/www.europesays.com\/es\/wp-json\/wp\/v2\/tags?post=284723"}],"curies":[{"name":"wp","href":"https:\/\/api.w.org\/{rel}","templated":true}]}}