{"id":284747,"date":"2025-12-12T14:45:09","date_gmt":"2025-12-12T14:45:09","guid":{"rendered":"https:\/\/www.europesays.com\/es\/284747\/"},"modified":"2025-12-12T14:45:09","modified_gmt":"2025-12-12T14:45:09","slug":"shakira-tengo-una-herida-que-quiza-nunca-se-cure-pero-despues-de-la-tormenta-soy-mas-fuerte-y-feliz-me-arrepiento-de-haber-escrito-cambiaste-un-ferrari-por-un-tw","status":"publish","type":"post","link":"https:\/\/www.europesays.com\/es\/284747\/","title":{"rendered":"Shakira: \u201cTengo una herida que quiz\u00e1 nunca se cure, pero despu\u00e9s de la tormenta, soy m\u00e1s fuerte y feliz (\u2026) \u00bfMe arrepiento de haber escrito \u2018Cambiaste un Ferrari por un Twingo\u2019? No, es uno de mis versos m\u00e1s logrados\u201d"},"content":{"rendered":"<p><strong>\u00bfEsta gira le ha hecho entender muchas cosas?<\/strong><br \/>Como cualquier ser humano, he sufrido p\u00e9rdidas, decepciones, tristeza, traiciones y situaciones realmente amargas. Pero he aprendido a estar agradecida por lo que tengo, en lugar de desear lo que me falta. Soy bastante ambiciosa y siempre quiero m\u00e1s. Es la naturaleza humana. Todos queremos m\u00e1s. Tenemos un coche, pero queremos uno mejor; tenemos una casa, pero queremos una m\u00e1s grande. Nunca estamos satisfechos.<\/p>\n<p><strong>\u00bfY ahora qu\u00e9?<\/strong><br \/>Siento que tengo ya mucho: el amor de mis hijos, el amor de mis fans y el hecho de estar de gira todas las noches haciendo lo que m\u00e1s me gusta en el escenario. Quiero disfrutar de este momento hasta la \u00faltima gota, porque he aprendido. Y, s\u00ed, siento que estos conciertos me han dado una nueva perspectiva de la vida.<\/p>\n<p><strong>\u00a1Por supuesto!<\/strong><br \/>Creo que me han mimado mucho. Dec\u00eda cosas como: \u201cQuiero esto, quiero aquello\u201d. Pero la vida me ha dado algunas lecciones. A veces no consigues lo que quieres, pero puedes conseguir lo que necesitas. \u00bfC\u00f3mo dec\u00edan los Rolling Stones en esa canci\u00f3n? You can\u2019t always get what you want. Lo escribi\u00f3 un hombre muy sabio. Y eso es exactamente lo que estoy consiguiendo: lo que necesito.<\/p>\n<p><strong>\u00bfY qu\u00e9 necesita?<\/strong><br \/>Perspectiva y claridad sobre las cosas importantes de la vida. Creo que esta es mi misi\u00f3n: ser cantante, artista, crear m\u00fasica, conectar con la gente y estar en el escenario cada noche. A pesar de los muchos obst\u00e1culos que he tenido en esta gira. Ha habido momentos muy duros. Es un espect\u00e1culo muy ambicioso, una producci\u00f3n gigantesca, la mayor de toda mi vida. As\u00ed que, obviamente, he tenido que afrontar muchos retos, pero he aprendido tanto, que he adquirido una visi\u00f3n y una lucidez mental que no ten\u00eda hace unos a\u00f1os.<\/p>\n<p><strong>Spotify ha celebrado recientemente dos hitos importantes en su trayectoria musical: los 30 a\u00f1os de Pies Descalzos y los 20 de Oral Fixation. Echando la vista atr\u00e1s a todos estos a\u00f1os y las incre\u00edbles cifras que sigue generando, \u00bfqu\u00e9 es lo que m\u00e1s le sorprende?<\/strong><br \/>El factor multigeneracional que siento hoy. Veo a muchos j\u00f3venes escuchar mi m\u00fasica m\u00e1s reciente, pero tambi\u00e9n profundizar en mi cat\u00e1logo y descubrir canciones que salieron hace mucho tiempo. Ver a los j\u00f3venes identificarse tanto con las canciones de ayer como con las de hoy y ver a sus padres y a los padres de sus padres, me hace sentir como un dinosaurio. Veo tres generaciones diferentes en mis conciertos: madres, padres, hijos y, a veces, hasta los abuelos. Soy un poco como una pel\u00edcula de Disney. [Risas]<\/p>\n<p><strong>Ha participado dos veces en el Festival de San Remo. \u00bfLe han vuelto a invitar este a\u00f1o teniendo en cuenta todas las celebraciones que le rodean?<\/strong><br \/>Oh, me encantar\u00eda volver a San Remo, pero ahora es pr\u00e1cticamente imposible con la agenda que tenemos: es una locura. No me preguntes de d\u00f3nde saco toda esta energ\u00eda, pero tengo mucha. Mi asistente se r\u00ede porque ella no firm\u00f3 para esto. Estar\u00e1 pensando: \u201c\u00bfQu\u00e9 me est\u00e1s contando?\u201d Pero me gustar\u00eda volver al festival, tal vez despu\u00e9s de la gira. Pero antes tengo una cita muy importante con el p\u00fablico italiano: mi espect\u00e1culo.<\/p>\n<p>\u00abVeo tres generaciones diferentes en mis conciertos: madres, padres, hijos y, a veces, hasta los abuelos. Soy un poco como una pel\u00edcula de Disney\u00bb<\/p>\n<p><strong>Habla de ello con mucho entusiasmo.<\/strong><br \/>Cuando creces como artista y sue\u00f1as con la posibilidad de tener un espect\u00e1culo con una pantalla de cien metros de largo, una producci\u00f3n de este tipo, fuegos artificiales, elevadores que suben y bajan&#8230; Todo lo que so\u00f1aba a los 18 a\u00f1os o cuando lanc\u00e9 Laundry Service est\u00e1 ocurriendo ahora. Es el espect\u00e1culo de mis sue\u00f1os. He estado trabajado en \u00e9l un a\u00f1o entero. M\u00fasica original solo para el espect\u00e1culo, para los interludios, im\u00e1genes generadas por ordenador y trece cambios de vestuario&#8230;<\/p>\n","protected":false},"excerpt":{"rendered":"\u00bfEsta gira le ha hecho entender muchas cosas?Como cualquier ser humano, he sufrido p\u00e9rdidas, decepciones, tristeza, traiciones y&hellip;\n","protected":false},"author":2,"featured_media":284748,"comment_status":"","ping_status":"","sticky":false,"template":"","format":"standard","meta":{"footnotes":""},"categories":[174],"tags":[255,146,147,2958,25,24,256,50559,185,58777,12504,23],"class_list":{"0":"post-284747","1":"post","2":"type-post","3":"status-publish","4":"format-standard","5":"has-post-thumbnail","7":"category-famosos","8":"tag-celebrities","9":"tag-entertainment","10":"tag-entretenimiento","11":"tag-entrevistas","12":"tag-es","13":"tag-espana","14":"tag-famosos","15":"tag-gerard-pique","16":"tag-musica","17":"tag-portada-digital","18":"tag-shakira","19":"tag-spain"},"share_on_mastodon":{"url":"https:\/\/pubeurope.com\/@es\/115707138968594873","error":""},"_links":{"self":[{"href":"https:\/\/www.europesays.com\/es\/wp-json\/wp\/v2\/posts\/284747","targetHints":{"allow":["GET"]}}],"collection":[{"href":"https:\/\/www.europesays.com\/es\/wp-json\/wp\/v2\/posts"}],"about":[{"href":"https:\/\/www.europesays.com\/es\/wp-json\/wp\/v2\/types\/post"}],"author":[{"embeddable":true,"href":"https:\/\/www.europesays.com\/es\/wp-json\/wp\/v2\/users\/2"}],"replies":[{"embeddable":true,"href":"https:\/\/www.europesays.com\/es\/wp-json\/wp\/v2\/comments?post=284747"}],"version-history":[{"count":0,"href":"https:\/\/www.europesays.com\/es\/wp-json\/wp\/v2\/posts\/284747\/revisions"}],"wp:featuredmedia":[{"embeddable":true,"href":"https:\/\/www.europesays.com\/es\/wp-json\/wp\/v2\/media\/284748"}],"wp:attachment":[{"href":"https:\/\/www.europesays.com\/es\/wp-json\/wp\/v2\/media?parent=284747"}],"wp:term":[{"taxonomy":"category","embeddable":true,"href":"https:\/\/www.europesays.com\/es\/wp-json\/wp\/v2\/categories?post=284747"},{"taxonomy":"post_tag","embeddable":true,"href":"https:\/\/www.europesays.com\/es\/wp-json\/wp\/v2\/tags?post=284747"}],"curies":[{"name":"wp","href":"https:\/\/api.w.org\/{rel}","templated":true}]}}