{"id":284753,"date":"2025-12-12T14:49:16","date_gmt":"2025-12-12T14:49:16","guid":{"rendered":"https:\/\/www.europesays.com\/es\/284753\/"},"modified":"2025-12-12T14:49:16","modified_gmt":"2025-12-12T14:49:16","slug":"45-anos-de-heavy-metal-espanol-el-grito-rebelde-de-dos-generaciones","status":"publish","type":"post","link":"https:\/\/www.europesays.com\/es\/284753\/","title":{"rendered":"45 a\u00f1os de heavy metal espa\u00f1ol, el grito rebelde de dos generaciones"},"content":{"rendered":"<p style=\"\">No hay ni un alma en <strong>los bajos de Arg\u00fcelles, en el barrio madrile\u00f1o de Chamber\u00ed<\/strong>. Es martes y son las cinco de la tarde as\u00ed es que es normal, pero el vac\u00edo no deja de provocar una sensaci\u00f3n extra\u00f1a a quien se ha  &#8230; pasado media vida juerg\u00fc\u00edstica rebotando como una bola de pinball entre las barras del<a href=\"https:\/\/www.abc.es\/espana\/madrid\/bares-heavies-bajos-arguelles-especie-peligro-extincion-20230715162708-nt.html\" target=\"_blank\" data-voc-vtm-id=\"in-text-traffic\" title=\" Lemmy, el Orion, el Tuareg, el TNT\" data-mrf-link=\"www.abc.es\" rel=\"nofollow noopener\"> Lemmy, el Orion, el Tuareg, el TNT<\/a> y tantos otros garitos m\u00edticos de este nido de leyendas urbanas en el que se reun\u00edan miles de chavales de todas las tribus imaginables cada fin de semana, algunas veces en paz y otras a tortazos.<\/p>\n<p class=\"voc-p\" style=\"\">\u00abNo te creas que cambia mucho la cosa un viernes, esto est\u00e1 muy de capa ca\u00edda\u00bb, asegura H\u00e9ctor, el due\u00f1o del <strong>bar Fenrir, el m\u00e1s grande dedicado al heavy en la capital<\/strong> y visita obligada para los fans del subg\u00e9nero power-metal. Mientras nos abre la puerta nos cuenta que los bares rockeros de la zona han ido cayendo uno tras otro y que \u00e9l va tirando gracias a la parroquia fiel que le queda despu\u00e9s de la pandemia, \u00abcuando el ocio cambi\u00f3 por completo\u00bb, suspira. \u00abY por no hablar de que a los chavales ahora les va otro tipo de m\u00fasica, claro&#8230;\u00bb.<\/p>\n<p class=\"voc-p\" style=\"\">Pero este es un d\u00eda feliz en el Fenrir. <strong>La tot\u00e9mica formaci\u00f3n original de Ob\u00fas se ha reunido despu\u00e9s de veinte a\u00f1os para dar un concierto \u00fanico en el Palacio Vistalegre<\/strong> (este s\u00e1bado 13 de diciembre a las 21h, <a href=\"https:\/\/www.ticketmaster.es\/event\/obus-entradas\/1407278490\" target=\"_blank\" data-voc-vtm-id=\"in-text-traffic\" title=\"entradas\" data-mrf-link=\"www.ticketmaster.es\" rel=\"nofollow noopener\">entradas<\/a> desde 39 euros), y para celebrar tan esperado reencuentro ABC ha organizado una charla entre ellos y uno de los grupos punteros del hard-rock\/heavy entre la chavalada, los jovenc\u00edsimos Wildh\u00e4rd (un quinteto de Alcorc\u00f3n antes llamado Invaders), para que hablen precisamente de eso, del pasado, presente y futuro del g\u00e9nero.<\/p>\n<p class=\"voc-p\" style=\"\">\u00abSi estos chicos quieren saber c\u00f3mo va a ser su futuro, que miren nuestras calvas y tomen nota de lo que les espera\u00bb, se arranca Fernando S\u00e1nchez (baterista de Ob\u00fas) entre carcajadas para romper el hielo. <strong>La media de edad en Ob\u00fas ronda los setenta a\u00f1os, y la de Wildh\u00e4rd, los veintipocos<\/strong>. Pero la brecha generacional en lo cultural queda en su caso pr\u00e1cticamente anulada por su pasi\u00f3n compartida por el heavy metal, as\u00ed que la qu\u00edmica fluye entre ellos al instante y, adem\u00e1s, ya tuvieron un primer contacto cuando el guitarrista de Wildh\u00e4rd, Adri\u00e1n &#8216;Viper&#8217; Garc\u00eda, dirigi\u00f3 el documental &#8216;Ob\u00fas, 40 a\u00f1os por y para la m\u00fasica&#8217;. <\/p>\n<p class=\"voc-title\">\u00abOb\u00fas son el espejo en el que se miraron todas las bandas de la \u00e9poca y las que se formaron en los cuarenta a\u00f1os siguientes\u00bb<\/p>\n<p class=\"voc-article-position__name\">Adri\u00e1n &#8216;Viper&#8217;, guitarrista de Wildh\u00e4rd<\/p>\n<p class=\"voc-p\" style=\"\">\u00abYo creo que Ob\u00fas es la banda pionera del heavy en Espa\u00f1a\u00bb, dice el m\u00fasico y cineasta. \u00abEllos fueron los que importaron ese sonido que naci\u00f3 en Inglaterra con Judas Priest y otras bandas. Cuando lo trajeron a nuestro pa\u00eds, <strong>Ob\u00fas marcaron el camino<\/strong> para todo lo que vendr\u00eda despu\u00e9s. Son el espejo en el que se miraron todas las bandas de la \u00e9poca y las que se formaron en los cuarenta a\u00f1os siguientes\u00bb.<\/p>\n<p>\nEngancharse al heavy con 40 a\u00f1os de diferencia\n<\/p>\n<p class=\"voc-p\" style=\"\">Teniendo delante a dos generaciones de heavies, resulta interesante descubrir qu\u00e9 fue lo que les atrajo de esta m\u00fasica no apta para cobardes, y si hay mucha diferencia entre sus respuestas. \u00abEn aquella \u00e9poca, los que ya toc\u00e1bamos alg\u00fan instrumento practic\u00e1bamos con canciones de Deep Purple y Led Zeppelin, que fueron el embri\u00f3n del heavy metal\u00bb, explica Fernando, el bater\u00eda de Ob\u00fas. \u00abEn los ochenta, cuando el rock estaba un poco deca\u00eddo y estaba de moda la new wave, de pronto empezaron a tener mucho \u00e9xito grupos como Saxon, AC\/DC, Van Halen, etc, que <strong>nos inspiraron no s\u00f3lo en cuanto a m\u00fasica, sino tambi\u00e9n en cuanto a la ropa que vest\u00edan<\/strong>. Cuando salimos nosotros, ning\u00fan grupo de Espa\u00f1a llevaba esa est\u00e9tica\u00bb.<\/p>\n<p class=\"voc-title\">En esencia, lo que no ha cambiado es que quien cae bajo el hechizo no s\u00f3lo escucha heavy. Es, heavy<\/p>\n<p class=\"voc-p\" style=\"\">El heavy metal ha evolucionado desde entonces pero quiz\u00e1 no tanto como otros g\u00e9neros. Y el cantante de Wildh\u00e4rd, <strong>Izy Blaze, corrobora que cuarenta a\u00f1os despu\u00e9s, las razones y los referentes para engancharse a su musculoso sonido no han cambiado mucho<\/strong>. \u00abLo que a m\u00ed me atrap\u00f3 es descubrir a leyendas como Ob\u00fas. Y el primer disco que mi padre me puso cuando ten\u00eda seis o siete a\u00f1os fue de Ozzy Osbourne. Esa actitud, no solo musical como dec\u00eda Fernando, sino de est\u00e9tica y de la forma de transmitir, es lo que me marc\u00f3 y me anim\u00f3 a dar mis primeros pasos en la m\u00fasica\u00bb.<\/p>\n<p class=\"voc-p\" style=\"\">En esencia, lo que no ha cambiado es que quien cae bajo el hechizo no s\u00f3lo escucha heavy. Es, heavy. Y <strong>ser heavy es una forma de vida<\/strong>, una manera de entenderse a uno mismo en su relaci\u00f3n con el mundo, pero \u00bfes eso tan cool entre la gente joven de 2025 como lo fue en los ochenta?<\/p>\n<p><img decoding=\"async\" loading=\"lazy\" src=\"https:\/\/www.europesays.com\/es\/wp-content\/uploads\/2025\/12\/1-obus2-U60288407825mJj-758x470@diario_abc.jpg\" class=\"voc-d-c-combo-3__img\" width=\"758\" height=\"470\" alt=\"Imagen principal - Arriba, los miembros fundadores de Ob\u00fas, reunidos en el bar Fenrir de Madrid el pasado martes. Abajo, im\u00e1genes de antiguos conciertos de la formaci\u00f3n original\"\/><\/p>\n<p><img decoding=\"async\" loading=\"lazy\" src=\"https:\/\/www.europesays.com\/es\/wp-content\/uploads\/2025\/12\/1-concierto-2008-U56383605716RBH-464x329@diario_abc.jpg\" class=\"voc-d-c-combo-3__img\" width=\"464\" height=\"329\" alt=\"Imagen secundaria 1 - Arriba, los miembros fundadores de Ob\u00fas, reunidos en el bar Fenrir de Madrid el pasado martes. Abajo, im\u00e1genes de antiguos conciertos de la formaci\u00f3n original\"\/><\/p>\n<p><img decoding=\"async\" loading=\"lazy\" src=\"https:\/\/www.europesays.com\/es\/wp-content\/uploads\/2025\/12\/1-obus3-U05402683822tss-278x329@diario_abc.jpg\" class=\"voc-d-c-combo-3__img\" width=\"278\" height=\"329\" alt=\"Imagen secundaria 2 - Arriba, los miembros fundadores de Ob\u00fas, reunidos en el bar Fenrir de Madrid el pasado martes. Abajo, im\u00e1genes de antiguos conciertos de la formaci\u00f3n original\"\/><\/p>\n<p>Arriba, los miembros fundadores de Ob\u00fas, reunidos en el bar Fenrir de Madrid el pasado martes. Abajo, im\u00e1genes de antiguos conciertos de la formaci\u00f3n original<br \/>\nTANIA SIEIRA<\/p>\n<p class=\"voc-p\" style=\"\">\u00abEn nuestro \u00e9poca ser heavy s\u00ed que molaba mucho\u00bb, afirma Paco Laguna (guitarra de Ob\u00fas). \u00ab<strong>Era una tendencia que ten\u00eda cantidad de seguidores. Pero al heavy tambi\u00e9n se le asociaba con gente violenta y conflictiva<\/strong>. \u00a1La gente se cambiaba de acera si se cruzaba contigo! Ahora las pintas heavies son m\u00e1s un ideal del pasado, porque si sales a la calle  te encuentras muy poca gente as\u00ed, cuando hace cuarenta a\u00f1os las chupas de cuero y los pelos largos estaban por todas partes, sobre todo en los barrios perif\u00e9ricos\u00bb.<\/p>\n<p class=\"voc-p\" style=\"\">\u00abA m\u00ed me encanta la pinta que llevan estos colegas\u00bb, bromea Fortu se\u00f1alando a sus pupilos alcorconeros, que <strong>confiesan sentirse bastante &#8216;rara avis&#8217; entre la gente de su edad<\/strong>. \u00abYo creo que somos la excepci\u00f3n que confirma la regla, sobre todo con esta est\u00e9tica tan ochentera\u00bb, autorretrata Adri\u00e1n &#8216;Viper&#8217;. \u00abS\u00ed que sigue habiendo mucha gente que le gusta el rock y el metal, pero yo creo que lo que comentaba Paco sobre la imagen de delincuencia que se ha tenido del heavy en este pa\u00eds, ha lastrado al movimiento. Eso ha terminado afectando y por eso ahora incluso somos m\u00e1s minor\u00eda. Pero bueno, lo somos a buena honra, orgullosos\u00bb.<\/p>\n<p class=\"voc-p\" style=\"\">\u00abNunca nos han tratado muy bien, as\u00ed que estamos acostumbrados\u00bb, asegura Fortu, mientras Fernando asiente antes de a\u00f1adir que el heavy \u00absiempre ha estado en la oposici\u00f3n\u00bb, algo que su compa\u00f1ero Juan Luis Serrano (bajista) extiende a la propia <strong>vida cultural del movimiento, que se fue acotando a base de cierres de salas de conciertos, locales de ensayo y discotecas heavies<\/strong> \u00abporque los medios apoyaron a la Movida Madrile\u00f1a, que llenaba salas de ochenta personas, cuando Bar\u00f3n Rojo, Le\u00f1o o nosotros llen\u00e1bamos plazas de toros\u00bb. \u00abNi la prensa, ni la industria ni los pol\u00edticos nos han tratado bien nunca\u00bb, retoma el cantante. \u00abEstamos acostumbrados a luchar, y vamos a seguir luchando. El rock no est\u00e1 muerto ni va a morir, porque nosotros siempre estaremos levantando la bandera como podamos, reivindicando nuestra ideolog\u00eda y nuestra forma de ser\u00bb.<\/p>\n<p class=\"voc-p\" style=\"\"><strong>\u00bfY cu\u00e1l es la ideolog\u00eda del heavy?<\/strong> \u00bfHa cambiado en estos cuarenta y cinco a\u00f1os desde el nacimiento de Ob\u00fas? \u00abLa m\u00fasica, y sobre todo la m\u00fasica heavy, aboga por la libertad y el respeto\u00bb, sintetiza Izy. \u00abNuestra ideolog\u00eda la proclamamos en nuestras canciones, y nosotros venimos de la calle\u00bb, sentencia Fortu. \u00abSomos de familias humildes, de padres obreros, de familias trabajadoras. \u00bfHay que decir de qu\u00e9 partido somos? \u00bfNo es suficiente con las canciones? M\u00e1s claro que eso&#8230; Con mis canciones te digo de qu\u00e9 partido soy, o de qu\u00e9 partido no soy\u00bb.<\/p>\n<p>\nEl concierto de Vistalegre\n<\/p>\n<p class=\"voc-p\" style=\"\">Por descontado, los chavales de Wildh\u00e4rd (que por cierto acaban de sacar un formidable nuevo disco titulado &#8216;Love N&#8217; lies&#8217;) estar\u00e1n en primera fila este s\u00e1bado en el Palacio Vistalegre para no perder detalle de la lecci\u00f3n de heavy metal que van a dar sus maestros durante algo m\u00e1s de <strong>dos horas en un concierto \u00abcon un repertorio muy amplio y mucho espect\u00e1culo\u00bb que se presenta como el \u00ab\u00fanico\u00bb<\/strong> que van a dar, tal como explica Fortu. <\/p>\n<p class=\"voc-p\" style=\"\">\u00abLa idea surgi\u00f3 de nuestra agencia de management. Ellos nos propusieron hacer esta reuni\u00f3n, que yo creo que era necesaria. Ya antes de todo esto, Paco le hab\u00eda comentado a Juan Luis que estar\u00eda bien volver a tocar juntos alg\u00fan d\u00eda\u00bb, explica el cantante mientras su guitarrista asiente. <strong>\u00abEstamos deseando subirnos al escenario, y yo personalmente estoy muy feliz de haber decidido reunir a la formaci\u00f3n original<\/strong>. Todos estamos s\u00faper contentos de haber dado este paso hacia delante, nunca mejor dicho\u00bb, remata Fortu buscando la mirada de aprobaci\u00f3n de sus compinches, y haciendo un gui\u00f1o a la canci\u00f3n que se han animado a grabar para celebrarlo, &#8216;Siempre hacia delante&#8217;.<\/p>\n<p class=\"voc-p\" style=\"\">Sacar un tema nuevo, y con ese t\u00edtulo, parece una se\u00f1al de que quiz\u00e1 esta reuni\u00f3n no sea tan ef\u00edmera. As\u00ed que antes de despedirnos, pedimos a los veteranos que nos cuenten <strong>qu\u00e9 ser\u00e1 lo pr\u00f3ximo para Ob\u00fas<\/strong>. Pero Fortu, un tipo astuto como pocos, esquiva la pregunta y lo deja en el aire. <\/p>\n<p class=\"voc-p\" style=\"\">En cualquier caso, pase lo que pase con ellos, y cambie lo que cambie la juventud, <strong>el descomunal legado de Ob\u00fas es ya inmortal<\/strong> gracias a la valent\u00eda y brillantez de sus diez discos de estudio y tambi\u00e9n de su par de brutales \u00e1lbumes en vivo, especialmente el legendario &#8216;En directo 21-2-1987&#8217;, que el guitarrista de Wildh\u00e4rd se ha tra\u00eddo en vinilo al encuentro para que Fernando S\u00e1nchez le estampe su aut\u00f3grafo. \u00ab\u00a1Maravilla!\u00bb, exclama el joven jevata mientras el gesto generoso del baterista le ilumina la cara de felicidad. \u00abEs que es el \u00faltimo miembro que me quedaba por firmarme esta joya, \u00a1s\u00ed\u00ed\u00ed!\u00bb. Ah, la magia del heavy metal\u2026<\/p>\n","protected":false},"excerpt":{"rendered":"No hay ni un alma en los bajos de Arg\u00fcelles, en el barrio madrile\u00f1o de Chamber\u00ed. Es martes&hellip;\n","protected":false},"author":2,"featured_media":284754,"comment_status":"","ping_status":"","sticky":false,"template":"","format":"standard","meta":{"footnotes":""},"categories":[170],"tags":[988,1563,146,147,25,24,1489,8596,12474,12195,3963,184,185,21268,23],"class_list":{"0":"post-284753","1":"post","2":"type-post","3":"status-publish","4":"format-standard","5":"has-post-thumbnail","7":"category-musica","8":"tag-anos","9":"tag-dos","10":"tag-entertainment","11":"tag-entretenimiento","12":"tag-es","13":"tag-espana","14":"tag-espanol","15":"tag-generaciones","16":"tag-grito","17":"tag-heavy","18":"tag-metal","19":"tag-music","20":"tag-musica","21":"tag-rebelde","22":"tag-spain"},"share_on_mastodon":{"url":"https:\/\/pubeurope.com\/@es\/115707155219870431","error":""},"_links":{"self":[{"href":"https:\/\/www.europesays.com\/es\/wp-json\/wp\/v2\/posts\/284753","targetHints":{"allow":["GET"]}}],"collection":[{"href":"https:\/\/www.europesays.com\/es\/wp-json\/wp\/v2\/posts"}],"about":[{"href":"https:\/\/www.europesays.com\/es\/wp-json\/wp\/v2\/types\/post"}],"author":[{"embeddable":true,"href":"https:\/\/www.europesays.com\/es\/wp-json\/wp\/v2\/users\/2"}],"replies":[{"embeddable":true,"href":"https:\/\/www.europesays.com\/es\/wp-json\/wp\/v2\/comments?post=284753"}],"version-history":[{"count":0,"href":"https:\/\/www.europesays.com\/es\/wp-json\/wp\/v2\/posts\/284753\/revisions"}],"wp:featuredmedia":[{"embeddable":true,"href":"https:\/\/www.europesays.com\/es\/wp-json\/wp\/v2\/media\/284754"}],"wp:attachment":[{"href":"https:\/\/www.europesays.com\/es\/wp-json\/wp\/v2\/media?parent=284753"}],"wp:term":[{"taxonomy":"category","embeddable":true,"href":"https:\/\/www.europesays.com\/es\/wp-json\/wp\/v2\/categories?post=284753"},{"taxonomy":"post_tag","embeddable":true,"href":"https:\/\/www.europesays.com\/es\/wp-json\/wp\/v2\/tags?post=284753"}],"curies":[{"name":"wp","href":"https:\/\/api.w.org\/{rel}","templated":true}]}}