{"id":284781,"date":"2025-12-12T15:08:08","date_gmt":"2025-12-12T15:08:08","guid":{"rendered":"https:\/\/www.europesays.com\/es\/284781\/"},"modified":"2025-12-12T15:08:08","modified_gmt":"2025-12-12T15:08:08","slug":"salir-a-un-evento-de-alfombra-roja-y-acabar-en-un-karaoke","status":"publish","type":"post","link":"https:\/\/www.europesays.com\/es\/284781\/","title":{"rendered":"Salir a un evento de alfombra roja y acabar en un karaoke"},"content":{"rendered":"<p id=\"efHW3tf7-6\" data-wc=\"128\">Elena Rivera dio el salto a la fama siendo muy peque\u00f1a,<a class=\"hm-link ho-link\" href=\"https:\/\/www.hola.com\/actualidad\/20250912854385\/entrevistamos-elena-rivera-para-nada-molesta-sigan-asociandome-karina-cuentame\/\" data-mrf-recirculation=\"article-body-link\" rel=\"nofollow noopener\" target=\"_blank\"> gracias a su papel como Karina<\/a> en la serie Cu\u00e9ntame c\u00f3mo pas\u00f3. Sin embargo, no es tan conocida su faceta como cantante, pese a que tambi\u00e9n se inici\u00f3 a una edad muy temprana. Con apenas seis a\u00f1os particip\u00f3 en el programa Menudas Estrellas e incluso lleg\u00f3 a grabar un disco. Con el paso de los a\u00f1os, no ha perdido su talento, y lo ha demostrado en el \u00faltimo v\u00eddeo que ha compartido con sus seguidores. \u00abSalir a un evento de alfombra roja y acabar en un karaoke\u2026 as\u00ed soy yo\u00bb, ha comentado junto a la grabaci\u00f3n, en la que aparece cantando Francisco Alegre. No te pierdas el v\u00eddeo que ha dejado a todos con la boca abierta.<\/p>\n","protected":false},"excerpt":{"rendered":"Elena Rivera dio el salto a la fama siendo muy peque\u00f1a, gracias a su papel como Karina en&hellip;\n","protected":false},"author":2,"featured_media":284782,"comment_status":"","ping_status":"","sticky":false,"template":"","format":"standard","meta":{"footnotes":""},"categories":[174],"tags":[517,255,37916,146,147,25,24,256,23],"class_list":{"0":"post-284781","1":"post","2":"type-post","3":"status-publish","4":"format-standard","5":"has-post-thumbnail","7":"category-famosos","8":"tag-actualidad","9":"tag-celebrities","10":"tag-elena-rivera","11":"tag-entertainment","12":"tag-entretenimiento","13":"tag-es","14":"tag-espana","15":"tag-famosos","16":"tag-spain"},"share_on_mastodon":{"url":"https:\/\/pubeurope.com\/@es\/115707229302358702","error":""},"_links":{"self":[{"href":"https:\/\/www.europesays.com\/es\/wp-json\/wp\/v2\/posts\/284781","targetHints":{"allow":["GET"]}}],"collection":[{"href":"https:\/\/www.europesays.com\/es\/wp-json\/wp\/v2\/posts"}],"about":[{"href":"https:\/\/www.europesays.com\/es\/wp-json\/wp\/v2\/types\/post"}],"author":[{"embeddable":true,"href":"https:\/\/www.europesays.com\/es\/wp-json\/wp\/v2\/users\/2"}],"replies":[{"embeddable":true,"href":"https:\/\/www.europesays.com\/es\/wp-json\/wp\/v2\/comments?post=284781"}],"version-history":[{"count":0,"href":"https:\/\/www.europesays.com\/es\/wp-json\/wp\/v2\/posts\/284781\/revisions"}],"wp:featuredmedia":[{"embeddable":true,"href":"https:\/\/www.europesays.com\/es\/wp-json\/wp\/v2\/media\/284782"}],"wp:attachment":[{"href":"https:\/\/www.europesays.com\/es\/wp-json\/wp\/v2\/media?parent=284781"}],"wp:term":[{"taxonomy":"category","embeddable":true,"href":"https:\/\/www.europesays.com\/es\/wp-json\/wp\/v2\/categories?post=284781"},{"taxonomy":"post_tag","embeddable":true,"href":"https:\/\/www.europesays.com\/es\/wp-json\/wp\/v2\/tags?post=284781"}],"curies":[{"name":"wp","href":"https:\/\/api.w.org\/{rel}","templated":true}]}}