{"id":284799,"date":"2025-12-12T15:25:12","date_gmt":"2025-12-12T15:25:12","guid":{"rendered":"https:\/\/www.europesays.com\/es\/284799\/"},"modified":"2025-12-12T15:25:12","modified_gmt":"2025-12-12T15:25:12","slug":"la-virgen-de-montserrat-en-cataluna-para-la-peregrinacion-extraordinaria","status":"publish","type":"post","link":"https:\/\/www.europesays.com\/es\/284799\/","title":{"rendered":"La Virgen de Montserrat, en Catalu\u00f1a, para la peregrinaci\u00f3n extraordinaria"},"content":{"rendered":"<p style=\"\"><strong>La Virgen de Montserrat ha amanecido entronizada en el palio de rosario de Montesi\u00f3n<\/strong>, en el santuario de Montserrat, en Barcelona, <strong>ofreciendo una de las estampas m\u00e1s destacadas no solo del a\u00f1o,<\/strong><strong>sino de la historia de las cofrad\u00edas de Sevilla.<\/strong> La hermandad  &#8230; est\u00e1 realizando una peregrinaci\u00f3n extraordinaria enmarcada dentro del 425 aniversario fundacional y en conmemoraci\u00f3n del milenario de la consagraci\u00f3n del cenobio por el Abad Oliba en la monta\u00f1a de Montserrat, en la que participar\u00e1 la dolorosa.<\/p>\n<blockquote class=\"twitter-tweet\" data-width=\"550\">\n<p lang=\"es\" dir=\"ltr\">VESTIMENTA|<\/p>\n<p>Volvemos a nuestros or\u00edgenes. Volvemos a la Abad\u00eda.<\/p>\n<p>Nuestra Se\u00f1ora de Montserrat ataviada para sus cultos extraordinarios en el Santuario catal\u00e1n. <a href=\"https:\/\/t.co\/w8yhCuQpWT\" rel=\"nofollow\">pic.twitter.com\/w8yhCuQpWT<\/a><\/p>\n<p>\u2014 HDAD. DE MONTSERRAT (@Hdad_Montserrat) <a href=\"https:\/\/twitter.com\/Hdad_Montserrat\/status\/1999415172444881145?ref_src=twsrc%5Etfw\" rel=\"nofollow noopener\" target=\"_blank\">December 12, 2025<\/a><\/p><\/blockquote>\n<p class=\"voc-p\" style=\"\">Lo m\u00e1s destacado de la dolorosa <strong>durante el fin de semana ser\u00e1 la procesi\u00f3n que se llevar\u00e1 a cabo la ma\u00f1ana del s\u00e1bado 13 de diciembre<\/strong>, a partir de las 10:00 horas, por los alrededores del santuario. Esta procesi\u00f3n dar\u00e1 paso a una misa solemne en el interior del templo a las 12:00 horas, presidida por el arzobispo de Sevilla, Jos\u00e9 \u00c1ngel Saiz Meneses.<\/p>\n<p>\nPeregrinaci\u00f3n de Montserrat\n<\/p>\n<p class=\"voc-p\" style=\"\"><strong>Viernes, 12 de diciembre<\/strong><\/p>\n<p class=\"voc-p\" style=\"\">19:30 h. Altar mayor: Bienvenida a los peregrinos y oraci\u00f3n jubilar.<\/p>\n<p class=\"voc-p\" style=\"\">19:45 h. Besamanos a la Moreneta.<\/p>\n<p class=\"voc-p\" style=\"\"><strong>S\u00e1bado, 13 de diciembre<\/strong><\/p>\n<p class=\"voc-p\" style=\"\">10:00 h. Santo Rosario por los alrededores del Santuario con la imagen titular de Nuestra Se\u00f1ora de Montserrat de Sevilla, acompa\u00f1ado por el coro de la hermandad de Nuestra Se\u00f1ora del Roc\u00edo de Barcelona.<\/p>\n<p class=\"voc-p\" style=\"\">12:00 h. Solemne misa de acci\u00f3n de gracias por los frutos del Milenario de la fundaci\u00f3n del Monasterio de Montserrat y apertura de los actos conmemorativos del 425 aniversario de la fundaci\u00f3n de la hermandad de Montserrat de Sevilla. Presidida por el arzobispo de Sevilla, Monse\u00f1or Jos\u00e9 \u00c1ngel Saiz Meneses. Cantos a cargo de la Schola Cantorum. Durante el ofertorio se interpretar\u00e1n unas sevillanas compuestas por la hermana Roc\u00edo Moyano.<\/p>\n<p class=\"voc-p\" style=\"\">13:30 h. Videomapping en el altar mayor.<\/p>\n<p class=\"voc-p\" style=\"\">17:30 h. Bendici\u00f3n, en el Cam\u00ed Ave Mar\u00eda, de la cer\u00e1mica donada por la Hermandad de Montserrat en recuerdo de esta peregrinaci\u00f3n extraordinaria.<\/p>\n<p class=\"voc-p\" style=\"\"><strong>Domingo, 14 de diciembre<\/strong><\/p>\n<p class=\"voc-p\" style=\"\">11:00 h. Misa conventual.<\/p>\n<p><script async src=\"https:\/\/platform.twitter.com\/widgets.js\" charset=\"utf-8\"><\/script><\/p>\n","protected":false},"excerpt":{"rendered":"La Virgen de Montserrat ha amanecido entronizada en el palio de rosario de Montesi\u00f3n, en el santuario de&hellip;\n","protected":false},"author":2,"featured_media":284800,"comment_status":"","ping_status":"","sticky":false,"template":"","format":"standard","meta":{"footnotes":""},"categories":[8],"tags":[17,18,1980,25,24,20515,13,14,11,19,20,41824,9,10,15,16,13139,23,12,21,22,7699],"class_list":{"0":"post-284799","1":"post","2":"type-post","3":"status-publish","4":"format-standard","5":"has-post-thumbnail","7":"category-espana","8":"tag-breaking-news","9":"tag-breakingnews","10":"tag-cataluna","11":"tag-es","12":"tag-espana","13":"tag-extraordinaria","14":"tag-featured-news","15":"tag-featurednews","16":"tag-headlines","17":"tag-latest-news","18":"tag-latestnews","19":"tag-montserrat","20":"tag-news","21":"tag-noticias","22":"tag-noticias-destacadas","23":"tag-noticiasdestacadas","24":"tag-peregrinacion","25":"tag-spain","26":"tag-titulares","27":"tag-ultimas-noticias","28":"tag-ultimasnoticias","29":"tag-virgen"},"share_on_mastodon":{"url":"https:\/\/pubeurope.com\/@es\/115707296251066909","error":""},"_links":{"self":[{"href":"https:\/\/www.europesays.com\/es\/wp-json\/wp\/v2\/posts\/284799","targetHints":{"allow":["GET"]}}],"collection":[{"href":"https:\/\/www.europesays.com\/es\/wp-json\/wp\/v2\/posts"}],"about":[{"href":"https:\/\/www.europesays.com\/es\/wp-json\/wp\/v2\/types\/post"}],"author":[{"embeddable":true,"href":"https:\/\/www.europesays.com\/es\/wp-json\/wp\/v2\/users\/2"}],"replies":[{"embeddable":true,"href":"https:\/\/www.europesays.com\/es\/wp-json\/wp\/v2\/comments?post=284799"}],"version-history":[{"count":0,"href":"https:\/\/www.europesays.com\/es\/wp-json\/wp\/v2\/posts\/284799\/revisions"}],"wp:featuredmedia":[{"embeddable":true,"href":"https:\/\/www.europesays.com\/es\/wp-json\/wp\/v2\/media\/284800"}],"wp:attachment":[{"href":"https:\/\/www.europesays.com\/es\/wp-json\/wp\/v2\/media?parent=284799"}],"wp:term":[{"taxonomy":"category","embeddable":true,"href":"https:\/\/www.europesays.com\/es\/wp-json\/wp\/v2\/categories?post=284799"},{"taxonomy":"post_tag","embeddable":true,"href":"https:\/\/www.europesays.com\/es\/wp-json\/wp\/v2\/tags?post=284799"}],"curies":[{"name":"wp","href":"https:\/\/api.w.org\/{rel}","templated":true}]}}