{"id":284805,"date":"2025-12-12T15:33:27","date_gmt":"2025-12-12T15:33:27","guid":{"rendered":"https:\/\/www.europesays.com\/es\/284805\/"},"modified":"2025-12-12T15:33:27","modified_gmt":"2025-12-12T15:33:27","slug":"diez-ciclistas-profesionales-multados-en-lliber-por-saltarse-un-semaforo-en-rojo","status":"publish","type":"post","link":"https:\/\/www.europesays.com\/es\/284805\/","title":{"rendered":"Diez ciclistas profesionales multados en Ll\u00edber por saltarse un sem\u00e1foro en rojo"},"content":{"rendered":"<ul>\n<li style=\"text-align: justify;\" data-path-to-node=\"10\">La Polic\u00eda Local sanciona con 100\u20ac a cada corredor del Groupama-FDJ tras ignorar la se\u00f1alizaci\u00f3n e invadir el sentido contrario de una v\u00eda estrecha<\/li>\n<\/ul>\n<p style=\"text-align: justify;\" data-path-to-node=\"10\"><img loading=\"lazy\" decoding=\"async\" class=\"alignnone size-full wp-image-1442588\" src=\"https:\/\/www.europesays.com\/es\/wp-content\/uploads\/2025\/12\/grupama-fdj.jpg\" alt=\"Diez ciclistas profesionales multados en Ll\u00edber por saltarse un sem\u00e1foro en rojo\" width=\"1280\" height=\"628\"  \/>Diez ciclistas del equipo profesional franc\u00e9s <b>Groupama-FDJ<\/b> han sido sancionados por la polic\u00eda con <b>100 euros de multa cada uno<\/b> tras cometer una infracci\u00f3n de tr\u00e1fico en <b>Ll\u00edber, seg\u00fan publica la Cadena Ser.<\/b> Esto supone una sanci\u00f3n econ\u00f3mica total de 1.000 euros al pelot\u00f3n profesional que realiza su preparaci\u00f3n de pretemporada en la Marina Alta.<\/p>\n<p style=\"text-align: justify;\" data-path-to-node=\"11\">Los hechos han ocurrido en una carretera principal del casco urbano de Ll\u00edber. Se trata de una <b>v\u00eda estrecha regulada por sem\u00e1foros<\/b> que permiten el paso alterno de veh\u00edculos en un solo sentido. Seg\u00fan la informaci\u00f3n, los diez corredores <b>atravesaron el tramo con el sem\u00e1foro en rojo<\/b>, invadiendo el sentido contrario de circulaci\u00f3n.<\/p>\n<p style=\"text-align: justify;\" data-path-to-node=\"13\">Fuentes pr\u00f3ximas al suceso se\u00f1alaron que, pese a que el peligro real fue reducido por la baja intensidad de tr\u00e1fico, <strong>la maniobra gener\u00f3 una situaci\u00f3n irregular al circular contra el paso autorizado<\/strong>. La polic\u00eda actu\u00f3 conforme a la normativa vigente, imponiendo la sanci\u00f3n correspondiente a cada uno de los corredores.<\/p>\n<p style=\"text-align: justify;\" data-path-to-node=\"14\">El episodio vuelve a poner el foco en la convivencia entre ciclistas y tr\u00e1fico rodado, especialmente en municipios peque\u00f1os de la Marina Alta con v\u00edas urbanas de circulaci\u00f3n limitada.<\/p>\n","protected":false},"excerpt":{"rendered":"La Polic\u00eda Local sanciona con 100\u20ac a cada corredor del Groupama-FDJ tras ignorar la se\u00f1alizaci\u00f3n e invadir el&hellip;\n","protected":false},"author":2,"featured_media":284806,"comment_status":"","ping_status":"","sticky":false,"template":"","format":"standard","meta":{"footnotes":""},"categories":[273],"tags":[517,4071,42598,8937,5025,7092,42583,42582,42589,42585,20412,1013,313,177,42595,209,312,30922,168,42578,1819,42600,42599,1639,13193,2958,25,24,2793,3931,5270,42591,42596,1667,27050,42590,2441,42593,42594,4911,42579,42588,7080,10,14470,12657,133,42597,1925,42584,42580,42581,4069,2052,952,42592,8485,4286,4113,23,167,1651,42587,42586,19079,4664,1529,1018,35649],"class_list":{"0":"post-284805","1":"post","2":"type-post","3":"status-publish","4":"format-standard","5":"has-post-thumbnail","7":"category-ciclismo","8":"tag-actualidad","9":"tag-agenda","10":"tag-agenda-cultural","11":"tag-altea","12":"tag-audios","13":"tag-benidorm","14":"tag-benisa","15":"tag-benissa","16":"tag-callossa-den-sarria","17":"tag-calp","18":"tag-calpe","19":"tag-cartelera","20":"tag-ciclismo","21":"tag-cine","22":"tag-costa-blanca","23":"tag-cultura","24":"tag-cycling","25":"tag-denia","26":"tag-deportes","27":"tag-diari","28":"tag-diario","29":"tag-diario-denia","30":"tag-diario-marina-alta","31":"tag-digital","32":"tag-el-tiempo","33":"tag-entrevistas","34":"tag-es","35":"tag-espana","36":"tag-espectaculos","37":"tag-festival","38":"tag-festivales","39":"tag-finestrat","40":"tag-informacio","41":"tag-informacion","42":"tag-javea","43":"tag-lalfas-del-pi","44":"tag-la-nucia","45":"tag-la-vila","46":"tag-la-vila-joiosa","47":"tag-marina","48":"tag-marina-alta","49":"tag-moraira","50":"tag-noticia","51":"tag-noticias","52":"tag-noticies","53":"tag-ondara","54":"tag-online","55":"tag-opinio","56":"tag-opinion","57":"tag-pedreguer","58":"tag-pego","59":"tag-pego-y-les-valls","60":"tag-periodico","61":"tag-poesia","62":"tag-politica","63":"tag-polop","64":"tag-programacion","65":"tag-reportajes","66":"tag-servicios","67":"tag-spain","68":"tag-sports","69":"tag-teatro","70":"tag-teulada","71":"tag-teulada-y-moraira","72":"tag-turisme","73":"tag-turismo","74":"tag-ultima-hora","75":"tag-videos","76":"tag-xabia"},"share_on_mastodon":{"url":"","error":"Validation failed: Text character limit of 500 exceeded"},"_links":{"self":[{"href":"https:\/\/www.europesays.com\/es\/wp-json\/wp\/v2\/posts\/284805","targetHints":{"allow":["GET"]}}],"collection":[{"href":"https:\/\/www.europesays.com\/es\/wp-json\/wp\/v2\/posts"}],"about":[{"href":"https:\/\/www.europesays.com\/es\/wp-json\/wp\/v2\/types\/post"}],"author":[{"embeddable":true,"href":"https:\/\/www.europesays.com\/es\/wp-json\/wp\/v2\/users\/2"}],"replies":[{"embeddable":true,"href":"https:\/\/www.europesays.com\/es\/wp-json\/wp\/v2\/comments?post=284805"}],"version-history":[{"count":0,"href":"https:\/\/www.europesays.com\/es\/wp-json\/wp\/v2\/posts\/284805\/revisions"}],"wp:featuredmedia":[{"embeddable":true,"href":"https:\/\/www.europesays.com\/es\/wp-json\/wp\/v2\/media\/284806"}],"wp:attachment":[{"href":"https:\/\/www.europesays.com\/es\/wp-json\/wp\/v2\/media?parent=284805"}],"wp:term":[{"taxonomy":"category","embeddable":true,"href":"https:\/\/www.europesays.com\/es\/wp-json\/wp\/v2\/categories?post=284805"},{"taxonomy":"post_tag","embeddable":true,"href":"https:\/\/www.europesays.com\/es\/wp-json\/wp\/v2\/tags?post=284805"}],"curies":[{"name":"wp","href":"https:\/\/api.w.org\/{rel}","templated":true}]}}