{"id":284836,"date":"2025-12-12T16:07:09","date_gmt":"2025-12-12T16:07:09","guid":{"rendered":"https:\/\/www.europesays.com\/es\/284836\/"},"modified":"2025-12-12T16:07:09","modified_gmt":"2025-12-12T16:07:09","slug":"mazzulla-abre-la-puerta-a-jayson-tatum-todo-depende-de-el","status":"publish","type":"post","link":"https:\/\/www.europesays.com\/es\/284836\/","title":{"rendered":"Mazzulla abre la puerta a Jayson Tatum: \u00abTodo depende de \u00e9l\u00bb"},"content":{"rendered":"<p>La ilusi\u00f3n se ha disparado en Boston. Tras un inicio de curso bastante flojo, el equipo ha echado a rodar y ahora suma cinco triunfos consecutivos que le han aupado hasta la tercera plaza de la Conferencia Este, una buena racha que su vez alimenta la esperanza de ver a Jayson Tatum regresando a las canchas en esta misma temporada.<\/p>\n<p>El alero de los Celtics lleva semanas mirando justo en esa direcci\u00f3n. Realizando ya trabajo individual en la cancha mientras contin\u00faa su recuperaci\u00f3n de una rotura de tend\u00f3n de Aquiles, Tatum ha se\u00f1alado en diversas intervenciones p\u00fablicas que<a href=\"https:\/\/www.nbamaniacs.com\/noticias\/jayson-tatum-regresar-este-ano\/\" target=\"_blank\" rel=\"noreferrer noopener nofollow\"> su meta es volver este a\u00f1o<\/a>. \u00bfY qu\u00e9 piensa Mazzulla? Pues le abre la puerta.<\/p>\n<p>\u00abTodo depende de \u00e9l. Al final, su salud es lo m\u00e1s importante, su proceso es lo m\u00e1s importante. Conf\u00edas en \u00e9l, conf\u00edas en el equipo que lo rodea \u2014tiene un gran equipo\u2014 y luego simplemente partes de ah\u00ed. As\u00ed que todo comienza con d\u00f3nde \u00e9l y su equipo creen que est\u00e1\u00bb, se\u00f1ala el head coach de los verdes.<\/p>\n<p>Si bien el \u2018s\u00ed\u2019 o el \u2018no\u2019 de Tatum es determinante, en el caso de que la primera respuesta sea la elegida, su retorno no depender\u00e1 \u00fanicamente de \u00e9l. Cualquier plan de regreso deber\u00e1 ser acordado con el personal m\u00e9dico de los Celtics, la directiva y los m\u00e9dicos personales de Tatum, y siempre cercior\u00e1ndose de que no se recorta el tiempo de recuperaci\u00f3n que necesita para volver al cien por cien.<\/p>\n<p>La implicaci\u00f3n de Jayson Tatum<\/p>\n<p>M\u00e1s all\u00e1 de que pueda finalmente jugar o no, Mazzulla deja claro que no es algo que le preocupe, ya que est\u00e1 m\u00e1s que satisfecho con la contribuci\u00f3n de su jugador pese a estar de baja.<\/p>\n<p>\u00abPara m\u00ed, lo \u00fanico que importa es su presencia y su liderazgo, y lo ha demostrado de diferentes maneras: en el banquillo durante los partidos, comunic\u00e1ndose con los chicos, en las sesiones de video, viajando con nosotros. Al final, \u00e9l est\u00e1 en nuestro equipo. Es parte de nuestro equipo. Nos est\u00e1 ayudando a mejorar, y luego todo lo dem\u00e1s depende de \u00e9l y de la gente que lo rodea, y simplemente conf\u00edas en eso\u00bb, concluye.<\/p>\n<p>(Fotograf\u00eda de Rob Gray-Imagn Images)<\/p>\n","protected":false},"excerpt":{"rendered":"La ilusi\u00f3n se ha disparado en Boston. Tras un inicio de curso bastante flojo, el equipo ha echado&hellip;\n","protected":false},"author":2,"featured_media":284837,"comment_status":"","ping_status":"","sticky":false,"template":"","format":"standard","meta":{"footnotes":""},"categories":[269],"tags":[299,298,168,25,24,23,167],"class_list":{"0":"post-284836","1":"post","2":"type-post","3":"status-publish","4":"format-standard","5":"has-post-thumbnail","7":"category-baloncesto","8":"tag-baloncesto","9":"tag-basketball","10":"tag-deportes","11":"tag-es","12":"tag-espana","13":"tag-spain","14":"tag-sports"},"share_on_mastodon":{"url":"https:\/\/pubeurope.com\/@es\/115707461645055911","error":""},"_links":{"self":[{"href":"https:\/\/www.europesays.com\/es\/wp-json\/wp\/v2\/posts\/284836","targetHints":{"allow":["GET"]}}],"collection":[{"href":"https:\/\/www.europesays.com\/es\/wp-json\/wp\/v2\/posts"}],"about":[{"href":"https:\/\/www.europesays.com\/es\/wp-json\/wp\/v2\/types\/post"}],"author":[{"embeddable":true,"href":"https:\/\/www.europesays.com\/es\/wp-json\/wp\/v2\/users\/2"}],"replies":[{"embeddable":true,"href":"https:\/\/www.europesays.com\/es\/wp-json\/wp\/v2\/comments?post=284836"}],"version-history":[{"count":0,"href":"https:\/\/www.europesays.com\/es\/wp-json\/wp\/v2\/posts\/284836\/revisions"}],"wp:featuredmedia":[{"embeddable":true,"href":"https:\/\/www.europesays.com\/es\/wp-json\/wp\/v2\/media\/284837"}],"wp:attachment":[{"href":"https:\/\/www.europesays.com\/es\/wp-json\/wp\/v2\/media?parent=284836"}],"wp:term":[{"taxonomy":"category","embeddable":true,"href":"https:\/\/www.europesays.com\/es\/wp-json\/wp\/v2\/categories?post=284836"},{"taxonomy":"post_tag","embeddable":true,"href":"https:\/\/www.europesays.com\/es\/wp-json\/wp\/v2\/tags?post=284836"}],"curies":[{"name":"wp","href":"https:\/\/api.w.org\/{rel}","templated":true}]}}