{"id":284859,"date":"2025-12-12T16:20:10","date_gmt":"2025-12-12T16:20:10","guid":{"rendered":"https:\/\/www.europesays.com\/es\/284859\/"},"modified":"2025-12-12T16:20:10","modified_gmt":"2025-12-12T16:20:10","slug":"alemania-convoca-a-embajador-ruso-por-importante-ciberataque-dw-12-12-2025-2","status":"publish","type":"post","link":"https:\/\/www.europesays.com\/es\/284859\/","title":{"rendered":"Alemania convoca a embajador ruso por importante ciberataque \u2013 DW \u2013 12\/12\/2025"},"content":{"rendered":"<p>El Gobierno de <a class=\"internal-link\" href=\"https:\/\/www.dw.com\/es\/alemania\/t-17411625\" rel=\"nofollow noopener\" target=\"_blank\">Alemania<\/a>\u00a0convoc\u00f3 este viernes (12.12.2025) al embajador de <a class=\"internal-link\" href=\"https:\/\/www.dw.com\/es\/rusia\/t-17410119\" rel=\"nofollow noopener\" target=\"_blank\">Rusia<\/a>, Serguei Nech\u00e1yev, despu\u00e9s de que los servicios secretos alemanes hubieran atribuido claramente la responsabilidad de Rusia en un ciberataque contra el control del tr\u00e1fico a\u00e9reo alem\u00e1n en 2024, y una campa\u00f1a de desinformaci\u00f3n en las fechas previas a los comicios generales de febrero pasado.<\/p>\n<p>\u00abRusia amenaza nuestra seguridad, no s\u00f3lo con su guerra de agresi\u00f3n contra <a class=\"internal-link\" href=\"https:\/\/www.dw.com\/es\/ucrania\/t-36925922\" rel=\"nofollow noopener\" target=\"_blank\">Ucrania<\/a>, sino tambi\u00e9n aqu\u00ed, en Alemania. Por ello, esta ma\u00f1ana hemos convocado al embajador ruso al Ministerio de Exteriores y le hemos dejado claro que observamos muy de cerca lo que hace Rusia y que tomaremos medidas al respecto. Las acciones inadmisibles de Rusia tienen consecuencias\u00bb, inform\u00f3 en una rueda de prensa ordinaria Martin Giese, portavoz de la diplomacia germana.\u00a0<\/p>\n<p>Tambi\u00e9n expres\u00f3 la en\u00e9rgica condena de <a class=\"internal-link\" href=\"https:\/\/www.dw.com\/es\/berl\u00edn\/t-36852086\" rel=\"nofollow noopener\" target=\"_blank\">Berl\u00edn<\/a> a \u00ablos repetidos e inaceptables ataques perpetrados por agentes rusos controlados por el Estado\u00bb y asegur\u00f3 que Alemania continuar\u00e1 reforzando su apoyo a Ucrania y sus medidas de disuasi\u00f3n y defensa.\u00a0<\/p>\n<p>Agreg\u00f3, asimismo, que en estrecha coordinaci\u00f3n con sus socios europeos se est\u00e1n adoptando una serie de contramedidas \u00abpara que Rusia pague un precio por sus acciones h\u00edbridas\u00bb.<\/p>\n<p>\u00a0Adem\u00e1s, a nivel europeo se apoyan nuevas sanciones individuales contra actores h\u00edbridos, con consecuencias como la prohibici\u00f3n de entrada a determinadas personas y la congelaci\u00f3n de activos.<\/p>\n<p><img data-format=\"MASTER_LANDSCAPE\" data-id=\"74121981\" data-url=\"https:\/\/static.dw.com\/image\/74121981_${formatId}.jpg\" data-aspect-ratio=\"16\/9\" alt=\"Pasajeros se informan en las pantallas sobre vuelos cancelados por un ciberataque.\" style=\"padding-bottom: 56.25%; height: 0; max-height: 0;\"\/>Vuelos cancelados en el aeropuerto de Berl\u00edn-Brandemburgo, en septiembre de 2025, por un amplio ciberataque a aeropuertos europeos.Imagen: Michael Ukas\/dpa\/picture alliance<\/p>\n<p>Gobierno alem\u00e1n pudo \u00abreconocer claramente la firma de Mosc\u00fa\u00bb en\u00a0ciberataque<\/p>\n<p>En concreto, Giese precis\u00f3 que en base al an\u00e1lisis exhaustivo de los servicios de inteligencia alemanes, el Gobierno ha podido \u00abreconocer claramente la firma y demostrar la responsabilidad de Mosc\u00fa\u00bb, tanto en el ciberataque contra el control del tr\u00e1fico a\u00e9reo alem\u00e1n como en la campa\u00f1a de desinformaci\u00f3n en fechas previas a las elecciones al <a class=\"internal-link\" href=\"https:\/\/www.dw.com\/es\/bundestag\/t-37695306\" rel=\"nofollow noopener\" target=\"_blank\">Bundestag<\/a> (C\u00e1mara Baja).\u00a0<\/p>\n<p>\u00abLa informaci\u00f3n de nuestros servicios de inteligencia demuestra que el servicio de inteligencia militar ruso GRU es responsable de este ataque\u00bb, dijo Giese al referirse al mencionado ciberataque contra la seguridad a\u00e9rea alemana en agosto de 2024, que, dijo, puede atribuirse claramente al colectivo de j\u00e1queres APT28, conocido tambi\u00e9n como &#8216;Fancy Bear&#8217;.<\/p>\n<blockquote class=\"tiktok embed\" data-href=\"https:\/\/www.tiktok.com\/@dwnews\/video\/7582691562879044897?embed_source=121374463%2C121468991%2C121439635%2C121749182%2C121433650%2C121404358%2C121497414%2C121477481%2C121351166%2C121811500%2C121960941%2C121860360%2C121487028%2C121331973%2C120811592%2C120810756%2C121885509%3Bnull%3Bembed_masking&amp;refer=embed&amp;referer_url=www.dw.com%2Fen%2Fus-plan-to-end-russias-war-in-ukraine-where-it-stands-now%2Fa-75125356&amp;referer_video_id=7582691562879044897\"\/>\n<p>Adem\u00e1s, el Gobierno alem\u00e1n puede afirmar \u00abcon car\u00e1cter vinculante\u00bb, que a trav\u00e9s de la campa\u00f1a &#8216;Storm-1516&#8217;, Rusia intent\u00f3 \u00abinfluir y desestabilizar tanto las \u00faltimas elecciones al Bundestag como, de forma continuada, los asuntos internos de la Rep\u00fablica Federal de Alemania\u00bb, se\u00f1al\u00f3.<\/p>\n<p>En concreto, aludi\u00f3 a \u00abinformaci\u00f3n fiable\u00bb de que detr\u00e1s de ello se encuentra el laboratorio de ideas moscovita Center for Geopolitical Expertise y el Movimiento del \u00c1guila Bic\u00e9fala, \u00abapoyados por el servicio secreto militar ruso GRU\u00bb.<\/p>\n<p>\u00abEl objetivo de este ciberataque y de los ataques informativos rusos es claro. Se trata de dividir a la sociedad, fomentar la desconfianza, provocar el rechazo y debilitar la confianza en las instituciones democr\u00e1ticas. Esta manipulaci\u00f3n selectiva de la informaci\u00f3n se suma a una serie de actividades de Rusia destinadas a socavar la confianza en las instituciones y los procesos democr\u00e1ticos en Alemania\u00bb, denunci\u00f3.\u00a0<\/p>\n<p>CP (efe, afpe, rtr, dpa)<\/p>\n<p><script async src=\"\/\/www.tiktok.com\/embed.js\"><\/script><\/p>\n","protected":false},"excerpt":{"rendered":"El Gobierno de Alemania\u00a0convoc\u00f3 este viernes (12.12.2025) al embajador de Rusia, Serguei Nech\u00e1yev, despu\u00e9s de que los servicios&hellip;\n","protected":false},"author":2,"featured_media":284768,"comment_status":"","ping_status":"","sticky":false,"template":"","format":"standard","meta":{"footnotes":""},"categories":[42],"tags":[17,18,13,14,11,61,62,63,64,19,20,9,10,15,16,12,21,22,65,66,67],"class_list":{"0":"post-284859","1":"post","2":"type-post","3":"status-publish","4":"format-standard","5":"has-post-thumbnail","7":"category-internacional","8":"tag-breaking-news","9":"tag-breakingnews","10":"tag-featured-news","11":"tag-featurednews","12":"tag-headlines","13":"tag-internacional","14":"tag-international","15":"tag-international-news","16":"tag-internationalnews","17":"tag-latest-news","18":"tag-latestnews","19":"tag-news","20":"tag-noticias","21":"tag-noticias-destacadas","22":"tag-noticiasdestacadas","23":"tag-titulares","24":"tag-ultimas-noticias","25":"tag-ultimasnoticias","26":"tag-world","27":"tag-world-news","28":"tag-worldnews"},"share_on_mastodon":{"url":"https:\/\/pubeurope.com\/@es\/115707512476306402","error":""},"_links":{"self":[{"href":"https:\/\/www.europesays.com\/es\/wp-json\/wp\/v2\/posts\/284859","targetHints":{"allow":["GET"]}}],"collection":[{"href":"https:\/\/www.europesays.com\/es\/wp-json\/wp\/v2\/posts"}],"about":[{"href":"https:\/\/www.europesays.com\/es\/wp-json\/wp\/v2\/types\/post"}],"author":[{"embeddable":true,"href":"https:\/\/www.europesays.com\/es\/wp-json\/wp\/v2\/users\/2"}],"replies":[{"embeddable":true,"href":"https:\/\/www.europesays.com\/es\/wp-json\/wp\/v2\/comments?post=284859"}],"version-history":[{"count":0,"href":"https:\/\/www.europesays.com\/es\/wp-json\/wp\/v2\/posts\/284859\/revisions"}],"wp:featuredmedia":[{"embeddable":true,"href":"https:\/\/www.europesays.com\/es\/wp-json\/wp\/v2\/media\/284768"}],"wp:attachment":[{"href":"https:\/\/www.europesays.com\/es\/wp-json\/wp\/v2\/media?parent=284859"}],"wp:term":[{"taxonomy":"category","embeddable":true,"href":"https:\/\/www.europesays.com\/es\/wp-json\/wp\/v2\/categories?post=284859"},{"taxonomy":"post_tag","embeddable":true,"href":"https:\/\/www.europesays.com\/es\/wp-json\/wp\/v2\/tags?post=284859"}],"curies":[{"name":"wp","href":"https:\/\/api.w.org\/{rel}","templated":true}]}}