{"id":284860,"date":"2025-12-12T16:21:09","date_gmt":"2025-12-12T16:21:09","guid":{"rendered":"https:\/\/www.europesays.com\/es\/284860\/"},"modified":"2025-12-12T16:21:09","modified_gmt":"2025-12-12T16:21:09","slug":"la-uco-acude-a-correos-hacienda-y-transicion-ecologica","status":"publish","type":"post","link":"https:\/\/www.europesays.com\/es\/284860\/","title":{"rendered":"La UCO acude a Correos, Hacienda y Transici\u00f3n Ecol\u00f3gica"},"content":{"rendered":"<p>La Unidad Central Operativa (UCO) mantiene abierta la investigaci\u00f3n en el marco del <strong>caso Leire D\u00edez.<\/strong> Los agentes se han personado este viernes a primera hora<strong> en la sede de Correos y varias direcciones generales dependientes del Ministerio de Hacienda y el Ministerio de Transici\u00f3n Ecol\u00f3gica<\/strong> en busca de documentaci\u00f3n sobre varios expedientes de contrataci\u00f3n p\u00fablica.<\/p>\n<p>Seg\u00fan ha adelantado El Pa\u00eds y ha podido confirmar RNE por fuentes de la investigaci\u00f3n, estos requerimientos se enmarcan en la operaci\u00f3n que est\u00e1 desarrollando la Audiencia Nacional con la Fiscal\u00eda Anticorrupci\u00f3n sobre los presuntos <strong>ama\u00f1os de contratos p\u00fablicos<\/strong> en varias empresas estrat\u00e9gicas del Estado.<\/p>\n<p>Fuentes del Ministerio de Transici\u00f3n Ecol\u00f3gica aseguran que han entregado toda la documentaci\u00f3n solicitada por la Guardia Civil con total \u00abcolaboraci\u00f3n y transparencia\u00bb.<\/p>\n<p>Cabe recordar que el Juzgado tambi\u00e9n orden\u00f3 el jueves<strong> requerimientos de informaci\u00f3n en las sedes de la SEPI o de Enusa<\/strong>, empresa p\u00fablica en la que Leire D\u00edez trabaj\u00f3 una temporada.<\/p>\n<p>Tres detenidos por el caso<\/p>\n<p>Esta nueva investigaci\u00f3n est\u00e1 por el momento bajo secreto de sumario y supervisada por la Fiscal\u00eda. Por esta causa fueron detenidos esta semana la exmilitante socialista <strong>Leire D\u00edez<\/strong>, el expresidente de la SEPI <strong>Vicente Fern\u00e1ndez<\/strong>, y <strong>Antxon Alonso<\/strong>, socio del exsecretario de Organizaci\u00f3n del PSOE Santos Cerd\u00e1n en la empresa Sevinabar.<\/p>\n<p>Los arrestados pasar\u00e1n a disposici\u00f3n judicial el s\u00e1bado en la Audiencia Nacional, imputados por varios delitos de corrupci\u00f3n. Ser\u00e1 entonces cuando el juez Antonio Pi\u00f1a decida si entran en prisi\u00f3n provisional o si quedan en libertad.<\/p>\n<p>D\u00edez, que lider\u00f3 el PSOE en el municipio c\u00e1ntabro de Vega de Pas y pidi\u00f3 su baja voluntaria como afiliada en junio, est\u00e1 siendo investigada tambi\u00e9n en un juzgado madrile\u00f1o por cohecho y tr\u00e1fico de influencias por presuntas maniobras contra la Fiscal\u00eda o altos mandos de la Guardia Civil. <\/p>\n<p>La exconcejal socialista<strong> habr\u00eda \u00abliderado\u00bb una \u00abactuaci\u00f3n delictiva, continuada y coordinada\u00bb<\/strong> junto al empresario Javier P\u00e9rez Dolset y el periodista Pere Rusi\u00f1ol, tambi\u00e9n investigados. Seg\u00fan el juez instructor, pretend\u00eda malbaratar investigaciones judiciales y sacar trapos sucios de las dos instituciones. <\/p>\n<p>Por su parte, Fern\u00e1ndez Guerrero fue nombrado por el Gobierno presidente de la SEPI en junio de 2018 y dimiti\u00f3 del cargo en octubre de 2019 por su imputaci\u00f3n en el caso Aznalc\u00f3llar, por el que fue absuelto la semana pasada. En cuanto a Alonso, est\u00e1 imputado por su relaci\u00f3n con la presunta trama de corrupci\u00f3n del caso Cerd\u00e1n.<\/p>\n<p>El Gobierno garantiza toda la colaboraci\u00f3n a la UCO <\/p>\n<p>La vicepresidenta primera del Gobierno, Mar\u00eda Jes\u00fas Montero, ha garantizado este viernes la \u00ababsoluta colaboraci\u00f3n\u00bb con la UCO para trasladarles la informaci\u00f3n que requieran dentro de la investigaci\u00f3n \u00abpara llegar al esclarecimiento de la verdad\u00bb. En declaraciones a los periodistas en Sevilla, la dirigente ha dicho que espera que estas investigaciones sirvan para que \u00ablas personas que hayan podido estar implicadas en esta situaci\u00f3n<strong> brinden cuentas ante la Justicia<\/strong>\u00ab. <\/p>\n<p>Asimismo, <strong>ha recordado que la causa est\u00e1 bajo secreto de sumario<\/strong>, por lo que desconoce el motivo de los registros. \u00abEntiendo que por parte del tribunal se ha entendido que todas esas actuaciones ten\u00edan que hacerse con el sigilo, con la discreci\u00f3n necesaria para que los cuerpos y fuerzas de seguridad del Estado puedan desarrollar su trabajo\u00bb, ha sostenido. <\/p>\n<p>No obstante, ha criticado la \u00abestrategia de deshumanizaci\u00f3n del PP\u00bb al utilizar estos temas para cargar contra le Gobierno. \u00abSiempre es la mano derecha de Pedro S\u00e1nchez o la m\u00eda. He tenido m\u00e1s manos derecha que dedos\u00bb, ha ironizado Montero.<\/p>\n<p>En el PP, de hecho, no han tardado en reaccionar a las informaciones y <strong><a href=\"https:\/\/www.rtve.es\/noticias\/20251212\/pp-pide-pleno-extraordinario-congreso-ante-corrupcion-sistemica-gobierno\/16855577.shtml\" rel=\"nofollow noopener\" target=\"_blank\">pide un pleno extraordinario para la semana que viene.<\/a><\/strong> \u00abEspa\u00f1a no puede pasar sus d\u00edas entre redadas, detenciones y entradas en prisi\u00f3n de dirigentes socialistas mientras Pedro S\u00e1nchez se encierra en la Moncloa\u00bb, ha criticado el l\u00edder del PP, Alberto N\u00fa\u00f1ez Feij\u00f3o. <\/p>\n<p>A su juicio, \u00abpermanecer en el b\u00fanker sin dar explicaciones\u00bb sobre la \u00abcorrupci\u00f3n sist\u00e9mica\u00bb de su Gobierno no es una opci\u00f3n: \u00abQue comparezca ya\u00bb.<\/p>\n","protected":false},"excerpt":{"rendered":"La Unidad Central Operativa (UCO) mantiene abierta la investigaci\u00f3n en el marco del caso Leire D\u00edez. Los agentes&hellip;\n","protected":false},"author":2,"featured_media":284861,"comment_status":"","ping_status":"","sticky":false,"template":"","format":"standard","meta":{"footnotes":""},"categories":[8],"tags":[17,18,25,24,13,14,11,19,20,9,10,15,16,23,12,21,22],"class_list":{"0":"post-284860","1":"post","2":"type-post","3":"status-publish","4":"format-standard","5":"has-post-thumbnail","7":"category-espana","8":"tag-breaking-news","9":"tag-breakingnews","10":"tag-es","11":"tag-espana","12":"tag-featured-news","13":"tag-featurednews","14":"tag-headlines","15":"tag-latest-news","16":"tag-latestnews","17":"tag-news","18":"tag-noticias","19":"tag-noticias-destacadas","20":"tag-noticiasdestacadas","21":"tag-spain","22":"tag-titulares","23":"tag-ultimas-noticias","24":"tag-ultimasnoticias"},"share_on_mastodon":{"url":"https:\/\/pubeurope.com\/@es\/115707516446073085","error":""},"_links":{"self":[{"href":"https:\/\/www.europesays.com\/es\/wp-json\/wp\/v2\/posts\/284860","targetHints":{"allow":["GET"]}}],"collection":[{"href":"https:\/\/www.europesays.com\/es\/wp-json\/wp\/v2\/posts"}],"about":[{"href":"https:\/\/www.europesays.com\/es\/wp-json\/wp\/v2\/types\/post"}],"author":[{"embeddable":true,"href":"https:\/\/www.europesays.com\/es\/wp-json\/wp\/v2\/users\/2"}],"replies":[{"embeddable":true,"href":"https:\/\/www.europesays.com\/es\/wp-json\/wp\/v2\/comments?post=284860"}],"version-history":[{"count":0,"href":"https:\/\/www.europesays.com\/es\/wp-json\/wp\/v2\/posts\/284860\/revisions"}],"wp:featuredmedia":[{"embeddable":true,"href":"https:\/\/www.europesays.com\/es\/wp-json\/wp\/v2\/media\/284861"}],"wp:attachment":[{"href":"https:\/\/www.europesays.com\/es\/wp-json\/wp\/v2\/media?parent=284860"}],"wp:term":[{"taxonomy":"category","embeddable":true,"href":"https:\/\/www.europesays.com\/es\/wp-json\/wp\/v2\/categories?post=284860"},{"taxonomy":"post_tag","embeddable":true,"href":"https:\/\/www.europesays.com\/es\/wp-json\/wp\/v2\/tags?post=284860"}],"curies":[{"name":"wp","href":"https:\/\/api.w.org\/{rel}","templated":true}]}}