{"id":284862,"date":"2025-12-12T16:22:16","date_gmt":"2025-12-12T16:22:16","guid":{"rendered":"https:\/\/www.europesays.com\/es\/284862\/"},"modified":"2025-12-12T16:22:16","modified_gmt":"2025-12-12T16:22:16","slug":"la-consejera-de-fomento-anuncia-que-la-junta-de-andalucia-licitara-la-conexion-de-poligonos-en-el-primer-trimestre-de-2026","status":"publish","type":"post","link":"https:\/\/www.europesays.com\/es\/284862\/","title":{"rendered":"La consejera de Fomento anuncia que la Junta de Andaluc\u00eda licitar\u00e1 la conexi\u00f3n de pol\u00edgonos en el primer trimestre de 2026"},"content":{"rendered":"<p><strong>El proyecto, iniciado en 2019 y ya incorporado al presupuesto auton\u00f3mico, mejorar\u00e1 la movilidad industrial y la seguridad en Santa Ana<\/strong><\/p>\n<p>La consejera de Fomento, Articulaci\u00f3n del Territorio y Vivienda, Roc\u00edo D\u00edaz, ha visitado este jueves Alcal\u00e1 la Real para anunciar que la Junta de Andaluc\u00eda licitar\u00e1 en el primer trimestre de 2026 las obras de la nueva carretera que conectar\u00e1 los pol\u00edgonos industriales del Llano Mazuelos y El Chaparral. El proyecto, largamente reivindicado, contar\u00e1 con una inversi\u00f3n de 7,1 millones de euros y un plazo de ejecuci\u00f3n estimado de 15 meses.<\/p>\n<p>El alcalde, Marino Aguilera, ha dado la bienvenida a la consejera, al director general de Infraestructuras Viarias y al delegado territorial, agradeciendo \u201cuna visita muy esperada y de enorme importancia para el desarrollo econ\u00f3mico de Alcal\u00e1, pues se trata de una demanda prioritaria para nuestras empresas desde hace m\u00e1s de una d\u00e9cada\u201d.<\/p>\n<p>Aguilera ha recordado que a su llegada a la Alcald\u00eda en 2019, \u201capenas exist\u00eda una memoria valorada\u201d. Desde entonces, el Ayuntamiento y la Junta han ido avanzando de forma coordinada en los distintos tr\u00e1mites, hasta lograr su incorporaci\u00f3n definitiva a los presupuestos auton\u00f3micos. El alcalde ha agradecido expresamente el trabajo de la consejera Roc\u00edo D\u00edaz, de su antecesora, Marifr\u00e1n Carazo, y del equipo t\u00e9cnico que ha redactado el proyecto.<\/p>\n<p><img fetchpriority=\"high\" decoding=\"async\" class=\"alignnone size-full wp-image-71497\" src=\"https:\/\/www.europesays.com\/es\/wp-content\/uploads\/2025\/12\/IMG_5908.jpeg\" alt=\"\" width=\"2000\" height=\"1503\"  \/>Durante su intervenci\u00f3n, tambi\u00e9n ha puesto en valor que los presupuestos de la Junta de Andaluc\u00eda recogen otra reivindicaci\u00f3n local: la mejora de la A-403 en el tramo entre Alcal\u00e1 la Real y el l\u00edmite provincial con C\u00f3rdoba. Igualmente, ha subrayado la inclusi\u00f3n en el POTA de la necesidad de transformar la N-432 en autov\u00eda (A-81), una infraestructura cuya competencia es del Estado, pero cuya defensa por parte de la Junta \u201crefuerza la posici\u00f3n de la comarca para lograr una conexi\u00f3n estrat\u00e9gica a\u00fan pendiente\u201d.<\/p>\n<p>Por su parte, la consejera ha explicado que la Junta \u201csaldar\u00e1 una deuda hist\u00f3rica con Alcal\u00e1 la Real\u201d, recordando que la actuaci\u00f3n fue anunciada en 2018 \u201csin proyecto, sin inclusi\u00f3n en los planes de transporte y sin presupuesto\u201d. D\u00edaz ha detallado que el actual gobierno auton\u00f3mico tuvo que comenzar el procedimiento desde cero. \u201cTras 15 a\u00f1os de reclamaciones, hoy podemos dar certezas\u201d, ha remarcado, subrayando el trabajo del equipo t\u00e9cnico y de la Delegaci\u00f3n de Fomento en Ja\u00e9n, \u201cque han afrontado numerosas dificultades sin dejar los proyectos en un caj\u00f3n\u201d.<\/p>\n<p><img loading=\"lazy\" decoding=\"async\" class=\"alignnone size-full wp-image-71502\" src=\"https:\/\/www.europesays.com\/es\/wp-content\/uploads\/2025\/12\/IMG_5974.jpeg\" alt=\"\" width=\"2000\" height=\"1503\"  \/>La conexi\u00f3n mejorar\u00e1 de manera significativa la movilidad industrial en el\u00a0 municipio, as\u00ed como la seguridad vial en Santa Ana, desviando el tr\u00e1fico pesado que actualmente atraviesa su n\u00facleo urbano.<\/p>\n<p>La visita institucional ha concluido en el pol\u00edgono El Chaparral, donde la consejera ha podido conocer el trabajado que desarrolla la empresa Caiba.<\/p>\n<p><img loading=\"lazy\" decoding=\"async\" class=\"alignnone size-full wp-image-71498\" src=\"https:\/\/www.europesays.com\/es\/wp-content\/uploads\/2025\/12\/IMG_5865-scaled.jpeg\" alt=\"\" width=\"2560\" height=\"1920\"  \/><\/p>\n","protected":false},"excerpt":{"rendered":"El proyecto, iniciado en 2019 y ya incorporado al presupuesto auton\u00f3mico, mejorar\u00e1 la movilidad industrial y la seguridad&hellip;\n","protected":false},"author":2,"featured_media":284863,"comment_status":"","ping_status":"","sticky":false,"template":"","format":"standard","meta":{"footnotes":""},"categories":[5],"tags":[17,18,25,24,13,14,11,19,20,9,10,15,16,23,12,21,22],"class_list":{"0":"post-284862","1":"post","2":"type-post","3":"status-publish","4":"format-standard","5":"has-post-thumbnail","7":"category-titulares","8":"tag-breaking-news","9":"tag-breakingnews","10":"tag-es","11":"tag-espana","12":"tag-featured-news","13":"tag-featurednews","14":"tag-headlines","15":"tag-latest-news","16":"tag-latestnews","17":"tag-news","18":"tag-noticias","19":"tag-noticias-destacadas","20":"tag-noticiasdestacadas","21":"tag-spain","22":"tag-titulares","23":"tag-ultimas-noticias","24":"tag-ultimasnoticias"},"share_on_mastodon":{"url":"https:\/\/pubeurope.com\/@es\/115707520746932925","error":""},"_links":{"self":[{"href":"https:\/\/www.europesays.com\/es\/wp-json\/wp\/v2\/posts\/284862","targetHints":{"allow":["GET"]}}],"collection":[{"href":"https:\/\/www.europesays.com\/es\/wp-json\/wp\/v2\/posts"}],"about":[{"href":"https:\/\/www.europesays.com\/es\/wp-json\/wp\/v2\/types\/post"}],"author":[{"embeddable":true,"href":"https:\/\/www.europesays.com\/es\/wp-json\/wp\/v2\/users\/2"}],"replies":[{"embeddable":true,"href":"https:\/\/www.europesays.com\/es\/wp-json\/wp\/v2\/comments?post=284862"}],"version-history":[{"count":0,"href":"https:\/\/www.europesays.com\/es\/wp-json\/wp\/v2\/posts\/284862\/revisions"}],"wp:featuredmedia":[{"embeddable":true,"href":"https:\/\/www.europesays.com\/es\/wp-json\/wp\/v2\/media\/284863"}],"wp:attachment":[{"href":"https:\/\/www.europesays.com\/es\/wp-json\/wp\/v2\/media?parent=284862"}],"wp:term":[{"taxonomy":"category","embeddable":true,"href":"https:\/\/www.europesays.com\/es\/wp-json\/wp\/v2\/categories?post=284862"},{"taxonomy":"post_tag","embeddable":true,"href":"https:\/\/www.europesays.com\/es\/wp-json\/wp\/v2\/tags?post=284862"}],"curies":[{"name":"wp","href":"https:\/\/api.w.org\/{rel}","templated":true}]}}