{"id":284870,"date":"2025-12-12T16:30:16","date_gmt":"2025-12-12T16:30:16","guid":{"rendered":"https:\/\/www.europesays.com\/es\/284870\/"},"modified":"2025-12-12T16:30:16","modified_gmt":"2025-12-12T16:30:16","slug":"kuminga-deja-de-jugar-en-los-warriors-estamos-ajustando-cosas","status":"publish","type":"post","link":"https:\/\/www.europesays.com\/es\/284870\/","title":{"rendered":"Kuminga deja de jugar en los Warriors: \u201cEstamos ajustando cosas\u201d"},"content":{"rendered":"<p class=\"\">El jugador que no sab\u00eda si quedarse o marcharse, que par\u00f3 el mercado de fichajes de su equipo y el de otros, que dio un verano entre el s\u00ed y el no, <b>Jonathan Kuminga<\/b>, ataca de nuevo. Est\u00e1 meridianamente claro que no est\u00e1n en el mismo pensamiento jugador y entrenador. Despu\u00e9s de unas molestias f\u00edsicas y de que la plantilla se haya asentado tras un par de ajustes, Steve Kerr ha sacado de la rotaci\u00f3n al congole\u00f1o para sorpresa de tantos. <\/p>\n<p class=\"\">S\u00f3lo una derrota rese\u00f1able para Golden State en los \u00faltimos d\u00edas. Y es contra los Thunder, <b>124-112<\/b> frente a un conjunto que lidera la clasificaci\u00f3n global de la NBA con un balance abusivo (<b>23-1<\/b>). En Chicago, teniendo al otro lado a la franquicia que le dio la gloria como jugador junto a Jordan, Pippen y dem\u00e1s, Kerr tir\u00f3 de galones y se permiti\u00f3 hacer un cambio agresivo en la rotaci\u00f3n. Kuminga, out. El resultado es una muestra bien sencilla: 22 de diferencia. Y sin Curry, ni Stephen ni Seth, o Green, es decir, con Butler como referente absoluto y aportaci\u00f3n excepcional de jugadores que en jerarqu\u00eda est\u00e1n por debajo del africano. Que desde este verano es el cuarto jugador que m\u00e1s cobra en la plantilla, por cierto (22,5 millones). <\/p>\n<p class=\"\"><b>Kuminga<\/b> ha sido centro de atenci\u00f3n de las cr\u00edticas, derivado de su posici\u00f3n cr\u00edtica cuando ten\u00eda que renovar, en algunas derrotas que los californianos han sufrido en el \u00faltimo mes. No ha sido el \u00fanico. Podziemski es otro de los se\u00f1alados, con la actitud como una de las rese\u00f1as. O el bahame\u00f1o Hield por su implicaci\u00f3n en defensa. Aspectos que tampoco deb\u00edan pillar desprevenido a nadie. M\u00e1s bien la configuraci\u00f3n de plantilla es la que acarrea situaciones como \u00e9sas. Butler ya pidi\u00f3 cambio despu\u00e9s de uno de los encuentros perdidos y el t\u00e9cnico principal ha accedido a agitar la coctelera. <\/p>\n<p class=\"\">De momento hay brotes verdes. Los <b>Warriors<\/b> se han colocado en positivo, 13-12, en una Conferencia Oeste que es incontrolable para los conjuntos que est\u00e1n abocados a la zona media. En la minigira por el este del pa\u00eds ha habido un par de golpes en la mesa. No s\u00f3lo es ganar a los Bulls, es que ven\u00edan de vencer por cinco puntos en la cancha de los poderosos Cavaliers. Pat Spencer est\u00e1 moviendo al equipo de forma brillante, adem\u00e1s de acertar con sus tiros, y Richard hace buenas migas con Hield y Butler, cada uno en su estilo. Melton y Moody, experimentados, ayudan a Podziemski, despistado y heterodoxo, a sobrevivir como elemento fundamental entre suplentes. <\/p>\n<p class=\"\"><b>Kuminga<\/b> ha salido de la rotaci\u00f3n a pesar de renovar su contrato el pasado verano. De momento, seg\u00fan se filtr\u00f3 a la prensa local, porque el entrenador deseaba probar al brasile\u00f1o Santos ahora que hab\u00eda oportunidad. Pero el hecho es que, prolongando en dos a\u00f1os su vinculaci\u00f3n con la franquicia, no hab\u00edan desaparecido las opciones de que Jonathan salga traspasado. O en estos dos meses o el pr\u00f3ximo mercado estival. Kerr no tiene claro que esa actitud en la que se prioriza lo individual sobre lo colectivo sea la m\u00e1s beneficiosa para un equipo, por otra parte, din\u00e1stico bajo su mando. Est\u00e1 testando a todos. <\/p>\n<p class=\"\"><a href=\"https:\/\/as.com\/baloncesto\/nba\/kuminga-desbloquea-el-mercado-de-la-nba-pero-a-reganadientes-n\/\" target=\"_self\" rel=\"nofollow noopener\" title=\"https:\/\/as.com\/baloncesto\/nba\/kuminga-desbloquea-el-mercado-de-la-nba-pero-a-reganadientes-n\/\"><b>RELACIONADO | Kuminga: desbloqueo a rega\u00f1adientes<\/b><\/a><\/p>\n<p class=\"\">\u201cEsto le pasa a todos los jugadores, sean estrellas o no. Los chicos salen o se meten en rotaci\u00f3n seg\u00fan los efectivos que se tenga disponibles o c\u00f3mo est\u00e9 jugando el equipo\u201d, explic\u00f3 Steve Kerr cuando le preguntaron por el cero al que someti\u00f3 al alero. Kuminga, de s\u00f3lo 23 a\u00f1os, deb\u00eda dar el salto cualitativo con esta configuraci\u00f3n de plantilla. El que fuera n\u00famero siete del Draft 2021 est\u00e1 aportando en lo que va de temporada una media de 12 puntos. No parece suficiente para mantenerse entre los activos. \u201cDure lo que dure esto, mientras ganemos y vaya todo bien, no entiendo el punto de cambiar nada. Cuando me llamen, estar\u00e9 preparado. Hemos estado bien, las cosas funcionan, as\u00ed que no entiendo eso de sacar a alguien de la rotaci\u00f3n\u201d, apunt\u00f3. Tambi\u00e9n quiere dejar claro que hay una \u201cbuena relaci\u00f3n\u201d, quiz\u00e1 para no echar m\u00e1s gasolina al fuego, aunque la cr\u00edtica queda en el aire de igual manera. \u201cLo que pas\u00f3 en verano ya lo dej\u00e9 en el pasado. No puedo controlarlo m\u00e1s, as\u00ed que ah\u00ed queda. Hemos hablado de c\u00f3mo mejorar las cosas. Yo tengo claro que voy a mantenerme feliz, positivo y enfocado en trabajar\u201d, agreg\u00f3. <\/p>\n<p>Noticias relacionadas<a href=\"https:\/\/as.com\/baloncesto\/nba\/aldama-es-lider-en-estos-grizzlies-f202512-n\/\" class=\"s_m_w\" title=\"Santi Aldama volvi\u00f3 a ser el mejor de Memphis Grizzlies en el partido que \u00e9stos disputaron frente a los Trail Blazers en domingo. Muy buena racha del espa\u00f1ol.\" data-tb-link=\"\" rel=\"nofollow noopener\" target=\"_blank\"><img decoding=\"async\" src=\"https:\/\/www.europesays.com\/es\/wp-content\/uploads\/2025\/12\/1765557014_889_6NNRCI4MQBOARLNO6ARBV63OBI.jpg\" alt=\"Aldama es l\u00edder en estos Grizzlies\" class=\"\" height=\"9\" width=\"16\"   loading=\"lazy\" data-tb-thumbnail=\"\"\/><\/a><a href=\"https:\/\/as.com\/baloncesto\/nba\/lebron-imparte-clase-en-el-regreso-de-doncic-tras-su-paternidad-f202512-n\/\" class=\"s_m_w\" title=\"Doncic regres\u00f3 de Eslovenia tras ser padre y firm\u00f3 un triple-doble con el que ayud\u00f3 a los Lakers en el partido de Filadelfia. El decisivo fue, de todas formas, LeBron James.\" data-tb-link=\"\" rel=\"nofollow noopener\" target=\"_blank\"><img decoding=\"async\" src=\"https:\/\/www.europesays.com\/es\/wp-content\/uploads\/2025\/12\/1765557016_510_CZIQKXCK3FNKLJHRPLQUPLN45M.jpg\" alt=\"LeBron imparte clase en el regreso de Doncic tras su paternidad\" class=\"\" height=\"9\" width=\"16\"   loading=\"lazy\" data-tb-thumbnail=\"\"\/><\/a><\/p>\n<p class=\"\">Nuestra <a href=\"https:\/\/asfan.as.com\/newsletters\/\" rel=\"nofollow noopener\" target=\"_blank\">Newsletter<\/a> y alerta informativa en canal de <a href=\"https:\/\/www.whatsapp.com\/channel\/0029VaAasdA7j6g745nz9M10\" rel=\"nofollow noopener\" target=\"_blank\">WhatsApp<\/a>.<\/p>\n<p class=\"\">\u00bfBuscas licenciar contenido? <a href=\"https:\/\/profesional.elpais.com\/landing-sindicacion?utm_medium=interno&amp;utm_source=crosslinking&amp;utm_campaign=sindicacion_as_pie_articulos\" rel=\"nofollow noopener\" target=\"_blank\">Haz clic aqu\u00ed<\/a> para la informaci\u00f3n.<\/p>\n","protected":false},"excerpt":{"rendered":"El jugador que no sab\u00eda si quedarse o marcharse, que par\u00f3 el mercado de fichajes de su equipo&hellip;\n","protected":false},"author":2,"featured_media":284871,"comment_status":"","ping_status":"","sticky":false,"template":"","format":"standard","meta":{"footnotes":""},"categories":[269],"tags":[299,298,168,25,24,23,167],"class_list":{"0":"post-284870","1":"post","2":"type-post","3":"status-publish","4":"format-standard","5":"has-post-thumbnail","7":"category-baloncesto","8":"tag-baloncesto","9":"tag-basketball","10":"tag-deportes","11":"tag-es","12":"tag-espana","13":"tag-spain","14":"tag-sports"},"share_on_mastodon":{"url":"https:\/\/pubeurope.com\/@es\/115707552196540340","error":""},"_links":{"self":[{"href":"https:\/\/www.europesays.com\/es\/wp-json\/wp\/v2\/posts\/284870","targetHints":{"allow":["GET"]}}],"collection":[{"href":"https:\/\/www.europesays.com\/es\/wp-json\/wp\/v2\/posts"}],"about":[{"href":"https:\/\/www.europesays.com\/es\/wp-json\/wp\/v2\/types\/post"}],"author":[{"embeddable":true,"href":"https:\/\/www.europesays.com\/es\/wp-json\/wp\/v2\/users\/2"}],"replies":[{"embeddable":true,"href":"https:\/\/www.europesays.com\/es\/wp-json\/wp\/v2\/comments?post=284870"}],"version-history":[{"count":0,"href":"https:\/\/www.europesays.com\/es\/wp-json\/wp\/v2\/posts\/284870\/revisions"}],"wp:featuredmedia":[{"embeddable":true,"href":"https:\/\/www.europesays.com\/es\/wp-json\/wp\/v2\/media\/284871"}],"wp:attachment":[{"href":"https:\/\/www.europesays.com\/es\/wp-json\/wp\/v2\/media?parent=284870"}],"wp:term":[{"taxonomy":"category","embeddable":true,"href":"https:\/\/www.europesays.com\/es\/wp-json\/wp\/v2\/categories?post=284870"},{"taxonomy":"post_tag","embeddable":true,"href":"https:\/\/www.europesays.com\/es\/wp-json\/wp\/v2\/tags?post=284870"}],"curies":[{"name":"wp","href":"https:\/\/api.w.org\/{rel}","templated":true}]}}