{"id":284978,"date":"2025-12-12T17:46:14","date_gmt":"2025-12-12T17:46:14","guid":{"rendered":"https:\/\/www.europesays.com\/es\/284978\/"},"modified":"2025-12-12T17:46:14","modified_gmt":"2025-12-12T17:46:14","slug":"la-ultima-visita-de-garcia-erguin-al-itsasmuseum-fue-un-homenaje-en-vida","status":"publish","type":"post","link":"https:\/\/www.europesays.com\/es\/284978\/","title":{"rendered":"La \u00faltima visita de Garc\u00eda Erg\u00fcin al Itsasmuseum fue un homenaje en vida"},"content":{"rendered":"<p>Los homenajes en vida importan. Y el que recibi\u00f3 I\u00f1aki Garc\u00eda Erg\u00fcin el pasado 14 de noviembre en el Itsasmuseum \u2014a prop\u00f3sito de la presentaci\u00f3n  &#8230; de La Obra Invitada del Museo de Bellas Artes\u2014 se ha convertido este viernes en una despedida involuntaria. El pintor bilba\u00edno, fallecido a los 91 a\u00f1os, vivi\u00f3 ese d\u00eda su \u00faltima comparecencia p\u00fablica en el Museo Mar\u00edtimo, \u00aby seguramente tambi\u00e9n en la ciudad\u00bb, recuerda Jon Ruizg\u00f3mez, director del Itsasmuseum.<\/p>\n<p><a href=\"http:\/\/www.elcorreo.com\/culturas\/arte\/dejado-fruto-exprimiendo-vida-20250630012205-nt.html#vtm_modulosEngag=mod-rel:culturas:noticia:1:cmp:2-not\" class=\"v-a-link\" title=\"\u00abHe dejado fruto, exprimiendo la vida\u00bb\" rel=\"nofollow noopener\" target=\"_blank\"><br \/>\n<img decoding=\"async\" loading=\"lazy\" class=\"v-a-img\" src=\"https:\/\/www.europesays.com\/es\/wp-content\/uploads\/2025\/12\/inaki-garcia-erguin-kwhH--366x256@El Correo.jpg\" alt=\"\u00abHe dejado fruto, exprimiendo la vida\u00bb\"\/><br \/>\n<\/a><\/p>\n<p><a href=\"http:\/\/www.elcorreo.com\/culturas\/arte\/puerto-ondarroa-desembarca-itsasmuseum-obra-garcia-erguin-20251114130150-nt.html#vtm_modulosEngag=mod-rel:culturas:noticia:2:cmp:2-not\" class=\"v-a-link\" title=\"El puerto de Ondarroa desembarca en Itsasmuseum con la obra de Garc\u00eda Erg\u00fcin\" rel=\"nofollow noopener\" target=\"_blank\"><br \/>\n<img decoding=\"async\" loading=\"lazy\" class=\"v-a-img\" src=\"https:\/\/www.europesays.com\/es\/wp-content\/uploads\/2025\/12\/M1-1503010359-ksk--366x256@El Correo.JPG\" alt=\"El puerto de Ondarroa desembarca en Itsasmuseum con la obra de Garc\u00eda Erg\u00fcin\"\/><br \/>\n<\/a><\/p>\n<p class=\"v-p\">Aquel d\u00eda, Garc\u00eda Erg\u00fcin lleg\u00f3 con retraso. El artista lleg\u00f3 cuando la rueda de prensa hab\u00eda acabado debido a \u00abun peque\u00f1o malentendido de hora\u00bb, algo comprensible en una persona de 91 a\u00f1os. Pero nada empa\u00f1\u00f3 el momento: \u00abVen\u00eda con mucha ilusi\u00f3n, ven\u00eda feliz, entra\u00f1able, con ganas de contar cosas\u00bb, recuerda Jon Ruizg\u00f3mez. Frente a &#8216;Ondarroa&#8217;, una obra de 1974 expuesta cincuenta a\u00f1os despu\u00e9s, el artista empez\u00f3 a desgranar recuerdos, episodios de vida, historias suyas. Habl\u00f3 sin prisa, rodeado de un peque\u00f1o grupo de prensa junto a la restauradora Ainhoa Ota\u00f1o y al director del Bellas Artes Miguel Zugaza, que lo escuchaban como quien escucha a alguien que ya forma parte de la memoria de la ciudad. Y es lo que ser\u00e1 \u00e9l, memoria de la ciudad.<\/p>\n<p class=\"v-p\">Aquel encuentro, pensado como una visita, termin\u00f3 siendo \u00abm\u00e1s que un homenaje\u00bb: una escena \u00edntima y alegre, con Garc\u00eda Erg\u00fcin neg\u00e1ndose a sentarse en una silla incluso cuando ya no quedaba nadie en la sala. \u00abEstaba sonriente, a gusto. Sinti\u00f3 el cari\u00f1o\u00bb, resume Ruizg\u00f3mez, que destaca lo emotivo que fue acompa\u00f1arlo despu\u00e9s hasta su casa, en un trayecto que hoy se recuerda con una mezcla de ternura y despedida.<\/p>\n<p>Conferencia cancelada<\/p>\n<p class=\"v-p\">El museo ten\u00eda prevista una conferencia con \u00e9l para este mismo d\u00eda, ya aplazada por el catarro que arrastraba el pintor, pero segu\u00edan en contacto. \u00abEstuvimos preparando la conversaci\u00f3n; estaba muy animado\u00bb, recuerda Zugaza. \u00abMe hubiera gustado poder tener esa charla porque era un gran conversador sobre arte\u00bb, lamenta el director del Bellas Artes, que sol\u00eda visitarlo en su estudio. \u00abNunca dej\u00f3 de pintar. Siempre estaba en la batalla del pintor: levantarse cada d\u00eda con ganas de hacer un cuadro mejor\u00bb. Con su fallecimiento, Ondarroa \u2014que permanecer\u00e1 expuesta hasta verano\u2014 se convierte, sin pretenderlo, en la pieza que marca su \u00faltima huella p\u00fablica en Bilbao. \u00abSe va una persona a la que ten\u00edamos aprecio profesional y cari\u00f1o personal, y uno de los grandes autores del arte vasco contempor\u00e1neo, con proyecci\u00f3n internacional\u00bb, afirma Ruizg\u00f3mez. Y, como promete Zugaza, \u00abseguro que tendr\u00e1 alg\u00fan otro homenaje\u00bb.<\/p>\n<p class=\"v-p\">Zugaza recuerda tambi\u00e9n los trabajos que hicieron juntos pero destaca el que es para \u00e9l \u00abla mejor obra de I\u00f1aki\u00bb, el mural &#8216;Carmen&#8217; con la que &#8216;visti\u00f3&#8217; la fachada del museo durante las obras de 2000, que ahora se expone en la bodega Eguren. Una pieza sobre la historia escrita por Prosper M\u00e8rim\u00e9e y que Bizet convirti\u00f3 en la \u00d3pera m\u00e1s representada. \u00abRecibi\u00f3 aquel encargo como un adolescente\u00bb, sonr\u00ede. Esa mezcla de humildad y ambici\u00f3n art\u00edstica \u2014\u00abconsciente de que el arte representa cosas, pero tambi\u00e9n de que es una presi\u00f3n sobre la superficie\u00bb\u2014 es, para \u00e9l, uno de los rasgos m\u00e1s puros del pintor.<\/p>\n<p><img decoding=\"async\" loading=\"lazy\" src=\"https:\/\/www.europesays.com\/es\/wp-content\/uploads\/2025\/12\/carmen-kNb--1920x1344@El Correo.jpg\" class=\"v-a-img\" width=\"1920\" height=\"1344\" alt=\"\" data-voc-vtm-id=\"in-text-traffic\"\/><\/p>\n<p><img loading=\"lazy\" decoding=\"async\" src=\"https:\/\/www.europesays.com\/es\/wp-content\/uploads\/2025\/12\/carmen-kNb--1920x1344@El Correo.jpg\" class=\"v-mdl__img-z\" width=\"1920\" height=\"1344\" alt=\"\"\/><\/p>\n<p class=\"v-p\">El director del Bellas Artes reivindica esa doble identidad que lo caracterizaba: profundamente moderno \u2014con una tendencia al expresionismo y una pincelada que dialogaba con grandes maestros\u2014 y, al mismo tiempo, consciente de pertenecer a una genealog\u00eda art\u00edstica m\u00e1s amplia. Quiz\u00e1s por eso su relaci\u00f3n con el museo fue tan constante. \u00abSiempre rond\u00f3 el Bellas Artes como quien vuelve a una casa conocida; no solo quer\u00eda estar presente con su obra, sino con el resto de esa tradici\u00f3n a la que \u00e9l aspiraba a pertenecer\u00bb.<\/p>\n","protected":false},"excerpt":{"rendered":"Los homenajes en vida importan. Y el que recibi\u00f3 I\u00f1aki Garc\u00eda Erg\u00fcin el pasado 14 de noviembre en&hellip;\n","protected":false},"author":2,"featured_media":284979,"comment_status":"","ping_status":"","sticky":false,"template":"","format":"standard","meta":{"footnotes":""},"categories":[173],"tags":[229,233,231,230,232,234,146,147,61204,25,24,3142,6552,61203,23,1885,2606,938],"class_list":{"0":"post-284978","1":"post","2":"type-post","3":"status-publish","4":"format-standard","5":"has-post-thumbnail","7":"category-arte-y-diseno","8":"tag-arte","9":"tag-arte-y-diseno","10":"tag-arts","11":"tag-arts-and-design","12":"tag-design","13":"tag-diseno","14":"tag-entertainment","15":"tag-entretenimiento","16":"tag-erguin","17":"tag-es","18":"tag-espana","19":"tag-garcia","20":"tag-homenaje","21":"tag-itsasmuseum","22":"tag-spain","23":"tag-ultima","24":"tag-vida","25":"tag-visita"},"share_on_mastodon":{"url":"https:\/\/pubeurope.com\/@es\/115707850841141965","error":""},"_links":{"self":[{"href":"https:\/\/www.europesays.com\/es\/wp-json\/wp\/v2\/posts\/284978","targetHints":{"allow":["GET"]}}],"collection":[{"href":"https:\/\/www.europesays.com\/es\/wp-json\/wp\/v2\/posts"}],"about":[{"href":"https:\/\/www.europesays.com\/es\/wp-json\/wp\/v2\/types\/post"}],"author":[{"embeddable":true,"href":"https:\/\/www.europesays.com\/es\/wp-json\/wp\/v2\/users\/2"}],"replies":[{"embeddable":true,"href":"https:\/\/www.europesays.com\/es\/wp-json\/wp\/v2\/comments?post=284978"}],"version-history":[{"count":0,"href":"https:\/\/www.europesays.com\/es\/wp-json\/wp\/v2\/posts\/284978\/revisions"}],"wp:featuredmedia":[{"embeddable":true,"href":"https:\/\/www.europesays.com\/es\/wp-json\/wp\/v2\/media\/284979"}],"wp:attachment":[{"href":"https:\/\/www.europesays.com\/es\/wp-json\/wp\/v2\/media?parent=284978"}],"wp:term":[{"taxonomy":"category","embeddable":true,"href":"https:\/\/www.europesays.com\/es\/wp-json\/wp\/v2\/categories?post=284978"},{"taxonomy":"post_tag","embeddable":true,"href":"https:\/\/www.europesays.com\/es\/wp-json\/wp\/v2\/tags?post=284978"}],"curies":[{"name":"wp","href":"https:\/\/api.w.org\/{rel}","templated":true}]}}