{"id":284984,"date":"2025-12-12T17:50:18","date_gmt":"2025-12-12T17:50:18","guid":{"rendered":"https:\/\/www.europesays.com\/es\/284984\/"},"modified":"2025-12-12T17:50:18","modified_gmt":"2025-12-12T17:50:18","slug":"james-gunn-tiene-claro-por-que-supergirl-triunfara-es-como-los-superheroes-masculinos","status":"publish","type":"post","link":"https:\/\/www.europesays.com\/es\/284984\/","title":{"rendered":"James Gunn tiene claro por qu\u00e9 \u2018Supergirl\u2019 triunfar\u00e1: \u201cEs como los superh\u00e9roes masculinos\u201d"},"content":{"rendered":"<p class=\"\">Ayer mismo, <b>DC Studios<\/b> y <b>Warner<\/b> nos sorprendieron con el <a href=\"https:\/\/as.com\/meristation\/cine\/ni-un-pajaro-ni-un-avion-es-supergirl-surcando-el-cielo-en-el-primer-trailer-de-la-pelicula-mas-esperada-del-dcu-de-james-gunn-f202512-v\/\" target=\"_blank\" rel=\"noreferrer nofollow noopener\" title=\"https:\/\/as.com\/meristation\/cine\/ni-un-pajaro-ni-un-avion-es-supergirl-surcando-el-cielo-en-el-primer-trailer-de-la-pelicula-mas-esperada-del-dcu-de-james-gunn-f202512-v\/\">primer tr\u00e1iler<\/a> de \u2018<b>Supergirl<\/b>\u2019, la pr\u00f3xima pel\u00edcula del nuevo DCU a cargo de <b>James Gunn<\/b> tras \u2018<a href=\"https:\/\/as.com\/meristation\/cine\/critica-de-superman-el-inicio-del-universo-dc-de-james-gunn-comienza-con-muy-buen-pie-r\/\" target=\"_blank\" rel=\"noreferrer nofollow noopener\" title=\"https:\/\/as.com\/meristation\/cine\/critica-de-superman-el-inicio-del-universo-dc-de-james-gunn-comienza-con-muy-buen-pie-r\/\">Superman<\/a>\u2019. Un primer vistazo a la nueva aventura de <b>Kara Zor-El<\/b> tras su primera aparici\u00f3n a modo de cameo en la cinta dirigida por el propio <b>James Gunn<\/b> y protagonizada por <b>David Corenswet<\/b> a trav\u00e9s de un avance que no dej\u00f3 indiferente a nadie, tal y como suele ocurrir con cada nueva producci\u00f3n de DC. Ahora, el propio <b>Gunn se ha mostrado plenamente confiado del \u00e9xito<\/b> del filme que llegar\u00e1 a los cines en junio del pr\u00f3ximo a\u00f1o, asegurando que esta no es una de esas \u201c<b>superheroinas perfectas<\/b>\u201d, algo que seg\u00fan \u00e9l jugar\u00e1 a favor del <a href=\"https:\/\/as.com\/meristation\/cine\/james-gunn-lanza-una-pildora-de-supergirl-y-deja-una-pista-para-el-primer-trailer-con-milly-alcock-a-la-cabeza-f202512-n\/\" target=\"_blank\" rel=\"noreferrer nofollow noopener\" title=\"https:\/\/as.com\/meristation\/cine\/james-gunn-lanza-una-pildora-de-supergirl-y-deja-una-pista-para-el-primer-trailer-con-milly-alcock-a-la-cabeza-f202512-n\/\">personaje interpretado<\/a> por <b>Milly Alcock<\/b>.<\/p>\n<p><b>James Gunn apuesta todo a la Supergirl de Milly Alcock<\/b><\/p>\n<p class=\"\">Si bien \u2018<a href=\"https:\/\/as.com\/meristation\/cine\/dc-studios-muestra-el-primer-vistazo-oficial-al-traje-de-supergirl-y-es-alucinante-f202512-n\/\" target=\"_blank\" rel=\"noreferrer nofollow noopener\" title=\"https:\/\/as.com\/meristation\/cine\/dc-studios-muestra-el-primer-vistazo-oficial-al-traje-de-supergirl-y-es-alucinante-f202512-n\/\">Supergirl<\/a>\u2019 \u2013parece que el t\u00edtulo de \u2018<b>Supergirl: Woman of Tomorrow<\/b>\u2019 pas\u00f3 a la historia en favor de la <a href=\"https:\/\/as.com\/meristation\/cine\/los-primeros-detalles-de-man-of-tomorrow-son-puro-hype-superman-se-enfrentara-a-una-amenaza-mucho-mas-grande-n\/\" target=\"_blank\" rel=\"noreferrer nofollow noopener\" title=\"https:\/\/as.com\/meristation\/cine\/los-primeros-detalles-de-man-of-tomorrow-son-puro-hype-superman-se-enfrentara-a-una-amenaza-mucho-mas-grande-n\/\">secuela de \u2018Superman\u2019<\/a>\u2013 no tiene ni guion ni direcci\u00f3n de James Gunn, lo cierto es que su sello personal se deja notar en todo el metraje visto hasta el momento, aunque con un tono menos colorido y pop que en su anterior pel\u00edcula. Esta vez dirige <b>Craig Gillespie<\/b>, director de cintas como \u2018<b>Cruella<\/b>\u2019 o \u2018<b>Yo, Tonya<\/b>\u2019, aunque la personalidad de Kara parece sacada de la mente de Gunn, <b>apoy\u00e1ndose en el c\u00f3mic en el que se basa<\/b>.<\/p>\n<p><img decoding=\"async\" src=\"https:\/\/www.europesays.com\/es\/wp-content\/uploads\/2025\/12\/DTEYRAV6INCZ3G64O35YZCCFGQ.jpg\" alt=\"James Gunn tiene claro por qu\u00e9 \u2018Supergirl\u2019 triunfar\u00e1: \u201cEs como los superh\u00e9roes masculinos\u201d\" height=\"720\" width=\"1280\"   loading=\"lazy\"\/><\/p>\n<p class=\"\">As\u00ed de claro lo ha dejado en una reciente entrevista con <a href=\"https:\/\/www.hollywoodreporter.com\/movies\/movie-news\/james-gunn-supergirl-milly-alcock-teaser-trailer-1236447785\/\" target=\"_blank\" rel=\"noreferrer nofollow noopener\" title=\"https:\/\/www.hollywoodreporter.com\/movies\/movie-news\/james-gunn-supergirl-milly-alcock-teaser-trailer-1236447785\/\">The Hollywood Reporter<\/a>, donde ha asegurado que <b>no veremos a la Supergirl perfecta de otras visiones<\/b>, sino m\u00e1s bien a una antihero\u00edna: \u201c<b>Esta es una historia de antih\u00e9roes<\/b>\u201d, confirma Gunn. \u201c<b>Tiene muchos demonios, ha pasado por mucho<\/b>, lo que es muy diferente a la vida de Superman. Muchas veces, las superhero\u00ednas son totalmente perfectas. <b>Ella no es as\u00ed para nada, como los superh\u00e9roes masculinos han podido ser durante mucho tiempo<\/b>\u201d, explica el CEO de DC Studios.<\/p>\n<p class=\"\">Y es que si prestamos atenci\u00f3n a las palabras de Kara entre tanta acci\u00f3n y explosi\u00f3n del tr\u00e1iler, la kryptoniana asegura que \u201c<b>\u00e9l ve la bondad en todo el mundo y yo veo la verdad<\/b>\u201d, en relaci\u00f3n a la mayor diferencia entre ella y su primo Clark Kent\/Superman. Veremos si finalmente <b>\u2018Supergirl\u2019 es tan personal e irreverente<\/b> como sugieren sus responsables; desde luego, la personalidad de Kara es muy especial y la aparici\u00f3n del <b>Lobo de Jason Momoa<\/b> promete emociones fuertes tanto a nivel de trama como de acci\u00f3n. Tendremos que esperar al <b>26 de junio de 2026<\/b> para descubrir todos los secretos de \u2018<b>Supergirl<\/b>\u2019 con su estreno en cines.<\/p>\n<p><img decoding=\"async\" src=\"https:\/\/www.europesays.com\/es\/wp-content\/uploads\/2025\/12\/WCV4PITCFNE4JGVVXE4KIP4LYY.jpg\" alt=\"James Gunn tiene claro por qu\u00e9 \u2018Supergirl\u2019 triunfar\u00e1: \u201cEs como los superh\u00e9roes masculinos\u201d\" height=\"720\" width=\"1280\"   loading=\"lazy\"\/>Noticias relacionadas<\/p>\n<p class=\"\">Suscr\u00edbete al <a href=\"https:\/\/www.youtube.com\/@meristation\" target=\"_self\" rel=\"nofollow noopener\" title=\"https:\/\/www.youtube.com\/@meristation\">canal de MeriStation en YouTube<\/a>, tu web de videojuegos y entretenimiento para conocer todas las noticias y novedades sobre el mundo del videojuego, cine, series, manga y anime. An\u00e1lisis, entrevistas, tr\u00e1ileres, gameplays, p\u00f3dcast y mucho m\u00e1s. Tambi\u00e9n te animamos a seguir <a href=\"https:\/\/www.tiktok.com\/@meristation\" rel=\"nofollow noopener\" title=\"https:\/\/www.tiktok.com\/@meristation\" target=\"_blank\">nuestra cuenta de TikTok<\/a>. <\/p>\n<p class=\"\">\u00a1S\u00edguenos en ambas y, si est\u00e1s interesado en licenciar este contenido, pincha <a href=\"https:\/\/profesional.elpais.com\/soluciones-sindicacion?utm_medium=interno&amp;utm_source=crosslinking&amp;utm_campaign=sindicacion_as_pie_articulos\" target=\"_blank\" rel=\"nofollow noopener\" title=\"https:\/\/profesional.elpais.com\/soluciones-sindicacion?utm_medium=interno&amp;utm_source=crosslinking&amp;utm_campaign=sindicacion_as_pie_articulos\">aqu\u00ed<\/a>!<\/p>\n<p><script async src=\"\/\/www.tiktok.com\/embed.js\"><\/script><\/p>\n","protected":false},"excerpt":{"rendered":"Ayer mismo, DC Studios y Warner nos sorprendieron con el primer tr\u00e1iler de \u2018Supergirl\u2019, la pr\u00f3xima pel\u00edcula del&hellip;\n","protected":false},"author":2,"featured_media":284985,"comment_status":"","ping_status":"","sticky":false,"template":"","format":"standard","meta":{"footnotes":""},"categories":[169],"tags":[177,146,147,25,24,176,175,23],"class_list":{"0":"post-284984","1":"post","2":"type-post","3":"status-publish","4":"format-standard","5":"has-post-thumbnail","7":"category-cine","8":"tag-cine","9":"tag-entertainment","10":"tag-entretenimiento","11":"tag-es","12":"tag-espana","13":"tag-film","14":"tag-movies","15":"tag-spain"},"share_on_mastodon":{"url":"https:\/\/pubeurope.com\/@es\/115707866568876370","error":""},"_links":{"self":[{"href":"https:\/\/www.europesays.com\/es\/wp-json\/wp\/v2\/posts\/284984","targetHints":{"allow":["GET"]}}],"collection":[{"href":"https:\/\/www.europesays.com\/es\/wp-json\/wp\/v2\/posts"}],"about":[{"href":"https:\/\/www.europesays.com\/es\/wp-json\/wp\/v2\/types\/post"}],"author":[{"embeddable":true,"href":"https:\/\/www.europesays.com\/es\/wp-json\/wp\/v2\/users\/2"}],"replies":[{"embeddable":true,"href":"https:\/\/www.europesays.com\/es\/wp-json\/wp\/v2\/comments?post=284984"}],"version-history":[{"count":0,"href":"https:\/\/www.europesays.com\/es\/wp-json\/wp\/v2\/posts\/284984\/revisions"}],"wp:featuredmedia":[{"embeddable":true,"href":"https:\/\/www.europesays.com\/es\/wp-json\/wp\/v2\/media\/284985"}],"wp:attachment":[{"href":"https:\/\/www.europesays.com\/es\/wp-json\/wp\/v2\/media?parent=284984"}],"wp:term":[{"taxonomy":"category","embeddable":true,"href":"https:\/\/www.europesays.com\/es\/wp-json\/wp\/v2\/categories?post=284984"},{"taxonomy":"post_tag","embeddable":true,"href":"https:\/\/www.europesays.com\/es\/wp-json\/wp\/v2\/tags?post=284984"}],"curies":[{"name":"wp","href":"https:\/\/api.w.org\/{rel}","templated":true}]}}