{"id":284993,"date":"2025-12-12T17:55:15","date_gmt":"2025-12-12T17:55:15","guid":{"rendered":"https:\/\/www.europesays.com\/es\/284993\/"},"modified":"2025-12-12T17:55:15","modified_gmt":"2025-12-12T17:55:15","slug":"la-combinacion-de-2-farmacos-revoluciona-la-practica-clinica-para-mielomas","status":"publish","type":"post","link":"https:\/\/www.europesays.com\/es\/284993\/","title":{"rendered":"La combinaci\u00f3n de 2 f\u00e1rmacos revoluciona la pr\u00e1ctica cl\u00ednica para mielomas"},"content":{"rendered":"<p>\n                                                 Paciente recibiendo la combinaci\u00f3n de dos f\u00e1rmacos para combatir el mieloma m\u00faltiple.                                             <\/p>\n<p>                                            El diagn\u00f3stico de un <a href=\"https:\/\/www.redaccionmedica.com\/tags\/mieloma\" title=\"Mieloma | Redacci\u00f3n M\u00e9dica\" rel=\"nofollow noopener\" target=\"_blank\">mieloma m\u00faltiple<\/a> cambia radicalmente la vida de la persona. Y es que este tipo de c\u00e1ncer todav\u00eda es incurable. Sin embargo, los avances en el tratamiento de esta patolog\u00eda han permitido su control a partir de procedimientos que logran frenar su desarrollo. As\u00ed, la<strong> quimioterapia<\/strong> y el trasplante de c\u00e9lulas madre han permitido elevar la supervivencia del paciente de tres a m\u00e1s de diez a\u00f1os. No obstante, las reca\u00eddas acostumbran a formar parte de esta enfermedad. Eso s\u00ed, este escenario podr\u00eda cambiar tras el proyecto presentado por la presidenta de la Sociedad Espa\u00f1ola de Hematolog\u00eda y Hemoterapia. Mar\u00eda Victoria Mateos, en el Congreso Americano de la especialidad. Y es que <strong>el empleo combinado de dos anticuerpos<\/strong> servir\u00eda para<strong> detener su progresi\u00f3n durante tres a\u00f1os<\/strong>, sin emplear el tratamiento convencional.\u00a0<\/p>\n<p>Esta es la principal conclusi\u00f3n de <strong>un ensayo cl\u00ednico de car\u00e1cter internacional <\/strong>en fase tres, en el que han participado el Hospital Universitario 12 de Octubre (Madrid), el Hospital Universitario de Salamanca, el Hospital Universitario Virgen del Roc\u00edo (Sevilla) y la Cl\u00ednica Universidad de Navarra (Pamplona). \u00abHemos participado en el reclutamiento de pacientes, sino tambi\u00e9n en su dise\u00f1o\u00bb, han indicado fuentes del centro madrile\u00f1o a Redacci\u00f3n M\u00e9dica. Sus resultados, publicados en la revista cient\u00edfica The New England, muestran que <strong>cerca del 84 por ciento de los pacientes<\/strong> con mieloma m\u00faltiple refractario con entre una y tres l\u00edneas previas de tratamiento han pasado tres a\u00f1os sin experimentar progresi\u00f3n en el mal oncol\u00f3gico que les afecta.<\/p>\n<p>Para ello, los pacientes han recibido <strong>teclistamab <\/strong>-un anticuerpo biespec\u00edfico autorizado solo para reca\u00eddas tard\u00edas- en combinaci\u00f3n con <strong>daratumumab <\/strong>-un anticuerpo anti CD38 frecuentemente empleado en esta patolog\u00eda-. La administraci\u00f3n adicional del primero de manera aleatoria a una cohorte de 587 pacientes mejor\u00f3 la supervivencia libre de progresi\u00f3n del tumor en los pacientes. En concreto, se pas\u00f3 del 30 por ciento de enfermos que alcanzaban esta proporci\u00f3n con el tratamiento habitual a m\u00e1s del 80 por ciento con la mezcla. \u00abHa dado unos resultados nunca antes vistos en el campo del mieloma m\u00faltiple\u00bb, ha afirmado el miembro de la Junta Directiva de la <a href=\"https:\/\/www.redaccionmedica.com\/tags\/sociedad-espanola-de-hematologia-y-hemoterapia-sehh\" title=\"SEHH | Redacci\u00f3n M\u00e9dica\" rel=\"nofollow noopener\" target=\"_blank\">Sociedad Espa\u00f1ola de Hematolog\u00eda y Hemoterapia<\/a> (SEHH), Ra\u00fal C\u00f3rdoba, a este diario. Asimismo, tampoco se ha observado una mayor toxicidad por la aplicaci\u00f3n de los dos medicamentos.<\/p>\n<p>&#13;<br \/>\n\t&#13;<\/p>\n<tr style=\"border: 0;\">&#13;<\/p>\n<td style=\"border-width: 0px; border-style: initial; border-color: initial;text-align:center;\">&#13;<\/p>\n<p style=\"margin:0px;font-size: 25px;padding: 0px;clear: both;letter-spacing: 0px;width: unset!important;font-family: lora,sans-serif!important;color: #1f354a!important;font-style: italic!important;font-weight: 700;\">&#13;<br \/>\n\t\t\t\t\t\u00abHa dado unos resultados nunca antes vistos en el campo del mieloma m\u00faltiple\u00bb<\/p>\n<p>&#13;\n\t\t\t<\/td>\n<p>&#13;<br \/>\n\t\t<\/tr>\n<p>&#13;<br \/>\n\t&#13;<\/p>\n<p>\nSeg\u00fan han se\u00f1alado desde el Hospital Universitario 12 de Octubre, el uso de anticuerpos biespec\u00edficos supone una revoluci\u00f3n en el abordaje del mieloma m\u00faltiple, especialmente en pacientes refractarios. Los f\u00e1rmacos que cuentan con este compuesto detectan las c\u00e9lulas cancerosas y <strong>fomentan la uni\u00f3n entre esta y un linfocito<\/strong>, con la misi\u00f3n de que este la reconozca y destruya.<br \/>\n&#13;<br \/>\n\t<br \/>&#13;<br \/>\n\tLlegada a Espa\u00f1a<br \/>\n<br \/>\nM\u00e1s all\u00e1 de la participaci\u00f3n de centros del Sistema Nacional de Salud (SNS), el ensayo cl\u00ednico -llamado <strong>MajesTEC-3<\/strong>&#8211; cuenta con esencia espa\u00f1ola. Y es que la presidenta de la SEHH, Mar\u00eda Victoria Mateos, fue la encargada de presentar sus resultados en el Congreso Americano de Hematolog\u00eda. \u00abSe trata de una de las grandes revoluciones que hemos visto en esta reuni\u00f3n, por lo que la intervenci\u00f3n de Mateos supone una mayor visibilidad\u00bb, ha puntualizado C\u00f3rdoba.<\/p>\n<p>Pese a encontrarse en una fase preliminar, la implicaci\u00f3n de Espa\u00f1a augura la predisposici\u00f3n a que la aplicaci\u00f3n simult\u00e1nea de los citados f\u00e1rmacos <strong>se convierta en una realidad en las consultas de Hematolog\u00eda<\/strong>. Eso s\u00ed, de momento, hay que esperar a que las autoridades regulatorias aprueben su uso conjunto en la pr\u00e1ctica cl\u00ednica, ya que tanto teclistamab como daratumumab ya cuentan con luz verde por separado. \u00abEste estudio ha demostrado que esta combinaci\u00f3n es much\u00edsimo m\u00e1s eficaz que usando los f\u00e1rmacos en monoterapia\u00bb, ha apuntado el representante de SEHH.<\/p>\n<p>&#13;<br \/>\n\t&#13;<\/p>\n<tr style=\"border: 0;\">&#13;<\/p>\n<td style=\"border-width: 0px; border-style: initial; border-color: initial;text-align:center;\">&#13;<\/p>\n<p style=\"margin:0px;font-size: 25px;padding: 0px;clear: both;letter-spacing: 0px;width: unset!important;font-family: lora,sans-serif!important;color: #1f354a!important;font-style: italic!important;font-weight: 700;\">&#13;<br \/>\n\t\t\t\t\t\u00abConfiamos que se convierta en una realidad para pacientes de todo el mundo y, por supuesto, para los espa\u00f1oles\u00bb<\/p>\n<p>&#13;\n\t\t\t<\/td>\n<p>&#13;<br \/>\n\t\t<\/tr>\n<p>&#13;<br \/>\n\t&#13;<\/p>\n<p>\nC\u00f3rdoba ha indicado que la administraci\u00f3n combinada de estos medicamentos no estar\u00e1 disponible para pacientes <strong>hasta dentro de tres o cinco a\u00f1os aproximadamente<\/strong>, siempre que se decida financiar este tratamiento para el SNS. \u00abConfiamos que esto sea una realidad pr\u00f3ximamente para los pacientes de todo el mundo y, por supuesto para los espa\u00f1oles\u00bb, ha sentenciado el hemat\u00f3logo.                                        <\/p>\n<p>\n                                            Las informaciones publicadas en Redacci\u00f3n M\u00e9dica contienen afirmaciones, datos y declaraciones procedentes de instituciones oficiales y profesionales sanitarios. No obstante, ante cualquier duda relacionada con su salud, consulte con su especialista sanitario correspondiente.\n                                        <\/p>\n","protected":false},"excerpt":{"rendered":"Paciente recibiendo la combinaci\u00f3n de dos f\u00e1rmacos para combatir el mieloma m\u00faltiple. El diagn\u00f3stico de un mieloma m\u00faltiple&hellip;\n","protected":false},"author":2,"featured_media":284994,"comment_status":"","ping_status":"","sticky":false,"template":"","format":"standard","meta":{"footnotes":""},"categories":[80],"tags":[82,95,94,25,24,23],"class_list":{"0":"post-284993","1":"post","2":"type-post","3":"status-publish","4":"format-standard","5":"has-post-thumbnail","7":"category-economia","8":"tag-business","9":"tag-economia","10":"tag-economy","11":"tag-es","12":"tag-espana","13":"tag-spain"},"share_on_mastodon":{"url":"https:\/\/pubeurope.com\/@es\/115707885922940442","error":""},"_links":{"self":[{"href":"https:\/\/www.europesays.com\/es\/wp-json\/wp\/v2\/posts\/284993","targetHints":{"allow":["GET"]}}],"collection":[{"href":"https:\/\/www.europesays.com\/es\/wp-json\/wp\/v2\/posts"}],"about":[{"href":"https:\/\/www.europesays.com\/es\/wp-json\/wp\/v2\/types\/post"}],"author":[{"embeddable":true,"href":"https:\/\/www.europesays.com\/es\/wp-json\/wp\/v2\/users\/2"}],"replies":[{"embeddable":true,"href":"https:\/\/www.europesays.com\/es\/wp-json\/wp\/v2\/comments?post=284993"}],"version-history":[{"count":0,"href":"https:\/\/www.europesays.com\/es\/wp-json\/wp\/v2\/posts\/284993\/revisions"}],"wp:featuredmedia":[{"embeddable":true,"href":"https:\/\/www.europesays.com\/es\/wp-json\/wp\/v2\/media\/284994"}],"wp:attachment":[{"href":"https:\/\/www.europesays.com\/es\/wp-json\/wp\/v2\/media?parent=284993"}],"wp:term":[{"taxonomy":"category","embeddable":true,"href":"https:\/\/www.europesays.com\/es\/wp-json\/wp\/v2\/categories?post=284993"},{"taxonomy":"post_tag","embeddable":true,"href":"https:\/\/www.europesays.com\/es\/wp-json\/wp\/v2\/tags?post=284993"}],"curies":[{"name":"wp","href":"https:\/\/api.w.org\/{rel}","templated":true}]}}