{"id":284997,"date":"2025-12-12T17:57:09","date_gmt":"2025-12-12T17:57:09","guid":{"rendered":"https:\/\/www.europesays.com\/es\/284997\/"},"modified":"2025-12-12T17:57:09","modified_gmt":"2025-12-12T17:57:09","slug":"ultima-hora-de-la-actualidad-politica-en-directo-los-socialistas-valencianos-suspenden-de-militancia-a-berlanga-afin-a-abalos-e-investigado-en-la-trama-en-torno-a-la-sepi-el-pais","status":"publish","type":"post","link":"https:\/\/www.europesays.com\/es\/284997\/","title":{"rendered":"\u00daltima hora de la actualidad pol\u00edtica, en directo | Los socialistas valencianos suspenden de militancia a Berlanga, af\u00edn a \u00c1balos e investigado en la trama en torno a la SEPI &#8211; EL PA\u00cdS"},"content":{"rendered":"<ol>\n<li><a href=\"https:\/\/news.google.com\/rss\/articles\/CBMilAFBVV95cUxPa1VFZG1TUGNzY2YwU3Z4aThRNnFVVVYyZ2EyaGRfNEJMU1hYTWhTRTVjRGplcVdaX3Z2UUpTdVA0RS1adXJfLVRoUHFxanRJSlQzc3R5UGtyWGxJQnRZeTlzdzNhX0dUcFpOcjduMnBOeGFPN3kteHpDQ0U0enU3eTJZR0tzd0FwUVlPTFhRSnh1WHAw?oc=5\" target=\"_blank\" rel=\"nofollow noopener\">\u00daltima hora de la actualidad pol\u00edtica, en directo | Los socialistas valencianos suspenden de militancia a Berlanga, af\u00edn a \u00c1balos e investigado en la trama en torno a la SEPI<\/a>&nbsp;&nbsp;EL PA\u00cdS<\/li>\n<li><a href=\"https:\/\/news.google.com\/rss\/articles\/CBMiekFVX3lxTE9tVVVPNFlycmxnMTMydXJZclBTbVJaM0N1TmdyVmtEbU5qWHZXalFZQUhUeVFYNzk2eHNvQWxUSVlzc2NoWUN3a19Db2Y3R3pzcjJmVGdta2F1TXdMT3NiRXdlZ1JPaU5BbElZN2hOdEtrLUpSNnNEUmdB?oc=5\" target=\"_blank\" rel=\"nofollow noopener\">La UCO investiga a otra sociedad con afines a Montero y la investigaci\u00f3n provoca la dimisi\u00f3n de un dirigente en Valencia<\/a>&nbsp;&nbsp;El Mundo<\/li>\n<li><a href=\"https:\/\/news.google.com\/rss\/articles\/CBMiyAFBVV95cUxNZjhXZHF6UERPZ1Bwenp3S29ieGtXTmx0cXNvWERjVDJrcTl4OUVZbDdYMlh5X2VSeDNLNmozUHNxNTNPX2lmNG5LejVLUDZZaUd5VEQ1QXFKOEU3UUJPczNHTXY2NUJ5T0hEUXQ0RkxUeXhrc1ZZdHY3MWdBUVhxT01qbTFRMFNuVzhqUUFuMXdReGs3ckF6b1Q2a1RTVmVwdGl2cXVVbTJpQzJJeVFEdjhvenozUW1maDAxY1RsMjkwd1dHRklPOQ?oc=5\" target=\"_blank\" rel=\"nofollow noopener\">El expresidente de Enusa, suspendido de militancia en el PSOE valenciano tras ser imputado en la trama de Leire D\u00edez<\/a>&nbsp;&nbsp;ABC<\/li>\n<li><a href=\"https:\/\/news.google.com\/rss\/articles\/CBMi9wFBVV95cUxPT3B5a0NfdTJRWU4yNklCY0J6NlJ5aXdpXzlXRWwyVjR1UWVGZkxycHFtYzZqTmc5WlRKYlI4cWkyUlgzZjFmWmRfTmJrOWIyN1AzUXhudzVaRWpaZG54bFVjR3N4WElxa2ctQU9YVk9EcHpBSVJaMVQ1OEdmMVZfeHBqbmRXMzBEZ0pEaU9hVTNyZFRuOHJCV1hsUjV0VjE5OWF4bS1rSGxvRlJmZFNaWWxWUXZWODQwOFNfbGZLMC15Rk5EWWZCVUFUVVQ4Uk5jUjZkN0VkSlNLbDlSV3VRcTE1N2pGLWJOUFdzU3gwTVVtQzB4TXNJ?oc=5\" target=\"_blank\" rel=\"nofollow noopener\">Berlanga, af\u00edn a \u00c1balos, investigado por su paso por Enusa y suspendido de militancia por parte del PSPV<\/a>&nbsp;&nbsp;Valencia Plaza<\/li>\n<li><a href=\"https:\/\/news.google.com\/rss\/articles\/CBMi4AFBVV95cUxPX1k4VHlYY1JCbmNfUEhDdndOdE9PLUx3dFl3YjRPS2dwMWFSZno5MVZNRVA1aXdDR1dGT2dXTXZHazZTUDdlbXVpaGhXVnN6OVFMd3J4RXZta0ZYUXg4YkxhbjdpdUdKSlhYeVJsOFgwN3RQLTlwTHA3R19XeUZjbURkNm83eExHYnBzVVVIc0dleE1BZEt3QzJBdU04QnYwTEl0SEVSSnI0NzVKN2ttcmJjMThHa1JuY3N1RlI2aUlFdlQ4YndPMHJ0RG5OTVViT3FHX1ZQcGZ5cExYOGl1dQ?oc=5\" target=\"_blank\" rel=\"nofollow noopener\">El PSPV pide suspender a Berlanga, cargo de Valencia af\u00edn a \u00c1balos e investigado en la trama de Leire D\u00edez<\/a>&nbsp;&nbsp;elDiario.es<\/li>\n<\/ol>\n","protected":false},"excerpt":{"rendered":"\u00daltima hora de la actualidad pol\u00edtica, en directo | Los socialistas valencianos suspenden de militancia a Berlanga, af\u00edn&hellip;\n","protected":false},"author":2,"featured_media":284998,"comment_status":"","ping_status":"","sticky":false,"template":"","format":"standard","meta":{"footnotes":""},"categories":[8],"tags":[17,18,4456,6913,25,24,13,14,582,6909,248,11,19,20,6910,9,10,15,16,957,2959,952,1670,956,1699,6914,6912,23,4453,12,21,22,624,6911,4454],"class_list":{"0":"post-284997","1":"post","2":"type-post","3":"status-publish","4":"format-standard","5":"has-post-thumbnail","7":"category-espana","8":"tag-breaking-news","9":"tag-breakingnews","10":"tag-congreso-diputados","11":"tag-debates-parlamentarios","12":"tag-es","13":"tag-espana","14":"tag-featured-news","15":"tag-featurednews","16":"tag-gobierno","17":"tag-gobierno-de-coalicion","18":"tag-gobierno-de-espana","19":"tag-headlines","20":"tag-latest-news","21":"tag-latestnews","22":"tag-legislaturas-politicas","23":"tag-news","24":"tag-noticias","25":"tag-noticias-destacadas","26":"tag-noticiasdestacadas","27":"tag-partidos-politicos","28":"tag-pedro-sanchez","29":"tag-politica","30":"tag-politicos","31":"tag-pp","32":"tag-psoe","33":"tag-santiago-abascal","34":"tag-senado","35":"tag-spain","36":"tag-sumar","37":"tag-titulares","38":"tag-ultimas-noticias","39":"tag-ultimasnoticias","40":"tag-vox","41":"tag-xv-legislatura-espana","42":"tag-yolanda-diaz"},"share_on_mastodon":{"url":"","error":"Validation failed: Text character limit of 500 exceeded"},"_links":{"self":[{"href":"https:\/\/www.europesays.com\/es\/wp-json\/wp\/v2\/posts\/284997","targetHints":{"allow":["GET"]}}],"collection":[{"href":"https:\/\/www.europesays.com\/es\/wp-json\/wp\/v2\/posts"}],"about":[{"href":"https:\/\/www.europesays.com\/es\/wp-json\/wp\/v2\/types\/post"}],"author":[{"embeddable":true,"href":"https:\/\/www.europesays.com\/es\/wp-json\/wp\/v2\/users\/2"}],"replies":[{"embeddable":true,"href":"https:\/\/www.europesays.com\/es\/wp-json\/wp\/v2\/comments?post=284997"}],"version-history":[{"count":0,"href":"https:\/\/www.europesays.com\/es\/wp-json\/wp\/v2\/posts\/284997\/revisions"}],"wp:featuredmedia":[{"embeddable":true,"href":"https:\/\/www.europesays.com\/es\/wp-json\/wp\/v2\/media\/284998"}],"wp:attachment":[{"href":"https:\/\/www.europesays.com\/es\/wp-json\/wp\/v2\/media?parent=284997"}],"wp:term":[{"taxonomy":"category","embeddable":true,"href":"https:\/\/www.europesays.com\/es\/wp-json\/wp\/v2\/categories?post=284997"},{"taxonomy":"post_tag","embeddable":true,"href":"https:\/\/www.europesays.com\/es\/wp-json\/wp\/v2\/tags?post=284997"}],"curies":[{"name":"wp","href":"https:\/\/api.w.org\/{rel}","templated":true}]}}