{"id":285005,"date":"2025-12-12T18:06:22","date_gmt":"2025-12-12T18:06:22","guid":{"rendered":"https:\/\/www.europesays.com\/es\/285005\/"},"modified":"2025-12-12T18:06:22","modified_gmt":"2025-12-12T18:06:22","slug":"2026-un-antes-y-un-despues-para-joksimovic","status":"publish","type":"post","link":"https:\/\/www.europesays.com\/es\/285005\/","title":{"rendered":"2026, un antes y un despu\u00e9s para Joksimovic"},"content":{"rendered":"<p>\n        <strong>La gesti\u00f3n de los cupos de formaci\u00f3n<\/strong> de la ACB, un dolor de cabeza para el<strong> <\/strong><a href=\"https:\/\/www.noticiasdealava.eus\/baskonia\/\" title=\"Kosner Baskonia\" class=\"link copy\" rel=\"nofollow noopener\" target=\"_blank\"><strong>Kosner Baskonia<\/strong><\/a> las \u00faltimas temporadas, est\u00e1 siendo<strong> uno de los menores problemas<\/strong> del club gasteiztarra esta temporada.\n<\/p>\n<p class=\"article-body__text \">\n        No en vano, el club vitoriano ha logrado dar un importante salto de calidad en esa faceta con <strong>los fichajes de Rodions Kurucs, Matteo Spagnolo y Rafa Villar,<\/strong> presente y futuro para la entidad.\n<\/p>\n<p>            <a href=\"https:\/\/www.noticiasdealava.eus\/baskonia\/2025\/12\/11\/howard-da-senales-vida-10461686.html\" title=\"Howard da se\u00f1ales de vida (por fin)\" class=\"new__media\" rel=\"nofollow noopener\" target=\"_blank\"><\/p>\n<p>                <img alt=\"Howard da se\u00f1ales de vida (por fin)\" data-src=\"https:\/\/www.europesays.com\/es\/wp-content\/uploads\/2025\/12\/83aad47e-abec-43ea-8368-05fc174a0d00_16-9-aspect-ratio_default_0_x854y419.jpg\" class=\"lozad\"\/><\/p>\n<p>        <\/a><\/p>\n<p>        <a href=\"https:\/\/www.noticiasdealava.eus\/baskonia\/2025\/12\/11\/howard-da-senales-vida-10461686.html\" title=\"Howard da se\u00f1ales de vida (por fin)\" class=\"new__headline\" rel=\"nofollow noopener\" target=\"_blank\"><br \/>\n            Howard da se\u00f1ales de vida (por fin)<br \/>\n        <\/a><\/p>\n<p class=\"article-body__text \">\n        Este cambio en la pol\u00edtica de reclutamiento permite, entre otras cosas, que el conjunto dirigido por <strong>Paolo Galbiati<\/strong> haya podido cubrir <strong>la baja de su principal cupo, el capit\u00e1n Tadas Sedekerskis,<\/strong> con el fichaje de un jugador cotonou como <strong>el ala-p\u00edvot nigeriano Eugene Omoruyi,<\/strong> todo un lujo impensable en cursos anteriores.\n<\/p>\n<p class=\"article-body__text \">\n        A pesar de los brotes verdes en esta faceta, sin embargo, el Baskonia sigue trabajando para encontrar en su cantera jugadores que puedan ocupar esas<strong> cuatro plazas obligadas de formaci\u00f3n,<\/strong> algo que siempre supone una enorme ventaja por el ahorro econ\u00f3mico que significa no tener que acudir al mercado para reclutar cupos, <strong>escasos y costosos por lo general.<\/strong>\n<\/p>\n<p>            <a href=\"https:\/\/www.noticiasdealava.eus\/baskonia\/2025\/12\/10\/felix-baskonia-sedekerkis-2-meses-de-baja-operacion-tobillo-10452626.html\" title=\"Sedekerskis estar\u00e1 cerca de dos meses de baja tras su lesi\u00f3n con Lituania en verano\" class=\"new__media\" rel=\"nofollow noopener\" target=\"_blank\"><\/p>\n<p>                <img alt=\"Sedekerskis estar\u00e1 cerca de dos meses de baja tras su lesi\u00f3n con Lituania en verano\" data-src=\"https:\/\/www.europesays.com\/es\/wp-content\/uploads\/2025\/12\/7d3297ca-ecbb-4db9-a914-241ac59ef335_16-9-aspect-ratio_default_0_x848y539.jpg\" class=\"lozad\"\/><\/p>\n<p>        <\/a><\/p>\n<p>        <a href=\"https:\/\/www.noticiasdealava.eus\/baskonia\/2025\/12\/10\/felix-baskonia-sedekerkis-2-meses-de-baja-operacion-tobillo-10452626.html\" title=\"Sedekerskis estar\u00e1 cerca de dos meses de baja tras su lesi\u00f3n con Lituania en verano\" class=\"new__headline\" rel=\"nofollow noopener\" target=\"_blank\"><br \/>\n            Sedekerskis estar\u00e1 cerca de dos meses de baja tras su lesi\u00f3n con Lituania en verano<br \/>\n        <\/a><\/p>\n<p class=\"article-body__text \">\n        Cuando un perfil como el de Tadas Sedekerskis surge de la cantera es toda una bendici\u00f3n para el club por <strong>la flexibilidad que aporta a la plantilla y el a\u00f1adido del sentimiento de pertenencia<\/strong> que facilita operaciones como su <strong>renovaci\u00f3n hasta 2029,<\/strong> firmada en marzo del a\u00f1o pasado.\n<\/p>\n<p class=\"article-body__text \">\n        En ese sentido, todas las esperanzas est\u00e1n puestas ahora en <strong>Stefan Joksimovic<\/strong>, que esta temporada se ha convertido en <strong>uno de los jugadores m\u00e1s j\u00f3venes de la historia en vestir de azulgrana.<\/strong>\n<\/p>\n<p>            <a href=\"https:\/\/www.noticiasdealava.eus\/baskonia\/2025\/11\/30\/joksimovic-quema-etapas-gran-velocidad-baskonia-10417105.html\" title=\"Joksimovic, una quema de etapas a gran velocidad\" class=\"new__media\" rel=\"nofollow noopener\" target=\"_blank\"><\/p>\n<p>                <img alt=\"Joksimovic, una quema de etapas a gran velocidad\" data-src=\"https:\/\/estaticosgn-cdn.deia.eus\/clip\/dcf02aee-abb9-4b92-b350-93a14e105934_16-9-aspect-ratio_default_0.\" class=\"lozad\"\/><\/p>\n<p>        <\/a><\/p>\n<p>        <a href=\"https:\/\/www.noticiasdealava.eus\/baskonia\/2025\/11\/30\/joksimovic-quema-etapas-gran-velocidad-baskonia-10417105.html\" title=\"Joksimovic, una quema de etapas a gran velocidad\" class=\"new__headline\" rel=\"nofollow noopener\" target=\"_blank\"><br \/>\n            Joksimovic, una quema de etapas a gran velocidad<br \/>\n        <\/a><\/p>\n<p>  Normativa clara <\/p>\n<p class=\"article-body__text \">\n        El prometedor alero, que <strong>cumpli\u00f3 17 a\u00f1os en noviembre,<\/strong> ha disputado <strong>siete partidos entre la ACB y la Euroliga,<\/strong> debut\u00f3 en la pasada ventana FIBA con <strong>la selecci\u00f3n absoluta de Eslovenia<\/strong> y se convertir\u00e1 <strong>el pr\u00f3ximo mes de enero en cupo de formaci\u00f3n<\/strong> a todos los efectos.\n<\/p>\n<p class=\"article-body__text \">\n        Seg\u00fan la normativa actual, un jugador se considera formado en Espa\u00f1a de cara a la ACB cuando han pasado, al menos, <strong>tres a\u00f1os compitiendo en un club afiliado a la Federaci\u00f3n Espa\u00f1ola de Baloncesto.<\/strong>\n<\/p>\n<p>            <a href=\"https:\/\/www.noticiasdealava.eus\/baskonia\/2025\/11\/28\/joksimovic-debuta-eslovenia-baskonia-10411856.html\" title=\"Cruel derrota de Joksimovic con Eslovenia en las ventanas FIBA\" class=\"new__media\" rel=\"nofollow noopener\" target=\"_blank\"><\/p>\n<p>                <img alt=\"Cruel derrota de Joksimovic con Eslovenia en las ventanas FIBA\" data-src=\"https:\/\/estaticosgn-cdn.deia.eus\/clip\/a19962bc-c724-46a5-b1c7-2e035c764460_16-9-aspect-ratio_default_0.\" class=\"lozad\"\/><\/p>\n<p>        <\/a><\/p>\n<p>        <a href=\"https:\/\/www.noticiasdealava.eus\/baskonia\/2025\/11\/28\/joksimovic-debuta-eslovenia-baskonia-10411856.html\" title=\"Cruel derrota de Joksimovic con Eslovenia en las ventanas FIBA\" class=\"new__headline\" rel=\"nofollow noopener\" target=\"_blank\"><br \/>\n            Cruel derrota de Joksimovic con Eslovenia en las ventanas FIBA<br \/>\n        <\/a><\/p>\n<p class=\"article-body__text \">\n        Pues bien, <strong>Joksimovic aterriz\u00f3 en el Baskonia en enero de 2023<\/strong>, por lo que el mes que viene cumplir\u00e1 con esas exigencias y se convertir\u00e1 en cupo de formaci\u00f3n.\n<\/p>\n<p class=\"article-body__text \">\n        Esto no supondr\u00e1 ning\u00fan cambio para el Baskonia este curso, dado que <strong>Joksimovic ya computaba como cupo de formaci\u00f3n <\/strong>al contar con ficha del filial, pero a partir de la pr\u00f3xima temporada la entidad alavesa podr\u00e1 inscribirlo en el primer equipo y que ejerza como <strong>uno de los cuatro jugadores formados en Espa\u00f1a obligados.<\/strong>\n<\/p>\n<p>            <a href=\"https:\/\/www.noticiasdealava.eus\/baskonia\/2025\/12\/10\/eugene-omoruyi-refuerza-juego-interior-baskonia-10456267.html\" title=\"Eugene Omoruyi refuerza al Baskonia\" class=\"new__media\" rel=\"nofollow noopener\" target=\"_blank\"><\/p>\n<p>                <img alt=\"Eugene Omoruyi refuerza al Baskonia\" data-src=\"https:\/\/www.europesays.com\/es\/wp-content\/uploads\/2025\/12\/ff222ac1-6668-45ad-bcc0-4bdc86ef5379_16-9-aspect-ratio_default_0_x598y380.jpg\" class=\"lozad\"\/><\/p>\n<p>        <\/a><\/p>\n<p>        <a href=\"https:\/\/www.noticiasdealava.eus\/baskonia\/2025\/12\/10\/eugene-omoruyi-refuerza-juego-interior-baskonia-10456267.html\" title=\"Eugene Omoruyi refuerza al Baskonia\" class=\"new__headline\" rel=\"nofollow noopener\" target=\"_blank\"><br \/>\n            Eugene Omoruyi refuerza al Baskonia<br \/>\n        <\/a><\/p>\n<p class=\"article-body__text \">\n        No cabe duda de que esto tambi\u00e9n ser\u00e1 un incentivo para el propio Joksimovic, que se convertir\u00e1 en <strong>un jugador muy atractivo<\/strong> en el baloncesto estatal. Eso s\u00ed, no conviene echar las campanas al vuelo, ya que<strong> el talento y el potencial del esloveno no est\u00e1n pasando desapercibidos en Estados Unidos<\/strong> y la amenaza del baloncesto universitario es m\u00e1s grande que nunca ahora que los equipos tienen <strong>v\u00eda libre para pagar salarios astron\u00f3micos<\/strong> a sus jugadores.\n<\/p>\n<p class=\"article-body__text \">\n        De momento, eso s\u00ed, la confianza de Galbiati y las circunstancias por las bajas han permitido que el trabajo de formaci\u00f3n del Baskonia se vea reflejado sobre el parqu\u00e9 en varios encuentros oficiales. Algo que ni siquiera lleg\u00f3 a suceder con el franc\u00e9s <strong>Sidy Cissoko, la \u00faltima gran joya formada en Zurbano<\/strong> que ahora compite a las \u00f3rdenes de <strong>Tiago Splitter<\/strong> en los <strong>Portland Trail Blazers.<\/strong><\/p>\n","protected":false},"excerpt":{"rendered":"La gesti\u00f3n de los cupos de formaci\u00f3n de la ACB, un dolor de cabeza para el Kosner Baskonia&hellip;\n","protected":false},"author":2,"featured_media":285006,"comment_status":"","ping_status":"","sticky":false,"template":"","format":"standard","meta":{"footnotes":""},"categories":[269],"tags":[3076,299,298,4714,7959,168,987,25,24,833,8235,831,17592,23,167],"class_list":{"0":"post-285005","1":"post","2":"type-post","3":"status-publish","4":"format-standard","5":"has-post-thumbnail","7":"category-baloncesto","8":"tag-3076","9":"tag-baloncesto","10":"tag-basketball","11":"tag-baskonia","12":"tag-cupos","13":"tag-deportes","14":"tag-despues","15":"tag-es","16":"tag-espana","17":"tag-euroliga","18":"tag-joksimovic","19":"tag-liga-acb","20":"tag-paolo-galbiati","21":"tag-spain","22":"tag-sports"},"share_on_mastodon":{"url":"https:\/\/pubeurope.com\/@es\/115707929340311546","error":""},"_links":{"self":[{"href":"https:\/\/www.europesays.com\/es\/wp-json\/wp\/v2\/posts\/285005","targetHints":{"allow":["GET"]}}],"collection":[{"href":"https:\/\/www.europesays.com\/es\/wp-json\/wp\/v2\/posts"}],"about":[{"href":"https:\/\/www.europesays.com\/es\/wp-json\/wp\/v2\/types\/post"}],"author":[{"embeddable":true,"href":"https:\/\/www.europesays.com\/es\/wp-json\/wp\/v2\/users\/2"}],"replies":[{"embeddable":true,"href":"https:\/\/www.europesays.com\/es\/wp-json\/wp\/v2\/comments?post=285005"}],"version-history":[{"count":0,"href":"https:\/\/www.europesays.com\/es\/wp-json\/wp\/v2\/posts\/285005\/revisions"}],"wp:featuredmedia":[{"embeddable":true,"href":"https:\/\/www.europesays.com\/es\/wp-json\/wp\/v2\/media\/285006"}],"wp:attachment":[{"href":"https:\/\/www.europesays.com\/es\/wp-json\/wp\/v2\/media?parent=285005"}],"wp:term":[{"taxonomy":"category","embeddable":true,"href":"https:\/\/www.europesays.com\/es\/wp-json\/wp\/v2\/categories?post=285005"},{"taxonomy":"post_tag","embeddable":true,"href":"https:\/\/www.europesays.com\/es\/wp-json\/wp\/v2\/tags?post=285005"}],"curies":[{"name":"wp","href":"https:\/\/api.w.org\/{rel}","templated":true}]}}