{"id":285008,"date":"2025-12-12T18:08:10","date_gmt":"2025-12-12T18:08:10","guid":{"rendered":"https:\/\/www.europesays.com\/es\/285008\/"},"modified":"2025-12-12T18:08:10","modified_gmt":"2025-12-12T18:08:10","slug":"no-significa-que-te-falte-algo-ni-que-estes-rota","status":"publish","type":"post","link":"https:\/\/www.europesays.com\/es\/285008\/","title":{"rendered":"No significa que te falte algo, ni que est\u00e9s rota"},"content":{"rendered":"\n<ul class=\"bodyList bodyList--unordered\">\n<li class=\"bodyList__item\"><a href=\"https:\/\/www.vanitatis.elconfidencial.com\/famosos\/2025-12-12\/silvia-abril-andreu-buenafuente-estres-campanadas-1qrt_4265052\/\" target=\"_self\" rel=\"nofollow noopener\">El motivo de peso por el que Silvia Abril y Andreu Buenafuente no presentar\u00e1n las Campanadas<\/a><\/li>\n<li class=\"bodyList__item\"><a href=\"https:\/\/profile.google.com\/cp\/Cg0vZy8xMXhsazQyaHcw\" target=\"_blank\" rel=\"nofollow noopener\">Sigue a Vanitatis en Google para enterarte de todas las noticias<\/a><\/li>\n<\/ul>\n<p> La importancia de<strong> cuidar la salud mental,<\/strong> al igual que ocurre con la salud f\u00edsica, contin\u00faa siendo un tema tab\u00fa. Sin embargo, poco a poco se va avanzando camino, poniendo \u00e9nfasis en todo lo relacionado con ella. No solo de la mano de sanitarios y profesionales, sino tambi\u00e9n de <strong>numerosos famosos que alzan la voz para concienciar<\/strong> sobre esta causa. <\/p>\n<p> As\u00ed lo hizo la<a href=\"https:\/\/www.vanitatis.elconfidencial.com\/casas-reales\/2025-10-10\/reina-letizia-dia-mundial-salud-mental-caminos-libros_4225810\/\" target=\"_self\" rel=\"nofollow noopener\"> reina Letizia en el D\u00eda Mundial de la Salud Mental, <\/a>el pasado 10 de octubre, o<a href=\"https:\/\/www.vanitatis.elconfidencial.com\/famosos\/2025-03-02\/aitana-depresion-analizada-psicologos-exito-felicidad_4075066\/\" target=\"_self\" rel=\"nofollow noopener\"> Aitana en su documental &#8216;Aitana:Metamorfosis&#8217;. <\/a>Un delicado tema que se vuelve a\u00fan m\u00e1s importante en fechas se\u00f1aladas como estas, como han querido reivindicar tambi\u00e9n <strong>Sara Carbonero y Vicky Mart\u00edn Berrocal.<\/strong> <\/p>\n<blockquote class=\"instagram-media\" data-instgrm-permalink=\"https:\/\/www.instagram.com\/reel\/DSIor9RiO-M\/?utm_source=ig_embed&amp;utm_campaign=loading\" data-instgrm-version=\"14\" style=\" background:#FFF; border:0; border-radius:3px; box-shadow:0 0 1px 0 rgba(0,0,0,0.5),0 1px 10px 0 rgba(0,0,0,0.15); margin: 1px; max-width:540px; min-width:326px; padding:0; width:99.375%; width:-webkit-calc(100% - 2px); width:calc(100% - 2px);\"\/>\n<p> La periodista y la dise\u00f1adora de moda<strong> han compartido una causa com\u00fan <\/strong>en sus redes sociales, con sendas publicaciones en su perfil de Instagram. Por un lado, la andaluza ha querido lanzar una reflexi\u00f3n sobre la soledad y <strong>la importancia de no compararse con nadie.<\/strong> <\/p>\n<p> \u00abA veces estar solo es justo lo que necesitas. El domingo, sola en casa, escrib\u00ed un texto nacido de una idea simple, pero poderosa: no compares tu vida con la de nadie. Lo publiqu\u00e9 sin pensar\u2026 y recib\u00ed muchos mensajes de agradecimiento. Ah\u00ed <strong>entend\u00ed que lo que sentimos en soledad, <\/strong>a veces, es justo lo que alguien m\u00e1s necesita escuchar. Este video es para record\u00e1rtelo: <strong>Tu camino es \u00fanico. Tu tiempo, tambi\u00e9n<\/strong>\u00ab, a\u00f1ad\u00eda. <\/p>\n<p>            La soledad en Navidad, c\u00f3mo luchar contra ella           <\/p>\n<p> Mientras, Sara Carbonero ha querido <strong>hablar sobre esa soledad no siempre deseada<\/strong>, que llega desde diferentes \u00e1mbitos, y que puede verse amplificada en Navidades: \u00abEn Navidad, todo parece hablar de uni\u00f3n: calles llenas de luces, mesas repletas, anuncios que muestran familias perfectas\u2026 Pero, detr\u00e1s de ese ruido festivo, hay muchas <strong>personas que viven estas semanas de forma distinta<\/strong>\u00ab. <\/p>\n<blockquote class=\"instagram-media\" data-instgrm-permalink=\"https:\/\/www.instagram.com\/p\/DSGCQ3eDvv2\/?utm_source=ig_embed&amp;utm_campaign=loading\" data-instgrm-version=\"14\" style=\" background:#FFF; border:0; border-radius:3px; box-shadow:0 0 1px 0 rgba(0,0,0,0.5),0 1px 10px 0 rgba(0,0,0,0.15); margin: 1px; max-width:540px; min-width:326px; padding:0; width:99.375%; width:-webkit-calc(100% - 2px); width:calc(100% - 2px);\"\/>\n<p> \u00abA veces por distancia, por p\u00e9rdidas, por relaciones que ya no est\u00e1n, o simplemente porque <strong>el coraz\u00f3n se siente m\u00e1s silencioso que el mundo<\/strong>\u00ab, ha comenzado escribiendo. \u00abDesde Slowlove, junto a la Fundaci\u00f3n Manantial, hemos querido elaborar <strong>una serie de peque\u00f1os consejos<\/strong> por si estas fechas te est\u00e1n pesando\u00bb, ha a\u00f1adido. <\/p>\n<p> A la par que ha publicado una galer\u00eda sobre c<strong>\u00f3mo enfrentarse a esta emoci\u00f3n, de una manera saludable <\/strong>y de autocuidado, con palabras como: \u00abSi este a\u00f1o la Navidad te pilla con menos compa\u00f1\u00eda o con emociones mezcladas, respira. <strong>No significa que te falte algo, <\/strong>ni que est\u00e9s rota. Significa que eres humana\u00bb. A lo que suma una peque\u00f1a gu\u00eda de acompa\u00f1amiento pr\u00e1ctica y muy recomendable. <\/p>\n<p>         <script async src=\"\/\/www.instagram.com\/embed.js\"><\/script><\/p>\n","protected":false},"excerpt":{"rendered":"El motivo de peso por el que Silvia Abril y Andreu Buenafuente no presentar\u00e1n las Campanadas Sigue a&hellip;\n","protected":false},"author":2,"featured_media":285009,"comment_status":"","ping_status":"","sticky":false,"template":"","format":"standard","meta":{"footnotes":""},"categories":[174],"tags":[255,146,147,25,24,256,23],"class_list":{"0":"post-285008","1":"post","2":"type-post","3":"status-publish","4":"format-standard","5":"has-post-thumbnail","7":"category-famosos","8":"tag-celebrities","9":"tag-entertainment","10":"tag-entretenimiento","11":"tag-es","12":"tag-espana","13":"tag-famosos","14":"tag-spain"},"share_on_mastodon":{"url":"https:\/\/pubeurope.com\/@es\/115707937189216118","error":""},"_links":{"self":[{"href":"https:\/\/www.europesays.com\/es\/wp-json\/wp\/v2\/posts\/285008","targetHints":{"allow":["GET"]}}],"collection":[{"href":"https:\/\/www.europesays.com\/es\/wp-json\/wp\/v2\/posts"}],"about":[{"href":"https:\/\/www.europesays.com\/es\/wp-json\/wp\/v2\/types\/post"}],"author":[{"embeddable":true,"href":"https:\/\/www.europesays.com\/es\/wp-json\/wp\/v2\/users\/2"}],"replies":[{"embeddable":true,"href":"https:\/\/www.europesays.com\/es\/wp-json\/wp\/v2\/comments?post=285008"}],"version-history":[{"count":0,"href":"https:\/\/www.europesays.com\/es\/wp-json\/wp\/v2\/posts\/285008\/revisions"}],"wp:featuredmedia":[{"embeddable":true,"href":"https:\/\/www.europesays.com\/es\/wp-json\/wp\/v2\/media\/285009"}],"wp:attachment":[{"href":"https:\/\/www.europesays.com\/es\/wp-json\/wp\/v2\/media?parent=285008"}],"wp:term":[{"taxonomy":"category","embeddable":true,"href":"https:\/\/www.europesays.com\/es\/wp-json\/wp\/v2\/categories?post=285008"},{"taxonomy":"post_tag","embeddable":true,"href":"https:\/\/www.europesays.com\/es\/wp-json\/wp\/v2\/tags?post=285008"}],"curies":[{"name":"wp","href":"https:\/\/api.w.org\/{rel}","templated":true}]}}