{"id":285021,"date":"2025-12-12T18:16:12","date_gmt":"2025-12-12T18:16:12","guid":{"rendered":"https:\/\/www.europesays.com\/es\/285021\/"},"modified":"2025-12-12T18:16:12","modified_gmt":"2025-12-12T18:16:12","slug":"el-rey-carlos-comunicara-en-un-especial-de-television-como-ha-evolucionado-su-cancer","status":"publish","type":"post","link":"https:\/\/www.europesays.com\/es\/285021\/","title":{"rendered":"el Rey Carlos comunicar\u00e1 en un especial de televisi\u00f3n c\u00f3mo ha evolucionado su c\u00e1ncer"},"content":{"rendered":"<p style=\"\">Toda Inglaterra est\u00e1 pendiente: su Rey, <a href=\"https:\/\/www.abc.es\/gente\/carlos-iii-cumple-anos-tensiones-familiares-reformas-20251114133907-nt.html\" target=\"_self\" data-voc-vtm-id=\"in-text-traffic\" title=\"Carlos III\" data-mrf-link=\"www.abc.es\" rel=\"nofollow noopener\">Carlos III<\/a>, ofrecer\u00e1 este viernes <strong>un mensaje personal sobre el c\u00e1ncer<\/strong> que padece este viernes 12 de diciembre. Grabado hace un par de semanas en Clarence House, en Londres, se emitir\u00e1 como parte del <strong>telemarat\u00f3n ben\u00e9fico<\/strong> &#8216; &#8230; Unidos Contra el C\u00e1ncer&#8217;, con el finde recaudar dinero para la investigaci\u00f3n y cuidados oncol\u00f3gicos.<\/p>\n<p class=\"voc-p\" style=\"\"><a href=\"https:\/\/www.abc.es\/gente\/celebracion-77o-cumpleanos-rey-carlos-iii-gales-20251115180000-nt.html\" target=\"_self\" data-voc-vtm-id=\"in-text-traffic\" title=\"Carlos de Inglaterra\" data-mrf-link=\"www.abc.es\" rel=\"nofollow noopener\">Carlos de Inglaterra<\/a>, de 77 a\u00f1os, ha grabado un mensaje de v\u00eddeo en su residencia londinense para hablar sobre su lucha contra el c\u00e1ncer, seg\u00fan confirm\u00f3 el Palacio de Buckingham a la revista &#8216;People&#8217;. El documento forma parte de <strong>una velada especial<\/strong> para concienciar y recaudar fondos para la lucha contra el c\u00e1ncer, organizada por Channel 4 en colaboraci\u00f3n con Cancer Research UK.<\/p>\n<p class=\"voc-p\" style=\"\">Se espera que <a href=\"https:\/\/www.abc.es\/gente\/inteligencia-constitucional-carlos-iii-20251121180039-nt.html\" target=\"_self\" data-voc-vtm-id=\"in-text-traffic\" title=\"Carlos III\" data-mrf-link=\"www.abc.es\" rel=\"nofollow noopener\">Carlos III<\/a>, quien anunci\u00f3 en febrero de 2024 que le hab\u00edan diagnosticado c\u00e1ncer, hable sobre <strong>la importancia de las pruebas de detecci\u00f3n<\/strong> y los controles que permitir\u00edan a m\u00e1s personas detectar la enfermedad en una etapa temprana. Tambi\u00e9n reflexionar\u00e1 sobre<strong> su propia recuperaci\u00f3n<\/strong>, seg\u00fan inform\u00f3 el Palacio de Buckingham en un comunicado.<\/p>\n<p>\nHermetismo sobre su salud\n<\/p>\n<p class=\"voc-p\" style=\"\">Seg\u00fan las informaciones, o precisamente por la falta de ellas, se cree que el Monarca ingl\u00e9s contin\u00faa en tratamiento de su c\u00e1ncer, <strong>a\u00fan no identificado<\/strong>, aunque hace tiempo que no ofrece detalles sobre su evoluci\u00f3n. Al menos, intenta mantenerse activo en<strong> sus labores de representaci\u00f3n institucional<\/strong>, algo a lo que dedica todo su esfuerzo. Se puede decir que ha hecho de la atenci\u00f3n a otros pacientes, investigadores y m\u00e9dicos una parte b\u00e1sica de su labor p\u00fablica.<\/p>\n<p class=\"voc-p\" style=\"\">En mayo de 2025, tras su breve visita a Canad\u00e1, los asesores del palacio compartieron una perspectiva de c\u00f3mo, al igual que millones de personas, Carlos III conviv\u00eda con la enfermedad. \u00abLo que uno aprende sobre esta enfermedad es que <strong>simplemente la controla<\/strong>, y eso es lo que hace. La ciencia m\u00e9dica ha logrado avances incre\u00edbles. Siempre uno debe hacer lo que dicen los m\u00e9dicos, simplemente vivir la vida con la mayor normalidad posible. <strong>Eso es exactamente lo que \u00e9l est\u00e1 haciendo<\/strong>\u00bb, dijo uno de sus asesores.<\/p>\n<p class=\"voc-title\">Se puede decir que Carlos III ha hecho de la atenci\u00f3n a otros pacientes, investigadores y m\u00e9dicos una parte b\u00e1sica de su labor p\u00fablica<\/p>\n<p>\nUn tumor detectado hace dos a\u00f1os\n<\/p>\n<p class=\"voc-p\" style=\"\">Todo lo que su personal de confianza han confirmado es que no se trata de c\u00e1ncer de pr\u00f3stata. El tumor se le detect\u00f3 tras someterse a un procedimiento para tratar el agrandamiento de la pr\u00f3stata que <strong>detectaron en enero de 2024<\/strong>, y el Palacio de Buckingham revel\u00f3 que el rey ten\u00eda c\u00e1ncer el 5 de febrero. Desde la primavera de 2024, Carlos ha informado a cuentagotas sobre su evoluci\u00f3n y ha hablado m\u00e1s sobre la dificultad de afrontar <strong>los efectos secundarios del tratamiento en curso<\/strong>. En mayo de 2025, fue hospitalizado brevemente debido a una reacci\u00f3n negativa.<\/p>\n<p class=\"voc-p\" style=\"\">En diciembre del pasado a\u00f1o, sus asesores informaron que la enfermedad Carlos III estaba bajo control mientras continuaba su terapia. \u00ab<strong>Su tratamiento ha avanzado positivamente<\/strong> y, al ser una condici\u00f3n controlada, el ciclo de tratamiento continuar\u00e1 el pr\u00f3ximo a\u00f1o\u00bb, declar\u00f3 uno de sus m\u00e9dicos el 20 de diciembre de 2024.<\/p>\n","protected":false},"excerpt":{"rendered":"Toda Inglaterra est\u00e1 pendiente: su Rey, Carlos III, ofrecer\u00e1 este viernes un mensaje personal sobre el c\u00e1ncer que&hellip;\n","protected":false},"author":2,"featured_media":285022,"comment_status":"","ping_status":"","sticky":false,"template":"","format":"standard","meta":{"footnotes":""},"categories":[91],"tags":[1066,415,68782,146,147,25,24,12608,68783,332,18234,5330,23,807],"class_list":{"0":"post-285021","1":"post","2":"type-post","3":"status-publish","4":"format-standard","5":"has-post-thumbnail","7":"category-entretenimiento","8":"tag-cancer","9":"tag-carlos","10":"tag-comunicara","11":"tag-entertainment","12":"tag-entretenimiento","13":"tag-es","14":"tag-espana","15":"tag-especial","16":"tag-evolucionado","17":"tag-inglaterra","18":"tag-pendiente","19":"tag-rey","20":"tag-spain","21":"tag-television"},"share_on_mastodon":{"url":"https:\/\/pubeurope.com\/@es\/115707968702621084","error":""},"_links":{"self":[{"href":"https:\/\/www.europesays.com\/es\/wp-json\/wp\/v2\/posts\/285021","targetHints":{"allow":["GET"]}}],"collection":[{"href":"https:\/\/www.europesays.com\/es\/wp-json\/wp\/v2\/posts"}],"about":[{"href":"https:\/\/www.europesays.com\/es\/wp-json\/wp\/v2\/types\/post"}],"author":[{"embeddable":true,"href":"https:\/\/www.europesays.com\/es\/wp-json\/wp\/v2\/users\/2"}],"replies":[{"embeddable":true,"href":"https:\/\/www.europesays.com\/es\/wp-json\/wp\/v2\/comments?post=285021"}],"version-history":[{"count":0,"href":"https:\/\/www.europesays.com\/es\/wp-json\/wp\/v2\/posts\/285021\/revisions"}],"wp:featuredmedia":[{"embeddable":true,"href":"https:\/\/www.europesays.com\/es\/wp-json\/wp\/v2\/media\/285022"}],"wp:attachment":[{"href":"https:\/\/www.europesays.com\/es\/wp-json\/wp\/v2\/media?parent=285021"}],"wp:term":[{"taxonomy":"category","embeddable":true,"href":"https:\/\/www.europesays.com\/es\/wp-json\/wp\/v2\/categories?post=285021"},{"taxonomy":"post_tag","embeddable":true,"href":"https:\/\/www.europesays.com\/es\/wp-json\/wp\/v2\/tags?post=285021"}],"curies":[{"name":"wp","href":"https:\/\/api.w.org\/{rel}","templated":true}]}}