{"id":285093,"date":"2025-12-12T19:10:14","date_gmt":"2025-12-12T19:10:14","guid":{"rendered":"https:\/\/www.europesays.com\/es\/285093\/"},"modified":"2025-12-12T19:10:14","modified_gmt":"2025-12-12T19:10:14","slug":"iran-arresta-a-la-ganadora-del-nobel-de-la-paz-narges-mohammadi-reporta-su-fundacion","status":"publish","type":"post","link":"https:\/\/www.europesays.com\/es\/285093\/","title":{"rendered":"Ir\u00e1n arresta a la ganadora del Nobel de la Paz Narges Mohammadi, reporta su fundaci\u00f3n"},"content":{"rendered":"<p>      CNN<br \/>\n        \u00a0\u2014\u00a0<\/p>\n<p class=\"paragraph inline-placeholder vossi-paragraph\" data-uri=\"es.cms.cnn.com\/_components\/paragraph\/instances\/cmj2yrwxi004j26nxf0cyeain@published\" data-editable=\"text\" data-component-name=\"paragraph\" data-article-gutter=\"true\">\n            Las autoridades iran\u00edes arrestaron este viernes a la ganadora del Premio Nobel de la Paz Narges Mohammadi, inform\u00f3 su fundaci\u00f3n citando al hermano.\n    <\/p>\n<p class=\"paragraph inline-placeholder vossi-paragraph\" data-uri=\"es.cms.cnn.com\/_components\/paragraph\/instances\/cmj2yudfw0002356pxrj6uidy@published\" data-editable=\"text\" data-component-name=\"paragraph\" data-article-gutter=\"true\">\n            La fundaci\u00f3n, con sede en Par\u00eds, afirm\u00f3 que Mohammadi fue \u201cdetenida violentamente\u201d por fuerzas de seguridad y la Polic\u00eda durante una ceremonia en memoria de Khosrow Alikordi, un abogado hallado muerto recientemente en su despacho. Cit\u00f3 \u201cinformes verificados\u201d y a su hermano, Mehdi. Fue arrestada en Mashhad, la segunda ciudad m\u00e1s grande de Ir\u00e1n.\n    <\/p>\n<p class=\"paragraph inline-placeholder vossi-paragraph\" data-uri=\"es.cms.cnn.com\/_components\/paragraph\/instances\/cmj2yudfx0003356pks6ru6fk@published\" data-editable=\"text\" data-component-name=\"paragraph\" data-article-gutter=\"true\">\n            Mohammadi, una de las abogadas de derechos humanos m\u00e1s destacadas de Ir\u00e1n, gan\u00f3 el Premio Nobel de la Paz en 2023.\n    <\/p>\n<p class=\"paragraph inline-placeholder vossi-paragraph\" data-uri=\"es.cms.cnn.com\/_components\/paragraph\/instances\/cmj2yudfx0004356pck4a7afx@published\" data-editable=\"text\" data-component-name=\"paragraph\" data-article-gutter=\"true\">\n            Ha pasado la mayor parte de las \u00faltimas dos d\u00e9cadas reclusa en la prisi\u00f3n de Evin de Teher\u00e1n, conocida por albergar a cr\u00edticos del r\u00e9gimen.\n    <\/p>\n<p class=\"paragraph inline-placeholder vossi-paragraph\" data-uri=\"es.cms.cnn.com\/_components\/paragraph\/instances\/cmj36lkul0000356pictwy1l9@published\" data-editable=\"text\" data-component-name=\"paragraph\" data-article-gutter=\"true\">\n            En diciembre de 2024, las autoridades iran\u00edes suspendieron su condena de prisi\u00f3n durante tres semanas para que se recupere de una cirug\u00eda a la que se someti\u00f3 en noviembre para extirparle parte de un hueso de la parte inferior de la pierna derecha, donde los m\u00e9dicos descubrieron una lesi\u00f3n sospechosa de ser cancerosa.\n    <\/p>\n<p class=\"paragraph inline-placeholder vossi-paragraph\" data-uri=\"es.cms.cnn.com\/_components\/paragraph\/instances\/cmj36n04q0005356pefqjfo2u@published\" data-editable=\"text\" data-component-name=\"paragraph\" data-article-gutter=\"true\">\n            Se esperaba que Mohammadi regresara a prisi\u00f3n poco despu\u00e9s. Ha estado cumpliendo m\u00faltiples condenas que suman 31 a\u00f1os por presuntamente atentar contra la seguridad nacional y difundir propaganda.\n    <\/p>\n<p class=\"paragraph inline-placeholder vossi-paragraph\" data-uri=\"es.cms.cnn.com\/_components\/paragraph\/instances\/cmj36n04q0006356phrk2ldlx@published\" data-editable=\"text\" data-component-name=\"paragraph\" data-article-gutter=\"true\">\n            Durante el \u00faltimo a\u00f1o, ha continuado su activismo y se ha expresado cada vez m\u00e1s abiertamente sobre la situaci\u00f3n de los derechos humanos en Ir\u00e1n, y ha participado de diversos eventos relacionados con estos derechos en todo el mundo.\n    <\/p>\n<p class=\"paragraph inline-placeholder vossi-paragraph\" data-uri=\"es.cms.cnn.com\/_components\/paragraph\/instances\/cmj36n04r0007356p0mnst92c@published\" data-editable=\"text\" data-component-name=\"paragraph\" data-article-gutter=\"true\">\n            La semana pasada, Mohammadi escribi\u00f3 un art\u00edculo para la revista Time en el que afirm\u00f3 que el pueblo iran\u00ed no puede experimentar una verdadera paz, ya que el Estado controla todos los aspectos de su vida personal y privada.\n    <\/p>\n<p class=\"paragraph inline-placeholder vossi-paragraph\" data-uri=\"es.cms.cnn.com\/_components\/paragraph\/instances\/cmj36n04r0008356p7nm71840@published\" data-editable=\"text\" data-component-name=\"paragraph\" data-article-gutter=\"true\">\n            \u201cSu paz se ve perturbada por la vigilancia, la censura, las detenciones arbitrarias, la tortura y la constante amenaza de violencia\u201d, escribi\u00f3. En el art\u00edculo, pidi\u00f3 apoyo a la sociedad civil iran\u00ed, los medios de comunicaci\u00f3n independientes y los defensores de los derechos humanos y de los derechos de las mujeres.\n    <\/p>\n<p class=\"paragraph inline-placeholder vossi-paragraph\" data-uri=\"es.cms.cnn.com\/_components\/paragraph\/instances\/cmj36n04r0009356pheaqr3nf@published\" data-editable=\"text\" data-component-name=\"paragraph\" data-article-gutter=\"true\">\n            En una entrevista con Christiane Amanpour, de la CNN, en diciembre de 2024, durante su alta m\u00e9dica de tres semanas, se mantuvo desafiante. \u201cTanto si estoy dentro como fuera de Evin, mi objetivo es muy claro, y hasta que no logremos la democracia, no nos detendremos\u201d, declar\u00f3.\n    <\/p>\n<p class=\"paragraph inline-placeholder vossi-paragraph\" data-uri=\"es.cms.cnn.com\/_components\/paragraph\/instances\/cmj36n04r000a356pjimhc5ne@published\" data-editable=\"text\" data-component-name=\"paragraph\" data-article-gutter=\"true\">\n            \u201cQueremos libertad e igualdad\u2026 As\u00ed que, est\u00e9 donde est\u00e9, seguir\u00e9 luchando\u201d.\n    <\/p>\n<p class=\"paragraph inline-placeholder vossi-paragraph\" data-uri=\"es.cms.cnn.com\/_components\/paragraph\/instances\/cmj36n04r000b356pvmmibrkr@published\" data-editable=\"text\" data-component-name=\"paragraph\" data-article-gutter=\"true\">\n            La Fundaci\u00f3n Narges inform\u00f3 que varios activistas m\u00e1s fueron arrestados durante la ceremonia conmemorativa, pero la informaci\u00f3n sobre la situaci\u00f3n es limitada. Exigi\u00f3 \u201cla liberaci\u00f3n inmediata e incondicional de todas las personas detenidas que asist\u00edan a una ceremonia conmemorativa para presentar sus respetos y mostrar solidaridad\u201d.\n    <\/p>\n<p class=\"paragraph inline-placeholder vossi-paragraph\" data-uri=\"es.cms.cnn.com\/_components\/paragraph\/instances\/cmj36muld0003356pja10ujyi@published\" data-editable=\"text\" data-component-name=\"paragraph\" data-article-gutter=\"true\">\n            Durante su estancia en prisi\u00f3n, Mohammadi ha detallado denuncias de abuso y aislamiento de mujeres detenidas.\n    <\/p>\n<p class=\"paragraph inline-placeholder vossi-paragraph\" data-uri=\"es.cms.cnn.com\/_components\/paragraph\/instances\/cmj36qczx000i356p1tmemotq@published\" data-editable=\"text\" data-component-name=\"paragraph\" data-article-gutter=\"true\">\n            En cartas y respuestas a CNN, ha relatado incidentes de violencia sexual contra ella y otras detenidas en diferentes centros desde 1999.\n    <\/p>\n<p class=\"paragraph inline-placeholder vossi-paragraph\" data-uri=\"es.cms.cnn.com\/_components\/paragraph\/instances\/cmj36qczx000j356p60uj4ebm@published\" data-editable=\"text\" data-component-name=\"paragraph\" data-article-gutter=\"true\">\n            Presas pol\u00edticas y mujeres detenidas por cargos penales fueron agredidas por las fuerzas de seguridad, las autoridades penitenciarias y el personal m\u00e9dico, afirm\u00f3.\n    <\/p>\n<p class=\"paragraph inline-placeholder vossi-paragraph\" data-uri=\"es.cms.cnn.com\/_components\/paragraph\/instances\/cmj36qczx000k356p51m2bvta@published\" data-editable=\"text\" data-component-name=\"paragraph\" data-article-gutter=\"true\">\n            El Gobierno de Ir\u00e1n ha negado las acusaciones generalizadas de agresiones sexuales contra detenidas, incluso en una investigaci\u00f3n exhaustiva de CNN en noviembre de 2022, y las calific\u00f3 de \u201cfalsas\u201d e \u201cinfundadas\u201d.\n    <\/p>\n<p class=\"paragraph inline-placeholder vossi-paragraph\" data-uri=\"es.cms.cnn.com\/_components\/paragraph\/instances\/cmj36qczx000l356pdg7fb8rz@published\" data-editable=\"text\" data-component-name=\"paragraph\" data-article-gutter=\"true\">\n            Mohammadi tiene dos hijos, los gemelos adolescentes Kiana y Ali Rahmani, que comparte con su esposo, Taghi Rahmani. Sus hijos recibieron el Premio Nobel de la Paz en Oslo en su nombre.\n    <\/p>\n<p class=\"paragraph inline-placeholder vossi-paragraph\" data-uri=\"es.cms.cnn.com\/_components\/paragraph\/instances\/cmj36qczx000m356pshbm9rbl@published\" data-editable=\"text\" data-component-name=\"paragraph\" data-article-gutter=\"true\">\n            Rahmani, quien fue un preso pol\u00edtico durante 14 a\u00f1os, conoci\u00f3 a Mohammadi cuando ella asisti\u00f3 a sus clases clandestinas de historia contempor\u00e1nea en 1995, seg\u00fan cuenta. Anteriormente, le hab\u00eda contado a CNN que su esposa ten\u00eda una \u201cenerg\u00eda inagotable por la libertad y los derechos humanos\u201d.\n    <\/p>\n<p class=\"paragraph inline-placeholder vossi-paragraph\" data-uri=\"es.cms.cnn.com\/_components\/paragraph\/instances\/cmj36qczx000n356pp729fp3o@published\" data-editable=\"text\" data-component-name=\"paragraph\" data-article-gutter=\"true\">\n            Por su parte, su hijo Ali declar\u00f3 a CNN que estaba \u201cmuy orgulloso\u201d de su madre. \u201cNo siempre estaba con nosotros, pero siempre que lo estaba, nos cuidaba muy bien\u201d, declar\u00f3 en 2023. \u201cEra una buena madre y todav\u00eda lo es\u2026 He aceptado este tipo de vida. Cualquier sufrimiento que tenga que soportar no importa\u201d.\n    <\/p>\n","protected":false},"excerpt":{"rendered":"CNN \u00a0\u2014\u00a0 Las autoridades iran\u00edes arrestaron este viernes a la ganadora del Premio Nobel de la Paz Narges&hellip;\n","protected":false},"author":2,"featured_media":285094,"comment_status":"","ping_status":"","sticky":false,"template":"","format":"standard","meta":{"footnotes":""},"categories":[42],"tags":[17,18,13,14,11,150,61,62,63,64,3137,19,20,9,10,15,16,66675,12,21,22,65,66,67],"class_list":{"0":"post-285093","1":"post","2":"type-post","3":"status-publish","4":"format-standard","5":"has-post-thumbnail","7":"category-internacional","8":"tag-breaking-news","9":"tag-breakingnews","10":"tag-featured-news","11":"tag-featurednews","12":"tag-headlines","13":"tag-instanoticias","14":"tag-internacional","15":"tag-international","16":"tag-international-news","17":"tag-internationalnews","18":"tag-iran","19":"tag-latest-news","20":"tag-latestnews","21":"tag-news","22":"tag-noticias","23":"tag-noticias-destacadas","24":"tag-noticiasdestacadas","25":"tag-premio-nobel-de-la-paz","26":"tag-titulares","27":"tag-ultimas-noticias","28":"tag-ultimasnoticias","29":"tag-world","30":"tag-world-news","31":"tag-worldnews"},"share_on_mastodon":{"url":"https:\/\/pubeurope.com\/@es\/115708181008116648","error":""},"_links":{"self":[{"href":"https:\/\/www.europesays.com\/es\/wp-json\/wp\/v2\/posts\/285093","targetHints":{"allow":["GET"]}}],"collection":[{"href":"https:\/\/www.europesays.com\/es\/wp-json\/wp\/v2\/posts"}],"about":[{"href":"https:\/\/www.europesays.com\/es\/wp-json\/wp\/v2\/types\/post"}],"author":[{"embeddable":true,"href":"https:\/\/www.europesays.com\/es\/wp-json\/wp\/v2\/users\/2"}],"replies":[{"embeddable":true,"href":"https:\/\/www.europesays.com\/es\/wp-json\/wp\/v2\/comments?post=285093"}],"version-history":[{"count":0,"href":"https:\/\/www.europesays.com\/es\/wp-json\/wp\/v2\/posts\/285093\/revisions"}],"wp:featuredmedia":[{"embeddable":true,"href":"https:\/\/www.europesays.com\/es\/wp-json\/wp\/v2\/media\/285094"}],"wp:attachment":[{"href":"https:\/\/www.europesays.com\/es\/wp-json\/wp\/v2\/media?parent=285093"}],"wp:term":[{"taxonomy":"category","embeddable":true,"href":"https:\/\/www.europesays.com\/es\/wp-json\/wp\/v2\/categories?post=285093"},{"taxonomy":"post_tag","embeddable":true,"href":"https:\/\/www.europesays.com\/es\/wp-json\/wp\/v2\/tags?post=285093"}],"curies":[{"name":"wp","href":"https:\/\/api.w.org\/{rel}","templated":true}]}}