{"id":285110,"date":"2025-12-12T19:25:08","date_gmt":"2025-12-12T19:25:08","guid":{"rendered":"https:\/\/www.europesays.com\/es\/285110\/"},"modified":"2025-12-12T19:25:08","modified_gmt":"2025-12-12T19:25:08","slug":"asi-ha-sido-la-magica-actuacion-de-espana-frente-al-jurado-de-eurovision-junior-2025-2-minutos-de-fantasia-rtve-es","status":"publish","type":"post","link":"https:\/\/www.europesays.com\/es\/285110\/","title":{"rendered":"As\u00ed ha sido la m\u00e1gica actuaci\u00f3n de Espa\u00f1a frente al jurado de Eurovisi\u00f3n Junior 2025 \u00a12 minutos de fantas\u00eda! &#8211; RTVE.es"},"content":{"rendered":"<ol>\n<li><a href=\"https:\/\/news.google.com\/rss\/articles\/CBMiugFBVV95cUxNc3RBRFB5b2tEczU1cHJwLTA5eUR0bDFJU1dKalFDTnRPbWVSRGVabTJwaEVqYVhsWnE5RG9sYmtaTEY0QlUwZXdHYmZ1VllxUWVWSWtjREtrcGdjWHAxcThkd1MzcVM3OXlkaGptUHNIMFFDYzlBVGE2cWh4aVpYTWxyTnIxcGloUXl4ZDFUeTNwM1EyU1ZWVGFtSjdfWWpnYWt5aWh6OU53RWFLcVRuUU1rUVRuTldLVEHSAboBQVVfeXFMUGNXZGNjT1lRRVRYaXZDa21hNzZ0RFF2b2ZENVo3M3hFU2dSUVpJdXZZMU9mMkxGaHhlUDFUUEFtaVFVaFo5VXJHUDNHOXotT056dzVfTVpvTWFFNnBzc2M4NExDcEc2NFRQLWRXNGhMXzlfUmowRTBtdXQyNzJtb1lvTkh1U0NPc21oYWhKTEJFU1pFVFZuMWlkMkh3VmdIT1NvblpZZ2FiR3JRa0tNb2VSaWtoTDZ2d0RB?oc=5\" target=\"_blank\" rel=\"nofollow noopener\">As\u00ed ha sido la m\u00e1gica actuaci\u00f3n de Espa\u00f1a frente al jurado de Eurovisi\u00f3n Junior 2025 \u00a12 minutos de fantas\u00eda!<\/a>&nbsp;&nbsp;RTVE.es<\/li>\n<li><a href=\"https:\/\/news.google.com\/rss\/articles\/CBMikgFBVV95cUxQMEtaTnZNSUNkLXk5YzhSS3kxMUoxTEZlUU9TMmFnSVBjdFpDMWE0V21pVkJpZTBUTjdKbkFaUEw2MDFZdVhKVU1WZ3FfeC0xUTctZXM2VnhGWTA1dGRIMFNpNnlWNFRCRjRVSWdXZnlnenN1WGhXUW5EcXh2Q0JTelEzbW9ZYkRPc1hwcGJfRFhaZw?oc=5\" target=\"_blank\" rel=\"nofollow noopener\">C\u00f3mo votar por Espa\u00f1a en Eurovisi\u00f3n Junior 2025<\/a>&nbsp;&nbsp;EL PA\u00cdS<\/li>\n<li><a href=\"https:\/\/news.google.com\/rss\/articles\/CBMi9AFBVV95cUxQUndGSWRhRW13enA1YlAxZVpHY2VMdGowYVoteVJ1MTJXN0hwWk5UMHhsdXlYQkRjRkg0LUtmNzRBOG5HOENNbjNBOUF0WFo3Z2F4QlBUUDE0STY1ZldhX1dRTU4tVHh5V0N4LVV5dm5HNHVKUXJoVmZXQXlMRWloLU1YMmVNeThlQ3hfRGtldmU5RVNRVDJjU3JoWkJkOXJxWFdzMWIyRFVQbG9BdmZIeFU2S2N0dkdUajlzTmdZdTVhSjNxb0xwTFpITkZBZUlyY0dCWjFHRzZmdzN3bi1kZkpPeHVVLUhTT0VyQVVrUkRWcGN0?oc=5\" target=\"_blank\" rel=\"nofollow noopener\">Gonzalo Pinillos buscar\u00e1 la segunda victoria espa\u00f1ola en la XXIII Eurovisi\u00f3n Junior<\/a>&nbsp;&nbsp;La Voz de Galicia<\/li>\n<li><a href=\"https:\/\/news.google.com\/rss\/articles\/CBMia0FVX3lxTE9lRjB5Uk95S3NKelE2M29zbkM3V0hjYnhTSWdlTTF5Uk15RE94M2M0WTJhOVVvWHNFWWhyN1VtUVlyYWNvbWpLZVpFR1V2cVg5dlJOWklxcGFIRDBUQWtteXFNSWdlTHgtU0FR?oc=5\" target=\"_blank\" rel=\"nofollow noopener\">Cap\u00edtulo 7 de Tiflis 2025: \u00a1El ensayo decisivo del jurado!<\/a>&nbsp;&nbsp;Eurovision-Spain<\/li>\n<li><a href=\"https:\/\/news.google.com\/rss\/articles\/CBMizwFBVV95cUxQTXVHYTRaVTk1ak5wQUQ1NkNWZjB4WENXZmRtNzJ1UkdzSEt0T3hzb2IzR2k0Ul9BMHhLTjRrOW5US3UxeFVDdUNvOEhnSHVYbXctd2tNYTdxak0tX3hMMFRDQTBaX3N0V2psNzUzOHpaTDBQeTRhM0luakJZZ3dCcXdsX2VlMXhzaERvNFZuRFhFdjFiel8xSXFjdWsybjB1aEtqdVpMQWRzZzk4bGhNNHFhNFE3YlBkQXVScG5RMW5DS0JfbTBtSUNqLXA1S0XSAdQBQVVfeXFMUDNJMms2NWJrQ0dJRVhSQTAyV1Q1NWk4SFREdGhfSGk2QlRoeTBsS3o5RXp2RWpHdWlSaUE5NGJhSU8wcmZxTlV6b2lTcVlWa3N5eG16SW9MZEU5X1Nldkg1YmtsQnZsU2puN2xpTGZiQ3dwS3NQS1hkUFFCWWEyalUwZnBIajJqNjhuNTZHUUwtWS01RHhMSUFEVERTa0hDNUE0bEVRb21XRENxN0pVQWpLa09WdmRyNHJQN3BoWFR4S0dQeGxJVEZLdTkwTkxiZlpXQlA?oc=5\" target=\"_blank\" rel=\"nofollow noopener\">Eurovisi\u00f3n Junior 2025: horario y d\u00f3nde ver por TV en Espa\u00f1a la actuaci\u00f3n de Gonzalo Pinillos<\/a>&nbsp;&nbsp;El Confidencial<\/li>\n<\/ol>\n","protected":false},"excerpt":{"rendered":"As\u00ed ha sido la m\u00e1gica actuaci\u00f3n de Espa\u00f1a frente al jurado de Eurovisi\u00f3n Junior 2025 \u00a12 minutos de&hellip;\n","protected":false},"author":2,"featured_media":285111,"comment_status":"","ping_status":"","sticky":false,"template":"","format":"standard","meta":{"footnotes":""},"categories":[171],"tags":[146,147,25,24,23,214],"class_list":{"0":"post-285110","1":"post","2":"type-post","3":"status-publish","4":"format-standard","5":"has-post-thumbnail","7":"category-tv","8":"tag-entertainment","9":"tag-entretenimiento","10":"tag-es","11":"tag-espana","12":"tag-spain","13":"tag-tv"},"share_on_mastodon":{"url":"","error":""},"_links":{"self":[{"href":"https:\/\/www.europesays.com\/es\/wp-json\/wp\/v2\/posts\/285110","targetHints":{"allow":["GET"]}}],"collection":[{"href":"https:\/\/www.europesays.com\/es\/wp-json\/wp\/v2\/posts"}],"about":[{"href":"https:\/\/www.europesays.com\/es\/wp-json\/wp\/v2\/types\/post"}],"author":[{"embeddable":true,"href":"https:\/\/www.europesays.com\/es\/wp-json\/wp\/v2\/users\/2"}],"replies":[{"embeddable":true,"href":"https:\/\/www.europesays.com\/es\/wp-json\/wp\/v2\/comments?post=285110"}],"version-history":[{"count":0,"href":"https:\/\/www.europesays.com\/es\/wp-json\/wp\/v2\/posts\/285110\/revisions"}],"wp:featuredmedia":[{"embeddable":true,"href":"https:\/\/www.europesays.com\/es\/wp-json\/wp\/v2\/media\/285111"}],"wp:attachment":[{"href":"https:\/\/www.europesays.com\/es\/wp-json\/wp\/v2\/media?parent=285110"}],"wp:term":[{"taxonomy":"category","embeddable":true,"href":"https:\/\/www.europesays.com\/es\/wp-json\/wp\/v2\/categories?post=285110"},{"taxonomy":"post_tag","embeddable":true,"href":"https:\/\/www.europesays.com\/es\/wp-json\/wp\/v2\/tags?post=285110"}],"curies":[{"name":"wp","href":"https:\/\/api.w.org\/{rel}","templated":true}]}}