{"id":285126,"date":"2025-12-12T19:33:15","date_gmt":"2025-12-12T19:33:15","guid":{"rendered":"https:\/\/www.europesays.com\/es\/285126\/"},"modified":"2025-12-12T19:33:15","modified_gmt":"2025-12-12T19:33:15","slug":"la-psicosis-en-francia-por-el-auge-de-los-asesinatos-de-menores-a-manos-de-bandas-de-narcotraficantes","status":"publish","type":"post","link":"https:\/\/www.europesays.com\/es\/285126\/","title":{"rendered":"La \u00abpsicosis\u00bb en Francia por el auge de los asesinatos de menores a manos de bandas de narcotraficantes"},"content":{"rendered":"<p><img fetchpriority=\"high\" decoding=\"async\" src=\"https:\/\/www.europesays.com\/es\/wp-content\/uploads\/2025\/12\/04903f60-d716-11f0-a1a8-cde376def026.jpg.webp.webp\"   alt=\"Un polic\u00eda detiene a un sospechoso en Marsella.\" loading=\"eager\" width=\"940\" height=\"528\" style=\"aspect-ratio:940 \/ 528\" class=\"css-1seqhu9\"\/><\/p>\n<p class=\"css-by8ykd\" role=\"text\">Fuente de la imagen, Getty Images<\/p>\n<p>Pie de foto, Un polic\u00eda detiene a un sospechoso en Marsella.<strong id=\"article-byline\" aria-hidden=\"true\" class=\"css-2ozlq5\">Informaci\u00f3n del art\u00edculo<\/strong><\/p>\n<p dir=\"ltr\" class=\"css-s4cjt0 e1yuyadm0\">Advertencia: Este art\u00edculo contiene detalles expl\u00edcitos de violencia.<\/p>\n<p dir=\"ltr\" class=\"css-s4cjt0 e1yuyadm0\"><b>Un grupo de ni\u00f1os vio el cuerpo de Adel camino a la escuela, justo cuando sus padres se dirig\u00edan a la comisar\u00eda para denunciar su desaparici\u00f3n.<\/b><\/p>\n<p dir=\"ltr\" class=\"css-s4cjt0 e1yuyadm0\">Se reduc\u00eda a una silueta grotesca y carbonizada, reclinada, con una rodilla en alto, como si estuviera tumbado, en una de las playas cercanas de Marsella.<\/p>\n<p dir=\"ltr\" class=\"css-s4cjt0 e1yuyadm0\">Ten\u00eda 15 a\u00f1os cuando muri\u00f3 de una forma que aqu\u00ed es habitual: un disparo en la cabeza, su delgado cuerpo rociado con gasolina y prendido fuego.<\/p>\n<p dir=\"ltr\" class=\"css-s4cjt0 e1yuyadm0\">Alguien incluso film\u00f3 la escena en la playa, en la \u00faltima de una escalofriante serie de asesinatos a tiros vinculados a la r\u00e1pida evoluci\u00f3n del narcotr\u00e1fico en esta ciudad portuaria, cada vez m\u00e1s alimentado por las redes sociales y ahora marcado por actos de violencia aparentemente aleatorios y el creciente papel de los menores, a menudo obligados a participar en la venta de drogas.<\/p>\n<p>Marsella, en estado de \u00abpsicosis\u00bb<\/p>\n<p dir=\"ltr\" class=\"css-s4cjt0 e1yuyadm0\">\u00abAhora es un caos \u00ab, afirm\u00f3 un pandillero escu\u00e1lido, levant\u00e1ndose la camisa en un parque cercano para mostrarnos un torso marcado por las cicatrices de al menos cuatro balazos como resultado de un intento de asesinato por parte de una banda rival.<\/p>\n<p dir=\"ltr\" class=\"css-s4cjt0 e1yuyadm0\">El Ministerio de Justicia franc\u00e9s estima que el n\u00famero de adolescentes involucrados en tr\u00e1fico de drogas se ha m\u00e1s que cuadruplicado en los \u00faltimos ocho a\u00f1os.<\/p>\n<p dir=\"ltr\" class=\"css-s4cjt0 e1yuyadm0\">\u00abHe estado en una pandilla desde los 15 a\u00f1os. Pero todo ha cambiado ahora. Los c\u00f3digos, las reglas&#8230; ya no hay reglas. Nadie respeta nada hoy en d\u00eda. Los jefes empiezan&#8230; a usar a los j\u00f3venes. Les pagan miserias. Y terminan matando a otros sin ning\u00fan motivo aparente. Reina la anarqu\u00eda en toda la ciudad\u00bb, asegur\u00f3 el hombre, ahora de veintipocos a\u00f1os, quien nos pidi\u00f3 que us\u00e1ramos su apodo, El Inmortal.<\/p>\n<p><img decoding=\"async\" src=\"https:\/\/www.europesays.com\/es\/wp-content\/uploads\/2025\/12\/a0e1a2f0-d441-11f0-8642-e5058b210012.jpg.webp.webp\"   alt=\"El Inmortal, miembro de una pandilla de Marsella, muestra sus heridas de bala en un ataque de una pandilla rival.\" loading=\"lazy\" width=\"1920\" height=\"1080\" style=\"aspect-ratio:1920 \/ 1080\" class=\"css-1seqhu9\"\/>Pie de foto, El Inmortal, miembro de una pandilla de Marsella, muestra sus heridas de bala en un ataque de una pandilla rival.<\/p>\n<p dir=\"ltr\" class=\"css-s4cjt0 e1yuyadm0\">Polic\u00edas, abogados, pol\u00edticos y organizadores comunitarios en Marsella hablan de una psicosis -un estado de trauma o p\u00e1nico colectivo- que se apodera de partes de la ciudad, mientras debaten si contraatacar con una acci\u00f3n policial cada vez m\u00e1s contundente o con nuevos intentos para abordar la arraigada pobreza.<\/p>\n<p dir=\"ltr\" class=\"css-s4cjt0 e1yuyadm0\">\u00abHay un ambiente de miedo. Es evidente que los narcotraficantes dominan y ganan terreno cada d\u00eda\u00bb, declar\u00f3 una abogada local, que pidi\u00f3 permanecer en el anonimato por temor a represalias contra ella o su familia.<\/p>\n<p dir=\"ltr\" class=\"css-s4cjt0 e1yuyadm0\">\u00abEl Estado de derecho est\u00e1 ahora subordinado a las bandas. Hasta que no tengamos un Estado fuerte de nuevo, debemos tomar precauciones\u00bb, puntualiz\u00f3, sobre su reciente decisi\u00f3n de dejar de representar a las v\u00edctimas de la violencia de las bandas.<\/p>\n<p dir=\"ltr\" class=\"css-s4cjt0 e1yuyadm0\">Durante el verano, varias ciudades francesas impusieron toques de queda nocturnos a los adolescentes tras una oleada de violencia relacionada con el narcotr\u00e1fico.<\/p>\n<p dir=\"ltr\" class=\"css-s4cjt0 e1yuyadm0\">El presidente de Francia, Emmanuel Macron, mantuvo conversaciones el jueves para intentar responder a la crisis.<\/p>\n<p dir=\"ltr\" class=\"css-s4cjt0 e1yuyadm0\">\u00abHay tanta competencia en el narcotr\u00e1fico que la gente est\u00e1 dispuesta a todo\u00bb, asever\u00f3 el organizador comunitario Mohamed Benmeddour.<\/p>\n<p dir=\"ltr\" class=\"css-s4cjt0 e1yuyadm0\">Y agreg\u00f3: \u00abTenemos chicos de 13 o 14 a\u00f1os que vienen como vig\u00edas o traficantes. Los j\u00f3venes ven cad\u00e1veres, oyen hablar de ellos, todos los d\u00edas. Y ya no tienen miedo de matar ni de que los maten\u00bb.<\/p>\n<p dir=\"ltr\" class=\"css-s4cjt0 e1yuyadm0\">El detonante de la actual psicosis en Marsella fue el asesinato, el mes pasado, de Mehdi Kessaci, un polic\u00eda en pr\u00e1cticas de 20 a\u00f1os sin v\u00ednculos con el narcotr\u00e1fico.<\/p>\n<p dir=\"ltr\" class=\"css-s4cjt0 e1yuyadm0\">Se cree que su muerte pretend\u00eda ser una advertencia para su hermano, un destacado activista antipandillas de 22 a\u00f1os y aspirante a pol\u00edtico llamado Amine Kessaci.<\/p>\n<p dir=\"ltr\" class=\"css-s4cjt0 e1yuyadm0\">Bajo estrecha protecci\u00f3n policial, Kessaci habl\u00f3 con la BBC sobre la muerte de Mehdi y la culpa que siente.<\/p>\n<p dir=\"ltr\" class=\"css-s4cjt0 e1yuyadm0\">\u00ab\u00bfDeber\u00eda haber obligado a mi familia a irse de Marsella? La lucha de mi vida ser\u00e1 esta lucha contra la culpa\u00bb, lament\u00f3.<\/p>\n<p><img decoding=\"async\" src=\"https:\/\/www.europesays.com\/es\/wp-content\/uploads\/2025\/12\/0b5f2440-d442-11f0-8642-e5058b210012.jpg.webp.webp\"   alt=\"El activista antidrogas franc\u00e9s Amine Kessaci (centro) est\u00e1 de luto por su hermano Mehdi, asesinado en Marsella.\" loading=\"lazy\" width=\"3243\" height=\"1824\" style=\"aspect-ratio:3243 \/ 1824\" class=\"css-1seqhu9\"\/><\/p>\n<p class=\"css-by8ykd\" role=\"text\">Fuente de la imagen, AFP via Getty Images<\/p>\n<p>Pie de foto, El activista antidrogas franc\u00e9s Amine Kessaci (centro) de luto por su hermano Mehdi, asesinado en Marsella.<\/p>\n<p dir=\"ltr\" class=\"css-s4cjt0 e1yuyadm0\">Amine Kessaci salt\u00f3 a la fama en Francia en 2020 tras el asesinato de su hermano mayor, un pandillero llamado Brahim.<\/p>\n<p dir=\"ltr\" class=\"css-s4cjt0 e1yuyadm0\">\u00abLlevamos a\u00f1os con esta psicosis. Sab\u00edamos que nuestras vidas pend\u00edan de un solo hilo. Pero todo cambi\u00f3 desde el covid-19. Los agresores son cada vez m\u00e1s j\u00f3venes. Las v\u00edctimas son cada vez m\u00e1s j\u00f3venes\u00bb, afirm\u00f3.<\/p>\n<p dir=\"ltr\" class=\"css-s4cjt0 e1yuyadm0\">\u00abMi hermano peque\u00f1o fue una v\u00edctima inocente. Hubo una \u00e9poca en que los verdaderos matones ten\u00edan un c\u00f3digo moral. No se mata de d\u00eda. No delante de todos. No se queman cad\u00e1veres. Primero se amenaza con un tiro en la pierna. Hoy en d\u00eda, todas estas reglas han desaparecido\u00bb.<\/p>\n<p>La acci\u00f3n policial<\/p>\n<p dir=\"ltr\" class=\"css-s4cjt0 e1yuyadm0\">Ante los actuales niveles de violencia sin precedentes, la polic\u00eda francesa est\u00e1 respondiendo con lo que denominan \u00abbombardeos\u00bb de seguridad en zonas de alta criminalidad de Marsella.<\/p>\n<p dir=\"ltr\" class=\"css-s4cjt0 e1yuyadm0\">Aunque una banda, la DZ Mafia, parece dominar el negocio, opera una especie de sistema de franquicias con una red fragmentada de peque\u00f1os distribuidores, a menudo compuestos por adolescentes e inmigrantes indocumentados, que se enfrentan violentamente por territorio.<\/p>\n<p dir=\"ltr\" class=\"css-s4cjt0 e1yuyadm0\">Seg\u00fan una estimaci\u00f3n, hasta 20.000 personas podr\u00edan estar involucradas en el negocio de la droga en la ciudad.<\/p>\n<p dir=\"ltr\" class=\"css-s4cjt0 e1yuyadm0\">El a\u00f1o pasado, las autoridades confiscaron a las bandas 42 millones de euros (unos US$49 millones) en bienes de origen delictivo.<\/p>\n<p dir=\"ltr\" class=\"css-s4cjt0 e1yuyadm0\">Videos compartidos en redes sociales muestran habitualmente a miembros de las pandillas armados con rifles autom\u00e1ticos dispar\u00e1ndose entre s\u00ed en las diversas cit\u00e9s de Marsella: barrios pobres caracterizados por edificios de gran altura y una gran concentraci\u00f3n de viviendas sociales.<\/p>\n<p><img decoding=\"async\" src=\"https:\/\/www.europesays.com\/es\/wp-content\/uploads\/2025\/12\/4cb94760-d6de-11f0-8c06-f5d460985095.jpg.webp.webp\"   alt=\"Polic\u00edas en Marsella\" loading=\"lazy\" width=\"1024\" height=\"683\" style=\"aspect-ratio:1024 \/ 683\" class=\"css-1seqhu9\"\/><\/p>\n<p class=\"css-by8ykd\" role=\"text\">Fuente de la imagen, Getty Images<\/p>\n<p>Pie de foto, La polic\u00eda se enfrenta a delincuentes armados en los barrios m\u00e1s conflictivos de Marsella.<\/p>\n<p dir=\"ltr\" class=\"css-s4cjt0 e1yuyadm0\">En una fr\u00eda tarde de la semana pasada acompa\u00f1amos a un grupo de polic\u00edas antidisturbios armados en una de sus misiones habituales de \u00abbombardeo\u00bb.<\/p>\n<p dir=\"ltr\" class=\"css-s4cjt0 e1yuyadm0\">Los agentes se dirigieron a toda velocidad a un bloque de pisos en ruinas en sus furgonetas, mientras un joven pandillero que vigilaba la entrada hu\u00eda a pie. Divididos en dos grupos, los polic\u00edas corrieron por ambos lados del edificio intentando atrapar a los traficantes en las escaleras.<\/p>\n<p dir=\"ltr\" class=\"css-s4cjt0 e1yuyadm0\">\u00abEl objetivo es desmantelar los puntos de venta de droga. Hemos clausurado m\u00e1s de 40&#8230; y hemos encerrado a mucha gente\u00bb, explic\u00f3 S\u00e9bastien Lautard, jefe de la polic\u00eda regional.<\/p>\n<p dir=\"ltr\" class=\"css-s4cjt0 e1yuyadm0\">\u00abDenle la vuelta\u00bb, orden\u00f3 un agente bruscamente, mientras su equipo acorralaba a un joven de 18 a\u00f1os contra una puerta.<\/p>\n<p dir=\"ltr\" class=\"css-s4cjt0 e1yuyadm0\">En un sucio s\u00f3tano cercano, la polic\u00eda encontr\u00f3 docenas de viales y peque\u00f1as bolsas de pl\u00e1stico utilizadas para distribuir coca\u00edna.<\/p>\n<p dir=\"ltr\" class=\"css-s4cjt0 e1yuyadm0\">M\u00e1s tarde, un polic\u00eda explic\u00f3 que el joven detenido ped\u00eda ser arrestado, alegando que hab\u00eda llegado a Marsella desde otra ciudad y que ahora estaba retenido contra su voluntad y obligado a trabajar para una banda de narcotraficantes.<\/p>\n<p dir=\"ltr\" class=\"css-s4cjt0 e1yuyadm0\">Los agentes se lo llevaron en una furgoneta.<\/p>\n<p>Reclutamiento infantil<\/p>\n<p dir=\"ltr\" class=\"css-s4cjt0 e1yuyadm0\">\u00abEsto no es El Dorado. Tenemos muchos j\u00f3venes reclutados en redes sociales. Vienen a Marsella pensando que ganar\u00e1n dinero f\u00e1cil. Les prometen 200 euros (US$233) al d\u00eda. Pero a menudo terminan en miseria, violencia y, a veces, la muerte\u00bb, declar\u00f3 el fiscal jefe de la ciudad, Nicolas Bessone.<\/p>\n<p dir=\"ltr\" class=\"css-s4cjt0 e1yuyadm0\">En su oficina, cerca del antiguo puerto de la ciudad, Bessone describi\u00f3 una industria que alcanza un estimado de 7.000 millones de euros a nivel nacional (unos US$8.200 millones) y se caracteriza por dos novedades: un creciente \u00e9nfasis en el reclutamiento, la venta y la entrega a domicilio en l\u00ednea; y un n\u00famero cada vez mayor de adolescentes obligados a participar en el negocio.<\/p>\n<p><img decoding=\"async\" src=\"https:\/\/www.europesays.com\/es\/wp-content\/uploads\/2025\/12\/9e13d8f0-d6de-11f0-a892-01d657345866.jpg.webp.webp\"   alt=\"Menores en una escuela de Marsella\" loading=\"lazy\" width=\"1024\" height=\"683\" style=\"aspect-ratio:1024 \/ 683\" class=\"css-1seqhu9\"\/><\/p>\n<p class=\"css-by8ykd\" role=\"text\">Fuente de la imagen, Getty Images<\/p>\n<p>Pie de foto, Los menores son objeto de reclutamiento para las bandas de Marsella.<\/p>\n<p dir=\"ltr\" class=\"css-s4cjt0 e1yuyadm0\">\u00abAhora vemos c\u00f3mo los traficantes esclavizan a estos peque\u00f1os soldados. Crean deudas ficticias para que trabajen gratis. Los torturan si roban 20 euros para comprar un s\u00e1ndwich. Es ultraviolencia. La edad promedio de los agresores y las v\u00edctimas es cada vez menor\u00bb, afirm\u00f3 Bessone.<\/p>\n<p dir=\"ltr\" class=\"css-s4cjt0 e1yuyadm0\">Inst\u00f3 a la poblaci\u00f3n local a no sucumbir a la psicosis, sino a \u00abreaccionar, a rebelarse\u00bb.<\/p>\n<p dir=\"ltr\" class=\"css-s4cjt0 e1yuyadm0\">La abogada, que nos pidi\u00f3 que ocult\u00e1ramos su identidad, describi\u00f3 un caso que ella hab\u00eda llevado.<\/p>\n<p dir=\"ltr\" class=\"css-s4cjt0 e1yuyadm0\">\u00abUn joven, que se negaba rotundamente a formar parte de una red, fue recogido despu\u00e9s de la escuela, obligado a participar en el tr\u00e1fico de drogas, violado, amenazado y su familia tambi\u00e9n fue amenazada. Se utilizan todos los medios para crear una fuerza laboral\u00bb, declar\u00f3.<\/p>\n<p dir=\"ltr\" class=\"css-s4cjt0 e1yuyadm0\">En TikTok decenas de v\u00eddeos con m\u00fasica anuncian la venta de drogas en las cit\u00e9s de Marsella \u00abde 10:00 a medianoche\u00bb, cada producto con su propio emoji: coca\u00edna, hach\u00eds y marihuana.<\/p>\n<p dir=\"ltr\" class=\"css-s4cjt0 e1yuyadm0\">Otros anuncios buscan reclutar nuevos miembros de bandas con mensajes como \u00abse busca trabajador\u00bb, \u00ab250\u20ac para vigilantes\u00bb, \u00ab500\u20ac para transportar drogas\u00bb.<\/p>\n<p>\u00bfSoluciones?<\/p>\n<p dir=\"ltr\" class=\"css-s4cjt0 e1yuyadm0\">Para algunos pol\u00edticos locales, la soluci\u00f3n a los problemas de Marsella es el estado de emergencia y normas de inmigraci\u00f3n mucho m\u00e1s estrictas.<\/p>\n<p dir=\"ltr\" class=\"css-s4cjt0 e1yuyadm0\">\u00abHay que restaurar la autoridad. Necesitamos acabar con la cultura de la permisividad en nuestro pa\u00eds. Necesitamos dar m\u00e1s libertad y m\u00e1s poder a la polic\u00eda y al poder judicial\u00bb, sentencia Franck Alissio, diputado local del partido populista de extrema derecha Agrupaci\u00f3n Nacional (RN, por sus siglas en franc\u00e9s) y posible candidato a la alcald\u00eda.<\/p>\n<p><img decoding=\"async\" src=\"https:\/\/www.europesays.com\/es\/wp-content\/uploads\/2025\/12\/e2030d60-d6de-11f0-a892-01d657345866.jpg.webp.webp\"   alt=\"Polic\u00eda haciendo un registro\" loading=\"lazy\" width=\"1024\" height=\"683\" style=\"aspect-ratio:1024 \/ 683\" class=\"css-1seqhu9\"\/><\/p>\n<p class=\"css-by8ykd\" role=\"text\">Fuente de la imagen, Getty Images<\/p>\n<p>Pie de foto, Muchas voces en la pol\u00edtica y la sociedad francesas piden m\u00e1s mano dura para combatir el problema.<\/p>\n<p dir=\"ltr\" class=\"css-s4cjt0 e1yuyadm0\">Aunque la antigua ciudad mediterr\u00e1nea de Marsella ha sido conocida durante siglos por su numerosa comunidad inmigrante, Alissio argumenta que \u00abhoy en d\u00eda, el problema es que ya no somos capaces de integrarnos econ\u00f3micamente ni asimilarnos. Hay demasiada inmigraci\u00f3n. El problema es la cantidad (de inmigrantes). Y, de hecho, los narcotraficantes, los traficantes, los vigilantes, los l\u00edderes de estas mafias, son casi todos inmigrantes o extranjeros con doble nacionalidad\u00bb.<\/p>\n<p dir=\"ltr\" class=\"css-s4cjt0 e1yuyadm0\">Es una afirmaci\u00f3n controvertida y dif\u00edcil de verificar en un pa\u00eds que se esfuerza por evitar incluir ese tipo de detalles en las cifras oficiales.<\/p>\n<p dir=\"ltr\" class=\"css-s4cjt0 e1yuyadm0\">Alissio sostiene que los sucesivos gobiernos invirtieron miles de millones de euros en los barrios m\u00e1s pobres de Marsella sin ning\u00fan resultado. Culpa a los padres y a las escuelas por permitir que los ni\u00f1os se involucren en el narcotr\u00e1fico, pero a\u00f1ade que su objetivo era \u00abresolver el problema, no hacer sociolog\u00eda\u00bb.<\/p>\n<p dir=\"ltr\" class=\"css-s4cjt0 e1yuyadm0\">Los partidos de extrema derecha han gozado durante mucho tiempo de un fuerte apoyo en el sur de Francia, pero no tanto en la diversa ciudad de Marsella. Cr\u00edticos de RN, como la abogada cuya identidad hemos ocultado, acusaron al partido de \u00abexplotar la miseria y el miedo\u00bb y de culpar err\u00f3neamente a los inmigrantes de una \u00abgangrena\u00bb generalizada en todas las comunidades de Francia.<\/p>\n<p dir=\"ltr\" class=\"css-s4cjt0 e1yuyadm0\">Philippe Pujol, escritor local y experto en el narcotr\u00e1fico en Marsella, tambi\u00e9n recibi\u00f3 protecci\u00f3n policial tras el asesinato de Mehdi Kessaci el mes pasado.<\/p>\n<p dir=\"ltr\" class=\"css-s4cjt0 e1yuyadm0\">\u00abNo estoy seguro de que haya una buena raz\u00f3n para este terror. Pero&#8230; el terror se est\u00e1 extendiendo. Prefiero tener miedo y ser precavido que correr riesgos innecesarios\u00bb, declar\u00f3.<\/p>\n<p dir=\"ltr\" class=\"css-s4cjt0 e1yuyadm0\">Pero refut\u00f3 las peticiones de una acci\u00f3n policial m\u00e1s contundente, argumentando que solo aliviaba los s\u00edntomas de una sociedad en crisis, en lugar de abordar las causas del problema.<\/p>\n<p dir=\"ltr\" class=\"css-s4cjt0 e1yuyadm0\">Al describir la pobreza arraigada como un \u00abmonstruo\u00bb, Pujol pint\u00f3 una imagen de una sociedad radicalizada por d\u00e9cadas de abandono.<\/p>\n<p dir=\"ltr\" class=\"css-s4cjt0 e1yuyadm0\">\u00abEl monstruo es una mezcla de clientelismo, corrupci\u00f3n y decisiones pol\u00edticas y econ\u00f3micas tomadas en contra del inter\u00e9s p\u00fablico\u00bb, opin\u00f3 Pujol.<\/p>\n<p dir=\"ltr\" class=\"css-s4cjt0 e1yuyadm0\">\u00abEstos chicos pueden ser unos imb\u00e9ciles cuando est\u00e1n en grupo, pero cuando est\u00e1s a solas con ellos, siguen siendo ni\u00f1os, con sue\u00f1os, que no quieren esta violencia\u00bb, asegur\u00f3.<\/p>\n<p><img decoding=\"async\" src=\"https:\/\/www.europesays.com\/es\/wp-content\/uploads\/2025\/12\/2d6d9a70-d718-11f0-a892-01d657345866.png.webp.webp\"   alt=\"&quot;&quot;\" loading=\"lazy\" width=\"800\" height=\"100\" style=\"aspect-ratio:800 \/ 100\" class=\"css-1seqhu9\"\/><\/p>\n<p dir=\"ltr\" class=\"css-s4cjt0 e1yuyadm0\"><a href=\"https:\/\/www.bbc.com\/mundo\/send\/u184973209\" class=\"focusIndicatorReducedWidth css-n8oauk e1h2ur550\" rel=\"nofollow noopener\" target=\"_blank\">Suscr\u00edbete aqu\u00ed<\/a> a nuestro nuevo newsletter para recibir cada viernes una selecci\u00f3n de nuestro mejor contenido de la semana.<\/p>\n<p dir=\"ltr\" class=\"css-s4cjt0 e1yuyadm0\">Y recuerda que puedes recibir notificaciones en nuestra app. Descarga la \u00faltima versi\u00f3n y act\u00edvalas.<\/p>\n","protected":false},"excerpt":{"rendered":"Fuente de la imagen, Getty Images Pie de foto, Un polic\u00eda detiene a un sospechoso en Marsella.Informaci\u00f3n del&hellip;\n","protected":false},"author":2,"featured_media":285127,"comment_status":"","ping_status":"","sticky":false,"template":"","format":"standard","meta":{"footnotes":""},"categories":[42],"tags":[17,18,13,14,11,61,62,63,64,19,20,9,10,15,16,12,21,22,65,66,67],"class_list":{"0":"post-285126","1":"post","2":"type-post","3":"status-publish","4":"format-standard","5":"has-post-thumbnail","7":"category-internacional","8":"tag-breaking-news","9":"tag-breakingnews","10":"tag-featured-news","11":"tag-featurednews","12":"tag-headlines","13":"tag-internacional","14":"tag-international","15":"tag-international-news","16":"tag-internationalnews","17":"tag-latest-news","18":"tag-latestnews","19":"tag-news","20":"tag-noticias","21":"tag-noticias-destacadas","22":"tag-noticiasdestacadas","23":"tag-titulares","24":"tag-ultimas-noticias","25":"tag-ultimasnoticias","26":"tag-world","27":"tag-world-news","28":"tag-worldnews"},"share_on_mastodon":{"url":"https:\/\/pubeurope.com\/@es\/115708272184438489","error":""},"_links":{"self":[{"href":"https:\/\/www.europesays.com\/es\/wp-json\/wp\/v2\/posts\/285126","targetHints":{"allow":["GET"]}}],"collection":[{"href":"https:\/\/www.europesays.com\/es\/wp-json\/wp\/v2\/posts"}],"about":[{"href":"https:\/\/www.europesays.com\/es\/wp-json\/wp\/v2\/types\/post"}],"author":[{"embeddable":true,"href":"https:\/\/www.europesays.com\/es\/wp-json\/wp\/v2\/users\/2"}],"replies":[{"embeddable":true,"href":"https:\/\/www.europesays.com\/es\/wp-json\/wp\/v2\/comments?post=285126"}],"version-history":[{"count":0,"href":"https:\/\/www.europesays.com\/es\/wp-json\/wp\/v2\/posts\/285126\/revisions"}],"wp:featuredmedia":[{"embeddable":true,"href":"https:\/\/www.europesays.com\/es\/wp-json\/wp\/v2\/media\/285127"}],"wp:attachment":[{"href":"https:\/\/www.europesays.com\/es\/wp-json\/wp\/v2\/media?parent=285126"}],"wp:term":[{"taxonomy":"category","embeddable":true,"href":"https:\/\/www.europesays.com\/es\/wp-json\/wp\/v2\/categories?post=285126"},{"taxonomy":"post_tag","embeddable":true,"href":"https:\/\/www.europesays.com\/es\/wp-json\/wp\/v2\/tags?post=285126"}],"curies":[{"name":"wp","href":"https:\/\/api.w.org\/{rel}","templated":true}]}}