{"id":285213,"date":"2025-12-12T20:39:09","date_gmt":"2025-12-12T20:39:09","guid":{"rendered":"https:\/\/www.europesays.com\/es\/285213\/"},"modified":"2025-12-12T20:39:09","modified_gmt":"2025-12-12T20:39:09","slug":"alone-in-the-dark-tendra-un-nuevo-reinicio-cinematografico-con-el-regreso-del-director-de-la-pelicula-de-2005","status":"publish","type":"post","link":"https:\/\/www.europesays.com\/es\/285213\/","title":{"rendered":"Alone in the Dark tendr\u00e1 un nuevo reinicio cinematogr\u00e1fico con el regreso del director de la pel\u00edcula de 2005"},"content":{"rendered":"<p class=\"c-paragraph\">Aunque ahora se encuentran en su mejor etapa, hubo un tiempo en el que las adaptaciones de <b>videojuegos<\/b> eran bastante infames. Una especialmente criticada fue <a href=\"https:\/\/www.hobbyconsolas.com\/reviews\/juego-cine-critica-alone-dark-42339\" title=\"Del juego al cine: cr\u00edtica de Alone in the Dark\" rel=\"nofollow noopener\" target=\"_blank\">Alone in the Dark<\/a>, <b>pel\u00edcula<\/b> de 2005 basada en la exitosa franquicia de videojuegos de terror de Infogrames, la cual ahora poseen THQ Nordic y Embracer Group.<\/p>\n<p class=\"c-paragraph\">Bajo la direcci\u00f3n de <a href=\"https:\/\/www.hobbyconsolas.com\/listas\/problemas-comunes-sufren-peliculas-cuando-adaptan-videojuego-1369475\" title=\"Los problemas m\u00e1s comunes que sufren las pel\u00edculas cuando adaptan un videojuego\" rel=\"nofollow noopener\" target=\"_blank\">Uwe Boll<\/a>\u00a0y protagonizada por <a href=\"https:\/\/www.hobbyconsolas.com\/listas\/ya-no-tan-cancelados-directores-actores-han-visto-salpicados-polemica-pero-siguen-trabajando-1414569\" title=\"Ya no tan cancelados: directores y actores que se han visto salpicados por la pol\u00e9mica, pero que siguen trabajando\" rel=\"nofollow noopener\" target=\"_blank\">Christian Slater<\/a> y Tara Reid, la trama de la cinta gira en torno a <b>Edward Carnby<\/b>, un detective privado especializado en casos relacionados con fen\u00f3menos supernaturales inexplicables.<\/p>\n<p class=\"c-paragraph\">Pronto el enigm\u00e1tico pasado de Edward se convierte en el caso m\u00e1s peligroso al que se ha enfrentado jam\u00e1s, ya que <b>un total de 19 personas que crecieron en el mismo orfanato que \u00e9l han desaparecido misteriosamente<\/b>.<\/p>\n<p class=\"c-paragraph\">Si bien la cinta fue defenestrada, su director a\u00fan no ha dicho su \u00faltima palabra, pues se propone traer de nuevo la franquicia a la gran pantalla con un reinicio cinematogr\u00e1fico.<\/p>\n<p>Uwe Boll adquiere los derechos de Alone in the Dark para hacer un reboot<\/p>\n<p class=\"c-paragraph\">Tal como informa <a href=\"https:\/\/www.hollywoodreporter.com\/movies\/movie-news\/uwe-boll-reboots-alone-in-the-dark-franchise-1236448842\/\" rel=\"nofollow noreferrer noopener\" title=\"The Hollywood Reporter\" target=\"_blank\">The Hollywood Reporter<\/a>, Event Films, la productora propiedad de Uwe Boll, ha adquirido los derechos de la exitosa saga de videojuegos para realizar una nueva pel\u00edcula.<\/p>\n<p class=\"c-paragraph\">En esta ocasi\u00f3n, el cineasta <b>pretende ce\u00f1irse m\u00e1s al juego original adaptando el \u00faltimo t\u00edtulo de THQ Nordic<\/b>, lanzado el a\u00f1o pasado.<\/p>\n<p class=\"c-paragraph\">\u00abCapturaremos el esp\u00edritu y la \u00e9poca de los juegos originales y seguiremos la historia del nuevo juego. Estamos deseando relanzar la franquicia y contratar a nuestro nuevo <a href=\"https:\/\/www.hobbyconsolas.com\/listas\/adaptaciones-videojuegos-estan-desarrollo-pronto-seran-series-peliculas-1406033\" title=\"35 adaptaciones de videojuegos que est\u00e1n en desarrollo y pronto ser\u00e1n series o pel\u00edculas\" rel=\"nofollow noopener\" target=\"_blank\">Edward Carnby<\/a>\u00ab, comparti\u00f3 el director.<\/p>\n<p class=\"c-paragraph\">Adem\u00e1s de la pel\u00edcula, <b>tambi\u00e9n est\u00e1 entre los planes el hacer una serie de televisi\u00f3n de Alone in the Dark<\/b>, adelant\u00f3 Michael Roesch, socio de producci\u00f3n de Boll.<\/p>\n<p class=\"c-paragraph\">Por el momento estos proyectos est\u00e1n en sus primeras etapas de desarrollo, por lo que habr\u00e1 que ser pacientes hasta que la cosa vaya tomando forma. \u00bfTe gustar\u00eda ver una nueva <a href=\"https:\/\/www.hobbyconsolas.com\/reportajes\/peliculas-historias-cruzadas-me-encantan-son-obras-maestras-narrativas-interpretativas-1472234\" title=\"Pel\u00edculas de historias cruzadas que me encantan y son obras maestras narrativas e interpretativas\" rel=\"nofollow noopener\" target=\"_blank\">pel\u00edcula<\/a> y una nueva serie basada en Alone in the Dark?<\/p>\n","protected":false},"excerpt":{"rendered":"Aunque ahora se encuentran en su mejor etapa, hubo un tiempo en el que las adaptaciones de videojuegos&hellip;\n","protected":false},"author":2,"featured_media":285214,"comment_status":"","ping_status":"","sticky":false,"template":"","format":"standard","meta":{"footnotes":""},"categories":[169],"tags":[40926,177,42965,146,147,25,24,176,3390,175,23,602,3498],"class_list":{"0":"post-285213","1":"post","2":"type-post","3":"status-publish","4":"format-standard","5":"has-post-thumbnail","7":"category-cine","8":"tag-alone","9":"tag-cine","10":"tag-dark","11":"tag-entertainment","12":"tag-entretenimiento","13":"tag-es","14":"tag-espana","15":"tag-film","16":"tag-in","17":"tag-movies","18":"tag-spain","19":"tag-tendra","20":"tag-the"},"share_on_mastodon":{"url":"https:\/\/pubeurope.com\/@es\/115708530915455194","error":""},"_links":{"self":[{"href":"https:\/\/www.europesays.com\/es\/wp-json\/wp\/v2\/posts\/285213","targetHints":{"allow":["GET"]}}],"collection":[{"href":"https:\/\/www.europesays.com\/es\/wp-json\/wp\/v2\/posts"}],"about":[{"href":"https:\/\/www.europesays.com\/es\/wp-json\/wp\/v2\/types\/post"}],"author":[{"embeddable":true,"href":"https:\/\/www.europesays.com\/es\/wp-json\/wp\/v2\/users\/2"}],"replies":[{"embeddable":true,"href":"https:\/\/www.europesays.com\/es\/wp-json\/wp\/v2\/comments?post=285213"}],"version-history":[{"count":0,"href":"https:\/\/www.europesays.com\/es\/wp-json\/wp\/v2\/posts\/285213\/revisions"}],"wp:featuredmedia":[{"embeddable":true,"href":"https:\/\/www.europesays.com\/es\/wp-json\/wp\/v2\/media\/285214"}],"wp:attachment":[{"href":"https:\/\/www.europesays.com\/es\/wp-json\/wp\/v2\/media?parent=285213"}],"wp:term":[{"taxonomy":"category","embeddable":true,"href":"https:\/\/www.europesays.com\/es\/wp-json\/wp\/v2\/categories?post=285213"},{"taxonomy":"post_tag","embeddable":true,"href":"https:\/\/www.europesays.com\/es\/wp-json\/wp\/v2\/tags?post=285213"}],"curies":[{"name":"wp","href":"https:\/\/api.w.org\/{rel}","templated":true}]}}