{"id":285225,"date":"2025-12-12T20:45:10","date_gmt":"2025-12-12T20:45:10","guid":{"rendered":"https:\/\/www.europesays.com\/es\/285225\/"},"modified":"2025-12-12T20:45:10","modified_gmt":"2025-12-12T20:45:10","slug":"la-ue-congelara-indefinidamente-los-activos-rusos","status":"publish","type":"post","link":"https:\/\/www.europesays.com\/es\/285225\/","title":{"rendered":"La UE congelar\u00e1 indefinidamente los activos rusos"},"content":{"rendered":"<p>Los pa\u00edses de la Uni\u00f3n Europea (UE) han aprobado este viernes la inmovilizaci\u00f3n de manera indefinida de unos 210.000 millones de euros en <a href=\"https:\/\/www.rtve.es\/noticias\/20251024\/ue-pide-mas-formulas-para-apoyar-a-ucrania-sihttps:\/\/www.rtve.es\/noticias\/20251024\/ue-pide-mas-formulas-para-apoyar-a-ucrania-sin-apostar-por-uso-activos-rusos\/16784355.shtmln-apostar-por-uso-activos-rusos\/16784355.shtml\" rel=\"nofollow noopener\" target=\"_blank\">activos rusos congelados por las sanciones a Mosc\u00fa tras la invasi\u00f3n de Ucrania<\/a>, lo que permitir\u00eda destinarlos a financiar la reconstrucci\u00f3n del pa\u00eds si los Veintisiete logran consensuar esa medida.<\/p>\n<p>Los embajadores de los Estados miembros ante la UE han acordado la propuesta que permite la congelaci\u00f3n indefinida de los activos rusos, sin necesidad de renovar ese bloqueo cada seis meses, bas\u00e1ndose en poderes de emergencia contemplados en los tratados europeos bajo el art\u00edculo 122.<\/p>\n<p>Se trata de un paso clave para poder destinar esos activos a la reconstrucci\u00f3n de Ucrania, <strong>siempre que la UE logre convencer a B\u00e9lgica de que levante su veto<\/strong> a esa medida en los pr\u00f3ximos d\u00edas.<\/p>\n<p>Reducir el riesgo de veto de pa\u00edses como Hungr\u00eda o Eslovaqu\u00eda<\/p>\n<p>\u00abEn la cumbre de octubre, los l\u00edderes de la UE se comprometieron a mantener los activos rusos inmovilizados hasta que Rusia acabe su guerra de agresi\u00f3n contra Ucrania y compense por los da\u00f1os causados.<strong> Hoy hemos cumplido ese compromiso. Pr\u00f3ximo paso: asegurar las necesidades financieras de Ucrania para 2026-2027&#8243;<\/strong>, ha dicho en un mensaje en redes sociales el presidente del Consejo Europeo, Ant\u00f3nio Costa.<\/p>\n<p>La concesi\u00f3n de poderes de emergencia al Ejecutivo comunitario en este caso ha sido aprobada con el apoyo de 25 pa\u00edses miembros y el voto en contra de dos, seg\u00fan fuentes diplom\u00e1ticas. Esta medida retira el riesgo de que a la hora de renovar las sanciones a Rusia cada seis meses, como era necesario hasta ahora, se produzcan los <strong>vetos de pa\u00edses como Hungr\u00eda o Eslovaquia<\/strong>, m\u00e1s cercanos a Mosc\u00fa.<\/p>\n<p>Esa inestabilidad imped\u00eda poner en marcha el plan de la Comisi\u00f3n Europea para usar los activos rusos para otorgar un pr\u00e9stamo a Ucrania para la reconstrucci\u00f3n del pa\u00eds, <strong>algo que requiere que est\u00e9n congelados de manera indefinida<\/strong> como ya hab\u00edan reclamado los jefes de Estado y de Gobierno de la Uni\u00f3n Europea en su cita del pasado octubre.<\/p>\n<p>Pendientes de la postura de B\u00e9lgica<\/p>\n<p>El art\u00edculo 122 permite a la UE actuar de manera m\u00e1s r\u00e1pida ante situaciones de emergencia o de crisis econ\u00f3mica. La Comisi\u00f3n Europea ha defendido que esta base legal -que permite evitar tambi\u00e9n al Parlamento Europeo- se sustenta por la necesidad de preservar la estabilidad de la econom\u00eda de la UE, afectada por la guerra de Rusia en Ucrania.<\/p>\n<p>La cuesti\u00f3n de fondo del uso de los activos rusos para un pr\u00e9stamo que apoye la reconstrucci\u00f3n de Ucrania y sus necesidades financieras a corto plazo llegar\u00e1 el<strong> pr\u00f3ximo jueves a la mesa de los l\u00edderes de los Veintisiete<\/strong>, reunidos en su \u00faltima cumbre del a\u00f1o.<\/p>\n<p>B\u00e9lgica, <strong>donde se encuentra la gran mayor\u00eda de estos activos inmovilizados, <\/strong>mantiene su veto a la propuesta por temor a represalias de Rusia y ha cuestionado el uso de los poderes de emergencia para inmovilizar indefinidamente los activos sujetos a sanciones.<\/p>\n","protected":false},"excerpt":{"rendered":"Los pa\u00edses de la Uni\u00f3n Europea (UE) han aprobado este viernes la inmovilizaci\u00f3n de manera indefinida de unos&hellip;\n","protected":false},"author":2,"featured_media":285226,"comment_status":"","ping_status":"","sticky":false,"template":"","format":"standard","meta":{"footnotes":""},"categories":[42],"tags":[17,18,13,14,11,61,62,63,64,19,20,9,10,15,16,12,21,22,65,66,67],"class_list":{"0":"post-285225","1":"post","2":"type-post","3":"status-publish","4":"format-standard","5":"has-post-thumbnail","7":"category-internacional","8":"tag-breaking-news","9":"tag-breakingnews","10":"tag-featured-news","11":"tag-featurednews","12":"tag-headlines","13":"tag-internacional","14":"tag-international","15":"tag-international-news","16":"tag-internationalnews","17":"tag-latest-news","18":"tag-latestnews","19":"tag-news","20":"tag-noticias","21":"tag-noticias-destacadas","22":"tag-noticiasdestacadas","23":"tag-titulares","24":"tag-ultimas-noticias","25":"tag-ultimasnoticias","26":"tag-world","27":"tag-world-news","28":"tag-worldnews"},"share_on_mastodon":{"url":"https:\/\/pubeurope.com\/@es\/115708554506092388","error":""},"_links":{"self":[{"href":"https:\/\/www.europesays.com\/es\/wp-json\/wp\/v2\/posts\/285225","targetHints":{"allow":["GET"]}}],"collection":[{"href":"https:\/\/www.europesays.com\/es\/wp-json\/wp\/v2\/posts"}],"about":[{"href":"https:\/\/www.europesays.com\/es\/wp-json\/wp\/v2\/types\/post"}],"author":[{"embeddable":true,"href":"https:\/\/www.europesays.com\/es\/wp-json\/wp\/v2\/users\/2"}],"replies":[{"embeddable":true,"href":"https:\/\/www.europesays.com\/es\/wp-json\/wp\/v2\/comments?post=285225"}],"version-history":[{"count":0,"href":"https:\/\/www.europesays.com\/es\/wp-json\/wp\/v2\/posts\/285225\/revisions"}],"wp:featuredmedia":[{"embeddable":true,"href":"https:\/\/www.europesays.com\/es\/wp-json\/wp\/v2\/media\/285226"}],"wp:attachment":[{"href":"https:\/\/www.europesays.com\/es\/wp-json\/wp\/v2\/media?parent=285225"}],"wp:term":[{"taxonomy":"category","embeddable":true,"href":"https:\/\/www.europesays.com\/es\/wp-json\/wp\/v2\/categories?post=285225"},{"taxonomy":"post_tag","embeddable":true,"href":"https:\/\/www.europesays.com\/es\/wp-json\/wp\/v2\/tags?post=285225"}],"curies":[{"name":"wp","href":"https:\/\/api.w.org\/{rel}","templated":true}]}}