{"id":285279,"date":"2025-12-12T21:34:09","date_gmt":"2025-12-12T21:34:09","guid":{"rendered":"https:\/\/www.europesays.com\/es\/285279\/"},"modified":"2025-12-12T21:34:09","modified_gmt":"2025-12-12T21:34:09","slug":"orange-pacta-con-lorca-la-compra-del-50-de-masorange-por-4-250-millones-para-tomar-el-control-total","status":"publish","type":"post","link":"https:\/\/www.europesays.com\/es\/285279\/","title":{"rendered":"Orange pacta con Lorca la compra del 50% de MasOrange por 4.250 millones para tomar el control total"},"content":{"rendered":"<p>La operadora francesa Orange ha firmado un acuerdo vinculante con Lorca, el veh\u00edculo inversor impulsado por los fondos KKR, Cinven y Providence, para adquirir por 4.250 millones de euros el 50% que a\u00fan no controlaba en MasOrange, la compa\u00f1\u00eda nacida de la fusi\u00f3n de M\u00e1sM\u00f3vil y Orange en Espa\u00f1a. Con esta operaci\u00f3n, la teleco pasar\u00e1 a poseer el 100% del capital de la empresa, actualmente l\u00edder del mercado espa\u00f1ol por n\u00famero de clientes, seg\u00fan ha comunicado la matriz gala.<\/p>\n<p>En su nota, la compa\u00f1\u00eda ha subrayado que \u201cEsta transacci\u00f3n acelerar\u00e1 el plan estrat\u00e9gico de Orange y fortalecer\u00e1 su posici\u00f3n en Espa\u00f1a, su segundo mercado m\u00e1s grande en Europa. Con la plena integraci\u00f3n del operador, Orange confirma su compromiso industrial a largo plazo con Espa\u00f1a y su confianza en MasOrange y en la capacidad de su equipo directivo para generar valor para todos los grupos de inter\u00e9s\u201d.<\/p>\n<p>La culminaci\u00f3n de la compra est\u00e1 condicionada a las autorizaciones regulatorias habituales en este tipo de operaciones y la previsi\u00f3n es que se complete durante la primera mitad de 2026.<\/p>\n<p>El 31 de octubre pasado ambas partes ya hab\u00edan anunciado un entendimiento preliminar de car\u00e1cter no vinculante, que se hizo p\u00fablico un d\u00eda despu\u00e9s de que la empresa y los sindicatos UGT, CCOO y Fetico alcanzaran el primer convenio colectivo de la nueva sociedad fusionada.<\/p>\n<p>Ese anuncio se produjo tambi\u00e9n apenas una semana despu\u00e9s de que el director financiero del grupo Orange, Laurent Martinez, manifestase que la compa\u00f1\u00eda estaba en disposici\u00f3n de afrontar la compra del 50% de MasOrange, as\u00ed como otras posibles operaciones corporativas, sin impacto sobre el dividendo.<\/p>\n<p>SALIDA A BOLSA<\/p>\n<p>El cierre formal de la integraci\u00f3n de M\u00e1sM\u00f3vil y Orange en Espa\u00f1a, valorada en torno a 18.600 millones de euros, se materializ\u00f3 a finales de marzo de 2024. El contrato de fusi\u00f3n inclu\u00eda distintas cl\u00e1usulas, entre ellas la opci\u00f3n de que Orange asumiera el control de la nueva sociedad en un plazo de entre 24 y 42 meses desde la conclusi\u00f3n de la operaci\u00f3n.<\/p>\n<p>Otra condici\u00f3n relevante establec\u00eda que la salida a Bolsa de MasOrange quedar\u00eda vetada durante los dos a\u00f1os posteriores al cierre de la fusi\u00f3n, lo que en la pr\u00e1ctica bloquea cualquier debut burs\u00e1til hasta abril de 2026.<\/p>\n<p>MAYOR TELECO POR CLIENTES, \u2018REMEDIES\u2019 Y ERE<\/p>\n<p>La uni\u00f3n de M\u00e1sM\u00f3vil y Orange dio lugar al principal operador de telecomunicaciones en Espa\u00f1a por volumen de usuarios, con 37 millones de l\u00edneas entre banda ancha fija y m\u00f3vil (33 millones a cierre de septiembre). Al mismo tiempo, impuls\u00f3 el crecimiento de Digi, que se ha consolidado como la cuarta operadora del pa\u00eds.<\/p>\n<p>En este contexto, la autorizaci\u00f3n de la fusi\u00f3n por parte de la Comisi\u00f3n Europea qued\u00f3 supeditada a una serie de condiciones o \u2018remedies\u2019 que favorecieron el desarrollo de Digi en el mercado espa\u00f1ol.<\/p>\n<p>En detalle, la compa\u00f1\u00eda rumana firm\u00f3 con M\u00e1sM\u00f3vil un acuerdo valorado en 120 millones de euros para hacerse con 60 megahercios (MHz) de espectro radioel\u00e9ctrico en varias bandas de frecuencia.<\/p>\n<p>Adicionalmente, Digi alcanz\u00f3 otro pacto con Orange por el que la francesa le conced\u00eda la posibilidad de suscribir en el futuro un \u201cacuerdo de servicio de itinerancia nacional\u201d que permitir\u00eda a Digi utilizar, en r\u00e9gimen mayorista, la red de Orange en Espa\u00f1a.<\/p>\n<p>Tras la fusi\u00f3n, se puso en marcha un expediente de regulaci\u00f3n de empleo que concluy\u00f3 con la salida de 609 empleados, de los cuales 473 fueron bajas voluntarias y 136 despidos forzosos.<\/p>\n<p>\u2018FIBERCO\u2019 CON VODAFONE Y REDUCCI\u00d3N DE DEUDA<\/p>\n<p>Entre los movimientos estrat\u00e9gicos m\u00e1s relevantes de MasOrange figura tambi\u00e9n \u2018PremiumFiber\u2019, la sociedad de infraestructuras de fibra \u00f3ptica creada junto a Vodafone Espa\u00f1a \u2014controlada por Zegona\u2014 y respaldada por el fondo soberano de Singapur (GIC), que comenz\u00f3 su actividad el pasado 4 de diciembre.<\/p>\n<p>Esta \u2018fiberco\u2019 est\u00e1 participada en un 58% por MasOrange, en un 17% por Vodafone Espa\u00f1a y en un 25% por GIC, y cuenta con una estructura financiera que suma alrededor de 5.000 millones de euros de deuda neta, en su mayor parte con calificaci\u00f3n de grado de inversi\u00f3n.<\/p>\n<p>Tras el cierre del acuerdo entre los tres socios a comienzos de mes, MasOrange ha logrado recortar su endeudamiento en unos 3.200 millones de euros, mientras que Vodafone Espa\u00f1a ha obtenido aproximadamente 1.400 millones de euros, que destinar\u00e1 a remunerar a sus accionistas.<\/p>\n<p>La \u2018joint venture\u2019 arranca con una red de fibra hasta el hogar (FTTH) que alcanza cerca de 12 millones de unidades inmobiliarias y da servicio a casi 5 millones de clientes en Espa\u00f1a, consolid\u00e1ndose como uno de los principales actores de infraestructuras de banda ancha del pa\u00eds.<\/p>\n","protected":false},"excerpt":{"rendered":"La operadora francesa Orange ha firmado un acuerdo vinculante con Lorca, el veh\u00edculo inversor impulsado por los fondos&hellip;\n","protected":false},"author":2,"featured_media":285280,"comment_status":"","ping_status":"","sticky":false,"template":"","format":"standard","meta":{"footnotes":""},"categories":[80],"tags":[82,95,94,25,24,23],"class_list":{"0":"post-285279","1":"post","2":"type-post","3":"status-publish","4":"format-standard","5":"has-post-thumbnail","7":"category-economia","8":"tag-business","9":"tag-economia","10":"tag-economy","11":"tag-es","12":"tag-espana","13":"tag-spain"},"share_on_mastodon":{"url":"https:\/\/pubeurope.com\/@es\/115708747617146721","error":""},"_links":{"self":[{"href":"https:\/\/www.europesays.com\/es\/wp-json\/wp\/v2\/posts\/285279","targetHints":{"allow":["GET"]}}],"collection":[{"href":"https:\/\/www.europesays.com\/es\/wp-json\/wp\/v2\/posts"}],"about":[{"href":"https:\/\/www.europesays.com\/es\/wp-json\/wp\/v2\/types\/post"}],"author":[{"embeddable":true,"href":"https:\/\/www.europesays.com\/es\/wp-json\/wp\/v2\/users\/2"}],"replies":[{"embeddable":true,"href":"https:\/\/www.europesays.com\/es\/wp-json\/wp\/v2\/comments?post=285279"}],"version-history":[{"count":0,"href":"https:\/\/www.europesays.com\/es\/wp-json\/wp\/v2\/posts\/285279\/revisions"}],"wp:featuredmedia":[{"embeddable":true,"href":"https:\/\/www.europesays.com\/es\/wp-json\/wp\/v2\/media\/285280"}],"wp:attachment":[{"href":"https:\/\/www.europesays.com\/es\/wp-json\/wp\/v2\/media?parent=285279"}],"wp:term":[{"taxonomy":"category","embeddable":true,"href":"https:\/\/www.europesays.com\/es\/wp-json\/wp\/v2\/categories?post=285279"},{"taxonomy":"post_tag","embeddable":true,"href":"https:\/\/www.europesays.com\/es\/wp-json\/wp\/v2\/tags?post=285279"}],"curies":[{"name":"wp","href":"https:\/\/api.w.org\/{rel}","templated":true}]}}