{"id":285297,"date":"2025-12-12T21:50:21","date_gmt":"2025-12-12T21:50:21","guid":{"rendered":"https:\/\/www.europesays.com\/es\/285297\/"},"modified":"2025-12-12T21:50:21","modified_gmt":"2025-12-12T21:50:21","slug":"me-parece-lamentable-no-podria-estar-con-ella","status":"publish","type":"post","link":"https:\/\/www.europesays.com\/es\/285297\/","title":{"rendered":"\u00bbMe parece lamentable. No podr\u00eda estar con ella\u00bb"},"content":{"rendered":"<p data-gtm-element-container=\"modulo-texto-link\" class=\"paragraph\">Encontrar el amor es m\u00e1s complicado de lo que parece. Si no, que se lo pregunten a los comensales que cruzan cada noche las puertas del emblem\u00e1tico programa de citas de <a href=\"https:\/\/www.lavanguardia.com\/television\/programacion-tv\/cuatro\" target=\"_blank\" rel=\"noopener noreferrer nofollow\">Cuatro<\/a>, First Dates, con la esperanza de conocer a alguien especial. Una de las protagonistas de la semana fue Isabel (68), una peluquera real afincada en Gij\u00f3n (Asturias)\u00a0que se defini\u00f3 como una mujer bastante coqueta.\u00a0<\/p>\n<p data-gtm-element-container=\"modulo-texto-link\" class=\"paragraph\">Tras pasar una buena temporada en B\u00e9lgica trabajando para la familia real, decidi\u00f3 dar un cambio radical a su vida y vivir en Espa\u00f1a. \u00bbHe tenido dos parejas. El primero falleci\u00f3 y del segundo me separ\u00e9 por temas de infidelidad\u00bb, confes\u00f3. Su objetivo en el programa era conocer a un hombre educado, atractivo y con clase.\u00a0<\/p>\n<p>                <img loading=\"lazy\" decoding=\"async\" data-full-src=\"https:\/\/www.lavanguardia.com\/uploads\/2025\/12\/12\/693c7704a87a0.png\" alt=\"Isabel en 'First Dates'\" width=\"449\" height=\"246\" src=\"https:\/\/www.europesays.com\/es\/wp-content\/uploads\/2025\/12\/693c7704a87a0.png\" class=\"lazy\"\/><\/p>\n<p class=\"caption-title \">Isabel en &#8216;First Dates&#8217;<\/p>\n<p>                    Mediaset<\/p>\n<p data-gtm-element-container=\"modulo-texto-link\" class=\"paragraph\">El elegido para cenar con ella fue Ignacio (69), un jefe de obra afincado en Madrid que ten\u00eda algo muy importante en com\u00fan con la soltera: \u00bbMe he criado, he estudiado y me he casado en B\u00e9lgica\u00bb. La primera impresi\u00f3n entre ambos no fue muy positiva. \u00bbMe gustan los hombres m\u00e1s altos, con unas facciones m\u00e1s gruesas, pero no es barrigudo, que es lo que yo quer\u00eda\u00bb, sentenci\u00f3 Isabel. \u00bbNo est\u00e1 mal. Tiene una fisionom\u00eda agradable\u00bb, coment\u00f3 el soltero.\u00a0<\/p>\n<p>        Lee tambi\u00e9n<\/p>\n<p>    Nerea Parraga Frutos<\/p>\n<p>             <img loading=\"lazy\" decoding=\"async\" data-full-src=\"https:\/\/www.lavanguardia.com\/uploads\/2025\/12\/11\/693b2e4273ad6.png\" alt=\"Blanca en 'First Dates'\" width=\"104\" height=\"108\" src=\"https:\/\/www.europesays.com\/es\/wp-content\/uploads\/2025\/12\/693b2e4273ad6.png\" class=\"lazy\"\/><\/p>\n<p data-gtm-element-container=\"modulo-texto-link\" class=\"paragraph\">La velada comenz\u00f3 de la mejor forma posible: conversando sobre su etapa en B\u00e9lgica. \u00bbEs un hombre muy educado y agradable\u00bb, declar\u00f3 la asturiana. Sin embargo, la cita dio un giro radical cuando Isabel explic\u00f3 que hab\u00eda estado cuatro a\u00f1os cuidando de su madre. \u00bbEstaba muy pendiente de ella, no pod\u00eda pensar en hombres\u00bb, recalc\u00f3. \u00bbMe parece totalmente absurdo. El hecho de que cuide a su madre me parece maravilloso, pero que no viva&#8230;Eso no me parece bien\u00bb, sentenci\u00f3 el soltero.\u00a0<\/p>\n<p>                <img loading=\"lazy\" decoding=\"async\" data-full-src=\"https:\/\/www.lavanguardia.com\/uploads\/2025\/12\/12\/693c7a432b53e.png\" alt=\"Ignacio e Isabel en 'First Dates'\" width=\"449\" height=\"243\" src=\"https:\/\/www.europesays.com\/es\/wp-content\/uploads\/2025\/12\/693c7a432b53e.png\" class=\"lazy\"\/><\/p>\n<p class=\"caption-title \">Ignacio e Isabel en &#8216;First Dates&#8217;<\/p>\n<p>                    Mediaset<\/p>\n<p data-gtm-element-container=\"modulo-texto-link\" class=\"paragraph\">En un punto de la velada, Ignacio se interes\u00f3 por la vida amorosa de su vida. Por ello, quiso preguntarle cu\u00e1nto tiempo llevaba sin pareja. Ella explic\u00f3 que llevaba unos diez a\u00f1os sin pareja y sin relaciones sexuales, ya que no era una mujer de &#8216;rollos de una noche&#8217;. Su respuesta dej\u00f3 sin palabras al soltero: \u00bbEn la \u00e9poca en la que vivimos hay que ser m\u00e1s abiertos\u00bb.\u00a0<\/p>\n<p data-gtm-element-container=\"modulo-texto-link\" class=\"paragraph\">Lejos de dejar atr\u00e1s el asunto, el soltero insisti\u00f3: \u00bb\u00bfSin sexo, sin hombres y sin nada?\u00bb. \u00bbOcasiones hay, pero las intenciones ya se sabe cu\u00e1les son\u00bb, replic\u00f3. \u00bbYo no podr\u00eda pasar diez d\u00edas sin sexo. No puedo vivir sin sexo. Me parece lamentable\u00bb, asever\u00f3 \u00e9l. Por si fuera poco, Isabel dej\u00f3 claro que necesitaba conocer a una persona durante un tiempo para poder intimar. \u00bbNo podr\u00eda estar con una persona como ella. No tengo tiempo que perder. Para m\u00ed las cosas tienen que ir m\u00e1s r\u00e1pido\u00bb, sentenci\u00f3.\u00a0<\/p>\n<p>                <img loading=\"lazy\" decoding=\"async\" data-full-src=\"https:\/\/www.lavanguardia.com\/uploads\/2025\/12\/12\/693c7cfb4a778.png\" alt=\"Ignacio e Isabel en 'First Dates'\" width=\"449\" height=\"244\" src=\"https:\/\/www.europesays.com\/es\/wp-content\/uploads\/2025\/12\/693c7cfb4a778.png\" class=\"lazy\"\/><\/p>\n<p class=\"caption-title \">Ignacio e Isabel en &#8216;First Dates&#8217;<\/p>\n<p>                    Mediaset<\/p>\n<p data-gtm-element-container=\"modulo-texto-link\" class=\"paragraph\">Pese a sus diferencias, Isabel reconoci\u00f3 ante el equipo que Ignacio hab\u00eda demostrado ser una persona con clase y educaci\u00f3n. \u00bbLo \u00fanico que no es mi tipo de hombre\u00bb, afirm\u00f3. Finalmente, ninguno acept\u00f3 una segunda cita por razones muy diferentes.\u00a0<\/p>\n<p data-gtm-element-container=\"modulo-texto-link\" class=\"paragraph\">\u00bbNo es mi prototipo de hombre. Me gustan altos y con la boca m\u00e1s gruesa\u00bb, confes\u00f3 ella. \u00bbNo soy su prototipo, pero lleva diez a\u00f1os sin pareja. Vas a tardar en encontrarlo\u00bb, espet\u00f3. \u00bbSi encuentro uno que me gusta, tendr\u00e1 que esperar si le intereso\u00bb, replic\u00f3 ella, poniendo punto y final a la velada.\u00a0<\/p>\n","protected":false},"excerpt":{"rendered":"Encontrar el amor es m\u00e1s complicado de lo que parece. Si no, que se lo pregunten a los&hellip;\n","protected":false},"author":2,"featured_media":285298,"comment_status":"","ping_status":"","sticky":false,"template":"","format":"standard","meta":{"footnotes":""},"categories":[171],"tags":[146,147,25,24,23,214],"class_list":{"0":"post-285297","1":"post","2":"type-post","3":"status-publish","4":"format-standard","5":"has-post-thumbnail","7":"category-tv","8":"tag-entertainment","9":"tag-entretenimiento","10":"tag-es","11":"tag-espana","12":"tag-spain","13":"tag-tv"},"share_on_mastodon":{"url":"https:\/\/pubeurope.com\/@es\/115708810841046910","error":""},"_links":{"self":[{"href":"https:\/\/www.europesays.com\/es\/wp-json\/wp\/v2\/posts\/285297","targetHints":{"allow":["GET"]}}],"collection":[{"href":"https:\/\/www.europesays.com\/es\/wp-json\/wp\/v2\/posts"}],"about":[{"href":"https:\/\/www.europesays.com\/es\/wp-json\/wp\/v2\/types\/post"}],"author":[{"embeddable":true,"href":"https:\/\/www.europesays.com\/es\/wp-json\/wp\/v2\/users\/2"}],"replies":[{"embeddable":true,"href":"https:\/\/www.europesays.com\/es\/wp-json\/wp\/v2\/comments?post=285297"}],"version-history":[{"count":0,"href":"https:\/\/www.europesays.com\/es\/wp-json\/wp\/v2\/posts\/285297\/revisions"}],"wp:featuredmedia":[{"embeddable":true,"href":"https:\/\/www.europesays.com\/es\/wp-json\/wp\/v2\/media\/285298"}],"wp:attachment":[{"href":"https:\/\/www.europesays.com\/es\/wp-json\/wp\/v2\/media?parent=285297"}],"wp:term":[{"taxonomy":"category","embeddable":true,"href":"https:\/\/www.europesays.com\/es\/wp-json\/wp\/v2\/categories?post=285297"},{"taxonomy":"post_tag","embeddable":true,"href":"https:\/\/www.europesays.com\/es\/wp-json\/wp\/v2\/tags?post=285297"}],"curies":[{"name":"wp","href":"https:\/\/api.w.org\/{rel}","templated":true}]}}