{"id":285321,"date":"2025-12-12T22:08:20","date_gmt":"2025-12-12T22:08:20","guid":{"rendered":"https:\/\/www.europesays.com\/es\/285321\/"},"modified":"2025-12-12T22:08:20","modified_gmt":"2025-12-12T22:08:20","slug":"el-exciclista-gijones-dani-navarro-asume-la-direccion-del-kern-pharma","status":"publish","type":"post","link":"https:\/\/www.europesays.com\/es\/285321\/","title":{"rendered":"El exciclista gijon\u00e9s Dani Navarro asume la direcci\u00f3n del Kern Pharma"},"content":{"rendered":"<p><a class=\"v-mdl-ath__fig-a\" href=\"https:\/\/www.elcomercio.es\/autor\/eduardo-alonso-268.html\" title=\"Eduardo Alonso\" rel=\"nofollow noopener\" target=\"_blank\"><br \/>\n<img decoding=\"async\" class=\"v-mdl-ath__img\" src=\"https:\/\/www.europesays.com\/es\/wp-content\/uploads\/2025\/12\/autor-268-foto-1.jpeg\" alt=\"Eduardo Alonso\"\/><br \/>\n<\/a><\/p>\n<p class=\"v-mdl-ath__p v-mdl-ath__p--6\">\nViernes, 12 de diciembre 2025, 20:13<\/p>\n<p class=\"v-p\">El equipo ciclista Kern Pharma de de categor\u00eda UCI ProTeam vive un momento de crecimiento, de madurez, tras consolidarse este 2025 entre los 30 mejores  &#8230; equipos del mundo y rozando los 3.000 puntos UCI, y no se detiene. Ha anunciado salidas como las de Pau Miquel, Jos\u00e9 F\u00e9lix Parra, Unai Azanar, Miguel \u00c1ngel Fern\u00e1ndez, Kiko Galv\u00e1n y Haimar Etxeberr\u00eda, y tambi\u00e9n altas como las de Iker G\u00f3mez, C\u00e9sar P\u00e9rez, Unai Ramos y Jos\u00e9 Mar\u00eda Mart\u00edn. Todos ellos, m\u00e1s los que continu\u00e1n de la pasada temporada, estar\u00e1n a las \u00f3rdenes del excilista asturiano Dani Navarro, que ven\u00eda ejerciendo funciones de director deportivo en el equipo Illes Balears Arabay. <\/p>\n<p class=\"v-p\">El gijon\u00e9s, seg\u00fan ha podido confirmar EL COMERCIO, asume el nuevo rol y la confianza depositada \u00e9l, y ya ha participado en las entrevista scon la veinta de corredores que tendr\u00e1 a sus \u00f3rdens la pr\u00f3xima temporada para establecer los objetivos.<\/p>\n<p class=\"v-p\">El Kern Pharma incorpora a Navarro como nuevo jefe dentro de su estructura deportiva, un movimiento que refuerza la apuesta del conjunto tanto por la experiencia acumulada en el pelot\u00f3n como por la formaci\u00f3n integral de sus corredores. La trayectoria de Dani Navarro, marcada por su paso por equipos como Cofidis, Katusha-Alpecin, Israel Start-Up Nation y Burgos-BH, le otorga una perspectiva amplia del ciclismo moderno. <\/p>\n<p class=\"v-p\">Su experiencia en la carretera y su reciente trayectoria como director deportivo en otras estructuras alimentan la expectativa de que pueda aportar tanto en la planificaci\u00f3n de carrera como en el desarrollo diario.<\/p>\n<p class=\"v-crt__t\"> L\u00edmite de sesiones alcanzadas<\/p>\n<p class=\"v-crt__p\">El acceso al contenido Premium est\u00e1 abierto por cortes\u00eda del establecimiento donde te encuentras, pero ahora mismo hay demasiados usuarios conectados a las vez.<\/p>\n<p class=\"v-crt__p\">Por favor, int\u00e9ntalo pasados unos minutos.<\/p>\n<p>\nVolver a intentar\n<\/p>\n<p class=\"v-crt__t\">Sesi\u00f3n cerrada<\/p>\n<p class=\"v-crt__p\">Al iniciar sesi\u00f3n desde un dispositivo distinto, por seguridad, se cerr\u00f3 la \u00faltima sesi\u00f3n en este.<\/p>\n<p class=\"v-crt__p\">Para continuar disfrutando de su suscripci\u00f3n digital, inicie sesi\u00f3n en este dispositivo.<\/p>\n<p>\nEste contenido es exclusivo para suscriptores\n<\/p>\n<p class=\"text\">\u00bfTienes una suscripci\u00f3n? <a href=\"https:\/\/secure.elcomercio.es\/identidad\/inicio#vca=suscribete&amp;vso=elcomercio&amp;vmc=on&amp;vli=cdn-ce-link-login\" class=\"login\" data-voc-vtm-id=\"comienzoSuscripcionON\" data-voc-vtm-info=\"cdn-ce-link-login\" rel=\"nofollow noopener\" target=\"_blank\">Inicia sesi\u00f3n<\/a><\/p>\n<p>Reporta un error<\/p>\n","protected":false},"excerpt":{"rendered":"Viernes, 12 de diciembre 2025, 20:13 El equipo ciclista Kern Pharma de de categor\u00eda UCI ProTeam vive un&hellip;\n","protected":false},"author":2,"featured_media":285322,"comment_status":"","ping_status":"","sticky":false,"template":"","format":"standard","meta":{"footnotes":""},"categories":[273],"tags":[21746,313,312,1996,168,4796,25,24,5803,3403,5804,23,167],"class_list":{"0":"post-285321","1":"post","2":"type-post","3":"status-publish","4":"format-standard","5":"has-post-thumbnail","7":"category-ciclismo","8":"tag-asume","9":"tag-ciclismo","10":"tag-cycling","11":"tag-dani","12":"tag-deportes","13":"tag-direccion","14":"tag-es","15":"tag-espana","16":"tag-kern","17":"tag-navarro","18":"tag-pharma","19":"tag-spain","20":"tag-sports"},"share_on_mastodon":{"url":"https:\/\/pubeurope.com\/@es\/115708881334754766","error":""},"_links":{"self":[{"href":"https:\/\/www.europesays.com\/es\/wp-json\/wp\/v2\/posts\/285321","targetHints":{"allow":["GET"]}}],"collection":[{"href":"https:\/\/www.europesays.com\/es\/wp-json\/wp\/v2\/posts"}],"about":[{"href":"https:\/\/www.europesays.com\/es\/wp-json\/wp\/v2\/types\/post"}],"author":[{"embeddable":true,"href":"https:\/\/www.europesays.com\/es\/wp-json\/wp\/v2\/users\/2"}],"replies":[{"embeddable":true,"href":"https:\/\/www.europesays.com\/es\/wp-json\/wp\/v2\/comments?post=285321"}],"version-history":[{"count":0,"href":"https:\/\/www.europesays.com\/es\/wp-json\/wp\/v2\/posts\/285321\/revisions"}],"wp:featuredmedia":[{"embeddable":true,"href":"https:\/\/www.europesays.com\/es\/wp-json\/wp\/v2\/media\/285322"}],"wp:attachment":[{"href":"https:\/\/www.europesays.com\/es\/wp-json\/wp\/v2\/media?parent=285321"}],"wp:term":[{"taxonomy":"category","embeddable":true,"href":"https:\/\/www.europesays.com\/es\/wp-json\/wp\/v2\/categories?post=285321"},{"taxonomy":"post_tag","embeddable":true,"href":"https:\/\/www.europesays.com\/es\/wp-json\/wp\/v2\/tags?post=285321"}],"curies":[{"name":"wp","href":"https:\/\/api.w.org\/{rel}","templated":true}]}}