{"id":285360,"date":"2025-12-12T22:36:17","date_gmt":"2025-12-12T22:36:17","guid":{"rendered":"https:\/\/www.europesays.com\/es\/285360\/"},"modified":"2025-12-12T22:36:17","modified_gmt":"2025-12-12T22:36:17","slug":"una-casa-de-madera-con-vistas-al-lago-perfecta-para-escapadas-y-la-vida-familiar-todo-tenia-que-ser-tranquilo-y-relajado-para-calmar-esta-vivienda-tan-angulosa","status":"publish","type":"post","link":"https:\/\/www.europesays.com\/es\/285360\/","title":{"rendered":"Una casa de madera con vistas al lago perfecta para escapadas (y la vida familiar): \u201cTodo ten\u00eda que ser tranquilo y relajado para calmar esta vivienda tan angulosa\u201d"},"content":{"rendered":"<p><img decoding=\"async\" alt=\"Sal\u00f3n con paredes revestidas de madera y aires de los a\u00f1os 70\" loading=\"lazy\" class=\"ResponsiveImageContainer-eNxvmU cfBbTk responsive-image__image\"   src=\"https:\/\/www.europesays.com\/es\/wp-content\/uploads\/2025\/12\/AD0725_NINA_FREUDENBERGER_2%20copy%202.jpg\"\/><\/p>\n<p>Un detalle de los sof\u00e1s empotrados en el sal\u00f3n; los apliques y l\u00e1mparas de techo son de Allied Maker.<\/p>\n<p><img decoding=\"async\" alt=\"Cocina de madera con lmpara de Noguchi\" loading=\"lazy\" class=\"ResponsiveImageContainer-eNxvmU cfBbTk responsive-image__image\"   src=\"https:\/\/www.europesays.com\/es\/wp-content\/uploads\/2025\/12\/AD0725_NINA_FREUDENBERGER_14%20copy.jpg\"\/><\/p>\n<p>La isla a medida de la cocina cuenta con un escultural fregadero de m\u00e1rmol y taburetes que se ajustan a su estructura.<\/p>\n<p><strong>Un ejercicio de equilibrio<\/strong><\/p>\n<p>A pesar del extraordinario entorno, la vivienda necesitaba el toque de Freudenberger. \u00abEra bonita, pero no ten\u00eda personalidad\u00bb, recuerda. \u00ab<strong>Tuvimos que darle un poco de vida\u00bb. Con la ayuda de <a data-offer-url=\"http:\/\/www.zoharchitects.com\/about-the-firm\/\" class=\"external-link\" data-event-click=\"{&quot;element&quot;:&quot;ExternalLink&quot;,&quot;outgoingURL&quot;:&quot;http:\/\/www.zoharchitects.com\/about-the-firm\/&quot;}\" href=\"http:\/\/www.zoharchitects.com\/about-the-firm\/\" rel=\"nofollow noopener\" target=\"_blank\">la<\/a> arquitecta <a data-offer-url=\"http:\/\/www.zoharchitects.com\/about-the-firm\/\" class=\"external-link\" data-event-click=\"{&quot;element&quot;:&quot;ExternalLink&quot;,&quot;outgoingURL&quot;:&quot;http:\/\/www.zoharchitects.com\/about-the-firm\/&quot;}\" href=\"http:\/\/www.zoharchitects.com\/about-the-firm\/\" rel=\"nofollow noopener\" target=\"_blank\">Michele Hugo<\/a> y los contratistas de <a data-offer-url=\"https:\/\/sandandseaconstruction.com\/\" class=\"external-link\" data-event-click=\"{&quot;element&quot;:&quot;ExternalLink&quot;,&quot;outgoingURL&quot;:&quot;https:\/\/sandandseaconstruction.com\/&quot;}\" href=\"https:\/\/sandandseaconstruction.com\/\" rel=\"nofollow noopener\" target=\"_blank\">Sand &amp; Sea Construction<\/a>, la pareja se puso manos a la obra para maximizar las vistas y suavizar la distribuci\u00f3n, ampliando la superficie del sal\u00f3n (y eliminando la chimenea en el proceso) y actualizando los ba\u00f1os y la cocina.<\/strong> Paneles de roble blanco, muebles empotrados y otros trabajos de carpinter\u00eda realizados por <a data-offer-url=\"https:\/\/shepardcodesign.com\/about-shepard-co-justin-allen\" class=\"external-link\" data-event-click=\"{&quot;element&quot;:&quot;ExternalLink&quot;,&quot;outgoingURL&quot;:&quot;https:\/\/shepardcodesign.com\/about-shepard-co-justin-allen&quot;}\" href=\"https:\/\/shepardcodesign.com\/about-shepard-co-justin-allen\" rel=\"nofollow noopener\" target=\"_blank\">Justin Allen, de Shepard Co<\/a>., dan calidez a los interiores y aportan un gui\u00f1o al dise\u00f1o playero de los a\u00f1os 70, \u00abTodo ten\u00eda que ser tranquilo y relajado para calmar esta casa tan angulosa\u00bb, dice Freudenberger.<\/p>\n<p><img decoding=\"async\" alt=\"Ba\u00f1o estilo a\u00f1os 70 revestido de madera\" loading=\"lazy\" class=\"ResponsiveImageContainer-eNxvmU cfBbTk responsive-image__image\"   src=\"https:\/\/www.europesays.com\/es\/wp-content\/uploads\/2025\/12\/AD0725_NINA_FREUDENBERGER_15%20copy.jpg\"\/><\/p>\n<p>Toallas gr\u00e1ficas y apliques suecos vintage a\u00f1aden toques de rojo al ba\u00f1o de los ni\u00f1os.<\/p>\n<p><img decoding=\"async\" alt=\"Ba\u00f1o en tonos crema con mueble de madera\" loading=\"lazy\" class=\"ResponsiveImageContainer-eNxvmU cfBbTk responsive-image__image\"   src=\"https:\/\/www.europesays.com\/es\/wp-content\/uploads\/2025\/12\/AD0725_NINA_FREUDENBERGER_13%20copy.jpg\"\/><\/p>\n<p>En el principal, los azulejos de Clayhaus complementan el lavabo de m\u00e1rmol.<\/p>\n<p><img decoding=\"async\" alt=\"Habitaci\u00f3n infantil de madera con literas dobles empotradas\" loading=\"lazy\" class=\"ResponsiveImageContainer-eNxvmU cfBbTk responsive-image__image\"   src=\"https:\/\/www.europesays.com\/es\/wp-content\/uploads\/2025\/12\/AD0725_NINA_FREUDENBERGER_6%20copy%202.jpg\"\/><\/p>\n<p>Las literas empotradas del cuarto de juegos tienen cortinas de tela de Gast\u00f3n y Daniela.<\/p>\n<p>Arte: \u00a9 2025 Calder Foundation, Nueva York \/ Artists Rights Society (ARS), Nueva York<strong>Si no puedes con el enemigo\u2026<\/strong><\/p>\n<p><strong>La dise\u00f1adora acept\u00f3 las extravagantes <a href=\"https:\/\/www.revistaad.es\/articulos\/geometria-sagrada-que-es-como-usarla\" rel=\"nofollow noopener\" target=\"_blank\">geometr\u00edas<\/a> de la estructura y trabaj\u00f3 con ellas: \u00abNos dijimos: &#8216;Vamos a ser raros'\u00bb<\/strong>, recuerda. As\u00ed, resistieron la tentaci\u00f3n de pintar el exterior de un negro moderno y eligieron azulejos en tonos turbios (verdes, azules, marrones) en lugar de las predecibles superficies de m\u00e1rmol. Inspir\u00e1ndose en una visita a la casa de <a href=\"https:\/\/www.revistaad.es\/arquitectura\/articulos\/charlotte-perriand-arquitecta-arte-vivir\/23985\" rel=\"nofollow noopener\" target=\"_blank\">Charlotte Perriand<\/a> en M\u00e9ribel (Francia), Freudenberger incorpor\u00f3 toques de rojo vivo, como en los apliques de los ba\u00f1os de invitados. \u00abResalta la madera de una forma diferente, es como si dijera, \u2018\u00a1Eh, m\u00edrame!\u2019\u00bb, comenta sobre la inesperada yuxtaposici\u00f3n.<\/p>\n","protected":false},"excerpt":{"rendered":"Un detalle de los sof\u00e1s empotrados en el sal\u00f3n; los apliques y l\u00e1mparas de techo son de Allied&hellip;\n","protected":false},"author":2,"featured_media":285361,"comment_status":"","ping_status":"","sticky":false,"template":"","format":"standard","meta":{"footnotes":""},"categories":[173],"tags":[229,233,231,230,1530,8372,232,33065,234,146,147,25,24,23,12443],"class_list":{"0":"post-285360","1":"post","2":"type-post","3":"status-publish","4":"format-standard","5":"has-post-thumbnail","7":"category-arte-y-diseno","8":"tag-arte","9":"tag-arte-y-diseno","10":"tag-arts","11":"tag-arts-and-design","12":"tag-casas-ad","13":"tag-decoracion","14":"tag-design","15":"tag-digital_syndication","16":"tag-diseno","17":"tag-entertainment","18":"tag-entretenimiento","19":"tag-es","20":"tag-espana","21":"tag-spain","22":"tag-splitscreenimageleftfullbleed"},"share_on_mastodon":{"url":"https:\/\/pubeurope.com\/@es\/115708991380874822","error":""},"_links":{"self":[{"href":"https:\/\/www.europesays.com\/es\/wp-json\/wp\/v2\/posts\/285360","targetHints":{"allow":["GET"]}}],"collection":[{"href":"https:\/\/www.europesays.com\/es\/wp-json\/wp\/v2\/posts"}],"about":[{"href":"https:\/\/www.europesays.com\/es\/wp-json\/wp\/v2\/types\/post"}],"author":[{"embeddable":true,"href":"https:\/\/www.europesays.com\/es\/wp-json\/wp\/v2\/users\/2"}],"replies":[{"embeddable":true,"href":"https:\/\/www.europesays.com\/es\/wp-json\/wp\/v2\/comments?post=285360"}],"version-history":[{"count":0,"href":"https:\/\/www.europesays.com\/es\/wp-json\/wp\/v2\/posts\/285360\/revisions"}],"wp:featuredmedia":[{"embeddable":true,"href":"https:\/\/www.europesays.com\/es\/wp-json\/wp\/v2\/media\/285361"}],"wp:attachment":[{"href":"https:\/\/www.europesays.com\/es\/wp-json\/wp\/v2\/media?parent=285360"}],"wp:term":[{"taxonomy":"category","embeddable":true,"href":"https:\/\/www.europesays.com\/es\/wp-json\/wp\/v2\/categories?post=285360"},{"taxonomy":"post_tag","embeddable":true,"href":"https:\/\/www.europesays.com\/es\/wp-json\/wp\/v2\/tags?post=285360"}],"curies":[{"name":"wp","href":"https:\/\/api.w.org\/{rel}","templated":true}]}}