{"id":285391,"date":"2025-12-12T22:58:12","date_gmt":"2025-12-12T22:58:12","guid":{"rendered":"https:\/\/www.europesays.com\/es\/285391\/"},"modified":"2025-12-12T22:58:12","modified_gmt":"2025-12-12T22:58:12","slug":"pasaron-meses-hasta-dar-el-paso","status":"publish","type":"post","link":"https:\/\/www.europesays.com\/es\/285391\/","title":{"rendered":"pasaron meses hasta dar el paso"},"content":{"rendered":"<p id=\"eq6XYTiPRU\" data-wc=\"56\"><strong>Jennifer Aniston est\u00e1 enamorada y feliz.<\/strong><strong>\u00a0La protagonista de\u00a0<\/strong><strong>Friends<\/strong>\u00a0lleva pocos meses junto a <strong>Jim Curtis<\/strong>, pero la pareja parece consolidarse cada d\u00eda m\u00e1s. Aunque ahora parece que la relaci\u00f3n avanza a paso firme, los comienzos no fueron en absoluto acelerados. El entorno de la pareja cuenta c\u00f3mo fueron esos primeros compases de su romance.<\/p>\n<p> <img src=\"https:\/\/www.europesays.com\/es\/wp-content\/uploads\/2025\/12\/1227c17c172c-ja.jpg\"   width=\"819\" height=\"1024\" loading=\"lazy\" decoding=\"async\" alt=\"Jennifer Aniston confirma su relaci\u00f3n con Jim Curtis\" fetchpriority=\"auto\" class=\"image ho-image\"\/>\u00a9 jjenniferanistonJennifer Aniston confirma su relaci\u00f3n con Jim Curtis<\/p>\n<p id=\"e7WmyfbFjvR\" data-wc=\"70\">Como hna podido confirmar a la revista People,\u00a0la protagonista de\u00a0<strong>The Morning Show<\/strong>\u00a0y su novio, de 50 a\u00f1os e hipnoterapeuta, <strong>pasaron \u00abmeses charlando y conoci\u00e9ndose\u00bb a principios de a\u00f1o\u00bb\u00a0<\/strong>en los que Jennifer Aniston todav\u00eda valoraba mucho <strong>\u00abla amistad\u00bb<\/strong> que hab\u00edan creado. Cuando la relaci\u00f3n sentimental se fue reafirmando y se torn\u00f3 en algo m\u00e1s rom\u00e1ntico,<strong>\u00a0la actriz se mostraba \u00abcautelosa\u00bb,\u00a0<\/strong><strong>pero \u00abahora, est\u00e1 emocionada de haberse lanzado\u00bb.\u00a0<\/strong><\/p>\n<p id=\"ehwxnoA-Aic\" data-wc=\"97\">La actriz <strong>hizo oficial su noviazgo a principios de este noviembre\u00a0<\/strong>publicando una foto en blanco y negro en sus redes sociales, coincidiendo con el 50 cumplea\u00f1os de \u00e9l. En la imagen, en la que sal\u00edan abrazados y muy sonrientes, Aniston le felicit\u00f3 en su d\u00eda: <strong>\u201cFeliz cumplea\u00f1os, mi amor. Te adoro\u201d<\/strong>. Al poco tiempo, el 17 de noviembre, <strong>salieron juntos en su primer acto conjunto,<\/strong> el evento de Mujeres en Hollywood de Elle. \u00abEl hipnotismo es una de las muchas cosas que hace\u00bb, dijo. <strong>\u00abEs extraordinario y ayuda a much\u00edsima gente\u00bb,<\/strong> elogi\u00f3 la actriz a Curtis.\u00a0<\/p>\n<p> <img src=\"https:\/\/www.europesays.com\/es\/wp-content\/uploads\/2025\/12\/dd2265a1e5ef-gettyimages-2247251066.jpg\"   width=\"1024\" height=\"682\" loading=\"lazy\" decoding=\"async\" alt=\"Jim Curtis y Jennifer Aniston\" fetchpriority=\"auto\" class=\"image ho-image\"\/>\u00a9 Getty ImagesJim Curtis y Jennifer Aniston en el evento de Mujeres en Hollywood de &#8216;Elle&#8217;<\/p>\n<p id=\"e7ZSj_xje9\" data-wc=\"82\"><a class=\"hm-link ho-link\" href=\"https:\/\/www.hola.com\/actualidad\/20250717844918\/las-fotos-mas-reveladoras-de-jennifer-aniston-y-su-novio-el-guru-del-amor-jim-curtis-en-mallorca\/\" data-mrf-recirculation=\"article-body-link\" rel=\"nofollow noopener\" target=\"_blank\">Pero esta presentaci\u00f3n oficial lleg\u00f3 tres meses despu\u00e9s de que ambos fueran fotografiados juntos<\/a>. Fue<strong>\u00a0este verano, mientras disfrutaban de unas vacaciones rom\u00e1nticas en Mallorca,<\/strong> lugar en el que se les pudo ver con una complicidad que dej\u00f3 claro que se trataba de una relaci\u00f3n seria. \u00abYa estoy de vuelta de las vacaciones, \u00a1y qu\u00e9 experiencia! Cuando estaba enfermo, triste, estancado y con dolor, <strong>nunca pens\u00e9 que tendr\u00eda la abundancia, la alegr\u00eda y el amor que ahora experimento a diario<\/strong>\u00ab, coment\u00f3 Curtis.<\/p>\n<p> <img src=\"https:\/\/www.europesays.com\/es\/wp-content\/uploads\/2025\/12\/1d579c2f0e27-dlu587922023.jpg\"   width=\"1024\" height=\"609\" loading=\"lazy\" decoding=\"async\" alt=\"La pareja en sus vacaciones de Mallorca\" fetchpriority=\"auto\" class=\"image ho-image\"\/>\u00a9 GTRESLa pareja en sus vacaciones en Mallorca <\/p>\n<p id=\"ehH35653ir\" data-wc=\"109\">Despu\u00e9s del verano, la actriz de Marley &amp; Me\u00a0o The Morning Show public\u00f3 un carrusel de fotos en las que sal\u00eda con compa\u00f1eras como <strong>Courteney Cox<\/strong> o <strong>Sandra Bullock<\/strong>, y en una de sus fotos <strong>Curtis sal\u00eda de espaldas a la c\u00e1mara mirando la puesta de sol.<\/strong> Sus seguidores interpretaron esta se\u00f1al como una forma muy discreta de presentarlo. En septiembre celebraron la entrada de la cuarta temporada de The Morning Show, asistiendo al Museo de Arte Moderno de Nueva York, donde Aniston le present\u00f3 a sus amigos m\u00e1s \u00edntimos como lo son <strong>Reese Witherspoon<\/strong> o <strong>Billy Crudup<\/strong>, aunque la pareja no pos\u00f3 unida en la alfombra roja.<\/p>\n<p id=\"eMkqI4C7XR\" data-wc=\"62\">El 29 de noviembre aparecieron juntos en Nueva York, ciudad en la que disfrutaron juntos del D\u00eda de Acci\u00f3n de Gracias. Curtis estuvo con los amigos de Aniston, que normalmente se re\u00fanen para cocinar y pasar una buena noche. <strong>\u00abJim encaja a la perfecci\u00f3n con sus amigos. Todo en su vida ha tomado forma y est\u00e1 emocionada\u00bb,\u00a0<\/strong>comentaba la fuente de People.\u00a0<strong>\u00a0<\/strong><\/p>\n<p>\u00abNunca pens\u00e9 que tendr\u00eda el amor que experimento a diario\u00bb<\/p>\n<p id=\"ebwAnXUt0-\" data-wc=\"147\">Tras sus dos matrimonios con <strong>Justin Theroux<\/strong> (2015-2018) y <strong>Brad Pitt<\/strong> (2000-20005), y varias relaciones de duraci\u00f3n m\u00e1s corta, <strong>la actriz ha vuelto a impresionar a todos sus fans con su nueva relaci\u00f3n Jim Curtis.<\/strong> \u00c9l estuvo casado con <strong>Rachel Napolitano<\/strong>, mujer con la que tuvo a su hijo <strong>Aidan.\u00a0<\/strong>Curtis, cuando era joven, fue <strong>muy deportista y ejecutivo en Wall Street.\u00a0<\/strong>Sin embargo,<strong>\u00a0a los 22 a\u00f1os sufri\u00f3 una enfermedad de la m\u00e9dula espinal<\/strong> y tuvo que aprender a vivir con dolor, espasmos y par\u00e1lisis. Pero con el paso del tiempo y su dolencia, decidi\u00f3 cambiar de camino y centrarse en la gu\u00eda espiritual y en ser coach de bienestar. Su proceso de sanaci\u00f3n le ha permitido poder vivir sin dolor f\u00edsico y mental, y ahora es \u00e9l quien ayuda a personas que se encuentran en la misma situaci\u00f3n en la que estuvo hace muchos a\u00f1os.\u00a0<\/p>\n<p id=\"eF4XzP5DPpG\" data-wc=\"58\">La pareja no puede terminar el a\u00f1o de una forma m\u00e1s positiva. Ahora los dos forman una relaci\u00f3n maravillosa en la que se encuentran totalmente enamorados y comprometidos el uno por el otro. \u00abParece cosa del destino\u00bb, es lo que a\u00f1ade la fuente al ver que Jen <strong>\u00able quiere de verdad\u00bb y le ha tra\u00eddo \u00abtantas cosas buenas\u00bb.\u00a0<\/strong><\/p>\n","protected":false},"excerpt":{"rendered":"Jennifer Aniston est\u00e1 enamorada y feliz.\u00a0La protagonista de\u00a0Friends\u00a0lleva pocos meses junto a Jim Curtis, pero la pareja parece&hellip;\n","protected":false},"author":2,"featured_media":285392,"comment_status":"","ping_status":"","sticky":false,"template":"","format":"standard","meta":{"footnotes":""},"categories":[174],"tags":[517,255,146,147,25,24,256,20187,23],"class_list":{"0":"post-285391","1":"post","2":"type-post","3":"status-publish","4":"format-standard","5":"has-post-thumbnail","7":"category-famosos","8":"tag-actualidad","9":"tag-celebrities","10":"tag-entertainment","11":"tag-entretenimiento","12":"tag-es","13":"tag-espana","14":"tag-famosos","15":"tag-jennifer-aniston","16":"tag-spain"},"share_on_mastodon":{"url":"https:\/\/pubeurope.com\/@es\/115709077484697654","error":""},"_links":{"self":[{"href":"https:\/\/www.europesays.com\/es\/wp-json\/wp\/v2\/posts\/285391","targetHints":{"allow":["GET"]}}],"collection":[{"href":"https:\/\/www.europesays.com\/es\/wp-json\/wp\/v2\/posts"}],"about":[{"href":"https:\/\/www.europesays.com\/es\/wp-json\/wp\/v2\/types\/post"}],"author":[{"embeddable":true,"href":"https:\/\/www.europesays.com\/es\/wp-json\/wp\/v2\/users\/2"}],"replies":[{"embeddable":true,"href":"https:\/\/www.europesays.com\/es\/wp-json\/wp\/v2\/comments?post=285391"}],"version-history":[{"count":0,"href":"https:\/\/www.europesays.com\/es\/wp-json\/wp\/v2\/posts\/285391\/revisions"}],"wp:featuredmedia":[{"embeddable":true,"href":"https:\/\/www.europesays.com\/es\/wp-json\/wp\/v2\/media\/285392"}],"wp:attachment":[{"href":"https:\/\/www.europesays.com\/es\/wp-json\/wp\/v2\/media?parent=285391"}],"wp:term":[{"taxonomy":"category","embeddable":true,"href":"https:\/\/www.europesays.com\/es\/wp-json\/wp\/v2\/categories?post=285391"},{"taxonomy":"post_tag","embeddable":true,"href":"https:\/\/www.europesays.com\/es\/wp-json\/wp\/v2\/tags?post=285391"}],"curies":[{"name":"wp","href":"https:\/\/api.w.org\/{rel}","templated":true}]}}