{"id":285410,"date":"2025-12-12T23:11:08","date_gmt":"2025-12-12T23:11:08","guid":{"rendered":"https:\/\/www.europesays.com\/es\/285410\/"},"modified":"2025-12-12T23:11:08","modified_gmt":"2025-12-12T23:11:08","slug":"el-alcalde-de-belalcazar-dimite-tras-los-mensajes-de-acoso-sexual-a-una-subordinada-destapados-por-abc","status":"publish","type":"post","link":"https:\/\/www.europesays.com\/es\/285410\/","title":{"rendered":"El alcalde de Belalc\u00e1zar dimite tras los mensajes de acoso sexual a una subordinada destapados por ABC"},"content":{"rendered":"<p style=\"\">El alcalde de Belalc\u00e1zar, Francisco Luis Fern\u00e1ndez Rodr\u00edguez (PSOE) ha decidido dimitir de sus cargos institucionales y org\u00e1nicos horas despu\u00e9s de la informaci\u00f3n destapada por ABC sobre sus mensajes de alto contenido sexual a<strong> una subordinada en el Ayuntamiento<\/strong>. <\/p>\n<p style=\"\">El PSOE, que hab\u00eda mantenido  &#8230; silencio hasta el momento, ha informado de que \u00abel alcalde ha comunicado a la Direcci\u00f3n Provincial del PSOE de C\u00f3rdoba, su decisi\u00f3n de entregar de manera inmediata todos sus cargos org\u00e1nicos e institucionales tras las informaciones aparecidas hoy en <strong>diversos medios de comunicaci\u00f3n<\/strong> sobre un presunto <a href=\"https:\/\/www.abc.es\/espana\/castilla-leon\/javier-izquierdo-hombre-ferraz-valladolid-20251212121312-nt.html\" target=\"_self\" data-voc-vtm-id=\"in-text-traffic\" title=\"caso de acoso sexual\u00bb. \" rel=\"nofollow noopener\">caso de acoso sexual\u00bb. <\/a><\/p>\n<p class=\"voc-p\" style=\"\"><strong>\u00abTe tengo muchas ganas\u00bb<\/strong>, \u00ab\u00bfMe dejas que te lo coma para ver si se me empina?\u00bb o \u00abestoy solito en el ayunta\u00bb, son algunas de las frases que enviaba Francisco Luis Fern\u00e1ndez Rodr\u00edguez, del PSOE, que llevaba diez a\u00f1os como regidor.<\/p>\n<p class=\"voc-p\" style=\"\">El propio alcalde, en un comunicado personal, confirma la decisi\u00f3n de dimitir \u00abcomo alcalde y militante del PSOE\u00bb y ha explicado \u00abque en ning\u00fan momento mis palabras y <strong>actitudes fueron de car\u00e1cter acosador\u00bb<\/strong> aunque s\u00ed reconoce que \u00abesas conversaciones fueron inapropiadas y no se ajustan al comportamiento que, como alcalde, debo demostrar en todo momento\u00bb.<\/p>\n<p class=\"voc-p\" style=\"\">\u00abLamento profundamente el haber cometido este error de juicio\u00bb, ha a\u00f1adido en el comunicado. Adem\u00e1s, ha defendido que \u00ablas conversaciones no fueron dirigidas a ninguna trabajadora o trabajador del Ayuntamiento\u00bb aunque ABC ha podido confirmar lo contrario. <\/p>\n<p class=\"voc-p\" style=\"\">Para \u00e9l, la conversaci\u00f3n \u00abestuvo fuera de lugar y es <strong>una falta de respeto a la que no le di la importancia<\/strong> que deber\u00eda haber tenido en su momento. Me duele ver que mis actos puedan haber causado confusi\u00f3n o malestar, y asumo toda la responsabilidad por ello\u00bb. <\/p>\n<p class=\"voc-p\" style=\"\">Ha pedido disculpas \u00aba todas las personas que se hayan sentido ofendidas por esta situaci\u00f3n, as\u00ed como a los vecinos y vecinas de Belalc\u00e1zar. Soy plenamente consciente de que el respeto y la integridad son valores esenciales <a href=\"https:\/\/www.abc.es\/espana\/rebeca-torro-secretaria-organizacion-psoe-comparece-denuncias-20251212101404-di.html\" target=\"_self\" data-voc-vtm-id=\"in-text-traffic\" title=\"en cualquier cargo p\u00fablico\" rel=\"nofollow noopener\">en cualquier cargo p\u00fablico<\/a>, y reconozco que <strong>no he estado a la altura de las expectativas<\/strong> que la ciudadan\u00eda tiene de su alcalde\u00bb. <\/p>\n<p class=\"voc-p\" style=\"\">El ya exalcalde de Belalc\u00e1zar ha asegurado que \u00abcon este paso atr\u00e1s, quiero permitir que el municipio contin\u00fae con un liderazgo renovado y con la tranquilidad de que mi error no influir\u00e1 en la labor de <strong>quienes seguir\u00e1n al frente del Ayuntamiento<\/strong>. Mi compromiso con la comunidad de Belalc\u00e1zar sigue siendo fuerte, pero considero que esta es la mejor decisi\u00f3n para preservar la confianza y el respeto que siempre he tratado de fomentar\u00bb.<\/p>\n","protected":false},"excerpt":{"rendered":"El alcalde de Belalc\u00e1zar, Francisco Luis Fern\u00e1ndez Rodr\u00edguez (PSOE) ha decidido dimitir de sus cargos institucionales y org\u00e1nicos&hellip;\n","protected":false},"author":2,"featured_media":285411,"comment_status":"","ping_status":"","sticky":false,"template":"","format":"standard","meta":{"footnotes":""},"categories":[5],"tags":[19530,1201,68841,17,18,2334,25,24,13,14,11,19,20,19719,9,10,15,16,24920,9129,23,12,10909,575,21,22],"class_list":{"0":"post-285410","1":"post","2":"type-post","3":"status-publish","4":"format-standard","5":"has-post-thumbnail","7":"category-titulares","8":"tag-acoso","9":"tag-alcalde","10":"tag-belalcazar","11":"tag-breaking-news","12":"tag-breakingnews","13":"tag-dimite","14":"tag-es","15":"tag-espana","16":"tag-featured-news","17":"tag-featurednews","18":"tag-headlines","19":"tag-latest-news","20":"tag-latestnews","21":"tag-municipal","22":"tag-news","23":"tag-noticias","24":"tag-noticias-destacadas","25":"tag-noticiasdestacadas","26":"tag-senalado","27":"tag-sexual","28":"tag-spain","29":"tag-titulares","30":"tag-trabajadora","31":"tag-tras","32":"tag-ultimas-noticias","33":"tag-ultimasnoticias"},"share_on_mastodon":{"url":"https:\/\/pubeurope.com\/@es\/115709128432980678","error":""},"_links":{"self":[{"href":"https:\/\/www.europesays.com\/es\/wp-json\/wp\/v2\/posts\/285410","targetHints":{"allow":["GET"]}}],"collection":[{"href":"https:\/\/www.europesays.com\/es\/wp-json\/wp\/v2\/posts"}],"about":[{"href":"https:\/\/www.europesays.com\/es\/wp-json\/wp\/v2\/types\/post"}],"author":[{"embeddable":true,"href":"https:\/\/www.europesays.com\/es\/wp-json\/wp\/v2\/users\/2"}],"replies":[{"embeddable":true,"href":"https:\/\/www.europesays.com\/es\/wp-json\/wp\/v2\/comments?post=285410"}],"version-history":[{"count":0,"href":"https:\/\/www.europesays.com\/es\/wp-json\/wp\/v2\/posts\/285410\/revisions"}],"wp:featuredmedia":[{"embeddable":true,"href":"https:\/\/www.europesays.com\/es\/wp-json\/wp\/v2\/media\/285411"}],"wp:attachment":[{"href":"https:\/\/www.europesays.com\/es\/wp-json\/wp\/v2\/media?parent=285410"}],"wp:term":[{"taxonomy":"category","embeddable":true,"href":"https:\/\/www.europesays.com\/es\/wp-json\/wp\/v2\/categories?post=285410"},{"taxonomy":"post_tag","embeddable":true,"href":"https:\/\/www.europesays.com\/es\/wp-json\/wp\/v2\/tags?post=285410"}],"curies":[{"name":"wp","href":"https:\/\/api.w.org\/{rel}","templated":true}]}}