{"id":285414,"date":"2025-12-12T23:17:08","date_gmt":"2025-12-12T23:17:08","guid":{"rendered":"https:\/\/www.europesays.com\/es\/285414\/"},"modified":"2025-12-12T23:17:08","modified_gmt":"2025-12-12T23:17:08","slug":"clasificaciones-completas-de-la-1a-etapa-de-la-vuelta-a-costa-rica-2025","status":"publish","type":"post","link":"https:\/\/www.europesays.com\/es\/285414\/","title":{"rendered":"Clasificaciones completas de la 1\u00aa etapa de la Vuelta a Costa Rica 2025"},"content":{"rendered":"<p>\t\t\t&#13;<br \/>\n&#13;<\/p>\n<p><img loading=\"lazy\" decoding=\"async\" src=\"https:\/\/www.europesays.com\/es\/wp-content\/uploads\/2025\/12\/vuelta-costa-rica-et1-clasificaciones-2025-es-ciclismo.jpg\" width=\"556\" height=\"418\" class=\"setborder\" alt=\"Clasificaciones completas de la 1\u00aa etapa de la Vuelta a Costa Rica 2025\" title=\"Clasificaciones completas de la 1\u00aa etapa de la Vuelta a Costa Rica 2025\"\/><br \/>\n&#13;<br \/>\n&#13;<br \/>\n&#13;<br \/>\n<a href=\"https:\/\/www.esciclismo.com\/actualidad\/esciclismo\/\" rel=\"nofollow noopener\" target=\"_blank\">EsCiclismo.com<\/a> \u00b7 <a href=\"https:\/\/www.esciclismo.com\/actualidad\/carretera\/\" rel=\"nofollow noopener\" target=\"_blank\">Competici\u00f3n Carretera<\/a>  \u00b7 12\/12\/2025<\/p>\n<p>\u00c9stas son las clasificaciones completas tras la 1\u00aa etapa de la Vuelta Ciclista Internacional a Costa Rica 2025, una jornada monta\u00f1osa de 107 kil\u00f3metros disputada este viernes, 12 de diciembre, entre las localidades de Heredia y Grecia.<\/p>\n<p>&#13;<\/p>\n<p><b id=\"P1\"\/>La victoria en la etapa y el primer maillot de l\u00edder se los llev\u00f3 el joven ciclista costarricense Jexon Jos\u00e9 Ledezma (Selecci\u00f3n de Costa Rica), que cruz\u00f3 la l\u00ednea de meta en solitario tras una brillante actuaci\u00f3n en los kil\u00f3metros finales. A 34 segundos entraron Daniel Bonilla (Colono Bikestation K\u00f6lbi) y Leandro Varela (7C Economy Hyundai), segundo y tercero respectivamente.<\/p>\n<p>&#13;<br \/>\nClasificaciones de la Vuelta a Costa Rica 2025 &#8211; Etapa 1&#13;<\/p>\n<p><b id=\"P2\"\/><b>Clasificaci\u00f3n de la 1\u00aa etapa:<\/b><br \/>&#13;<br \/>\n1. Jexon Jos\u00e9 Ledezma (CRC\/Sel. Nacional Costa Rica) &#8211; 2:28:12<br \/>&#13;<br \/>\n2. Daniel Bonilla (CRC\/Colono Bikestation K\u00f6lbi) a 0:34<br \/>&#13;<br \/>\n3. Leandro Varela (CRC\/7C Economy Hyundai) a 0:34<br \/>&#13;<br \/>\n4. Efr\u00e9n Santos (MEX\/Canel&#8217;s-Java) a 0:34<br \/>&#13;<br \/>\n5. Luis Monteros (ECU\/Movistar Best PC) a 0:34<br \/>&#13;<br \/>\n6. Gabriel Pacheco (CRC\/Manzat\u00e9 La Selva-Scott) a 0:37<br \/>&#13;<br \/>\n7. Sebasti\u00e1n Moya (CRC\/Manzat\u00e9 La Selva-Scott) a 1:06<br \/>&#13;<br \/>\n8. Joseph Ram\u00edrez (CRC\/Colono Bikestation K\u00f6lbi) a 1:13<br \/>&#13;<br \/>\n9. Richard Roland Huera (ECU\/Movistar Best PC) a 1:13<br \/>&#13;<br \/>\n10. Wilson Haro (ECU\/Giant Toscana Mitsubishi) a 1:13<br \/>&#13;<br \/>\n11. Gabriel Rojas (CRC\/Manzat\u00e9 La Selva-Scott) a 1:13<br \/>&#13;<br \/>\n12. Dylan Jim\u00e9nez (CRC\/7C Economy Hyundai) a 1:13<br \/>&#13;<br \/>\n13. Luis Aguilar (CRC\/7C Economy Hyundai) a 1:13<br \/>&#13;<br \/>\n14. Crist\u00f3bal Baeza (CHI\/Plus Performance-Zeo Sport) a 1:13<br \/>&#13;<br \/>\n15. Dorian Monterroso (GUA\/Sel. Nacional Guatemala) a 1:13<br \/>&#13;<br \/>\n16. Bryan Salas (CRC\/Costafrut-Giant-AC Marriott Bel\u00e9n) a 1:13<br \/>&#13;<br \/>\n17. Kenny Nijssen (NED\/Universe Cycling Team) a 1:13<br \/>&#13;<br \/>\n18. Alexis Quinteros (ECU\/Giant Toscana Mitsubishi) a 1:13<br \/>&#13;<br \/>\n19. Heiner Parra (COL\/Canel&#8217;s-Java) a 1:13<br \/>&#13;<br \/>\n20. Bayron Guam\u00e1 (ECU\/Movistar Best PC) a 1:13<br \/>&#13;<br \/>\n21. Nixon Rosero (ECU\/Movistar Best PC) a 1:13<br \/>&#13;<br \/>\n22. Rodolfo Villalobos (CRC\/Ciclo Caf\u00e9) a 1:13<br \/>&#13;<br \/>\n23. Ignacio Prado (MEX\/Canel&#8217;s-Java) a 1:13<br \/>&#13;<br \/>\n24. Pablo Mudarra (CRC\/Colono Bikestation K\u00f6lbi) a 1:13<br \/>&#13;<br \/>\n25. Daniel G\u00f3mez (CRC\/Ciclo Caf\u00e9) a 1:13<br \/>&#13;<br \/>\n26. Alexander Gil (COL\/Canel&#8217;s-Java) a 1:13<br \/>&#13;<br \/>\n27. Luis Daniel Oses (CRC\/7C Economy Hyundai) a 1:13<br \/>&#13;<br \/>\n28. Fredd Matute (HON\/Momentum Racing-GCS-Quici) a 1:13<br \/>&#13;<br \/>\n29. Alex Rony Julajuj (GUA\/Sel. Nacional Guatemala) a 1:13<br \/>&#13;<br \/>\n30. Luis L\u00f3pez (HON\/Manzat\u00e9 La Selva-Scott) a 1:39<br \/>&#13;<br \/>\n31. Erik Pozo (ECU\/Movistar Best PC) a 1:57<br \/>&#13;<br \/>\n32. Alejandro Granados (CRC\/Colono Bikestation K\u00f6lbi) a 2:08<br \/>&#13;<br \/>\n33. Sebasti\u00e1n Brenes (CRC\/Canel&#8217;s-Java) a 2:09<br \/>&#13;<br \/>\n34. Kevin Rivera (CRC\/7C Economy Hyundai) a 2:22<br \/>&#13;<br \/>\n35. Sergio Arias (CRC\/Colono Bikestation K\u00f6lbi) a 2:24<br \/>&#13;<br \/>\n36. Brandon Aguilar (CRC\/Manzat\u00e9 La Selva-Scott) a 3:15<br \/>&#13;<br \/>\n37. Sebasti\u00e1n Calder\u00f3n (CRC\/7C Economy Hyundai) a 4:15<br \/>&#13;<br \/>\n38. Jymmi Santiago Montenegro (ECU\/Movistar Best PC) a 4:15<br \/>&#13;<br \/>\n39. H\u00e9ctor Quintana (CHI\/Plus Performance-Zeo Sport) a 5:49<br \/>&#13;<br \/>\n40. Diego del Campo (CHI\/Plus Performance-Zeo Sport) a 5:49<br \/>&#13;<br \/>\n41. Timothy Rugg (USA\/Momentum Racing-GCS-Quici) a 5:49<br \/>&#13;<br \/>\n42. Gr\u00e9goire Lemaire (BEL\/Flanders Region Team) a 6:15<br \/>&#13;<br \/>\n43. Jeen De Jong (NED\/Universe Cycling Team) a 6:17<br \/>&#13;<br \/>\n44. Francisco Kotsakis (CHI\/Plus Performance-Zeo Sport) a 6:17<br \/>&#13;<br \/>\n45. Jason Huertas (CRC\/Manzat\u00e9 La Selva-Scott) a 7:40<br \/>&#13;<br \/>\n46. Kevin Murillo (CRC\/Distribuidora Cruz-Tecnoforest) a 7:53<br \/>&#13;<br \/>\n47. Alejandro Pati\u00f1o (CRC\/Distribuidora Cruz-Tecnoforest) a 8:04<br \/>&#13;<br \/>\n48. Boud Greefs (BEL\/Flanders Region Team) a 8:07<br \/>&#13;<br \/>\n49. Derrick Chavarr\u00eda (BIZ\/Momentum Racing-GCS-Quici) a 8:07<br \/>&#13;<br \/>\n50. Edgar Grave (GUA\/Sel. Nacional Guatemala) a 8:21<br \/>&#13;<br \/>\n51. Christian Albarrac\u00edn (ECU\/Giant Toscana Mitsubishi) a 8:41<br \/>&#13;<br \/>\n52. Brayan Vargas (CRC\/Distribuidora Cruz-Tecnoforest) a 8:47<br \/>&#13;<br \/>\n53. Niels Matthys (BEL\/Flanders Region Team) a 8:55<br \/>&#13;<br \/>\n54. H\u00e9ctor \u00c1lvarez (ECU\/Movistar Best PC) a 8:55<br \/>&#13;<br \/>\n55. Tom\u00e1s Quir\u00f3z (CHI\/Plus Performance-Zeo Sport) a 8:55<br \/>&#13;<br \/>\n56. John Borstelman (USA\/Momentum Racing-GCS-Quici) a 9:10<br \/>&#13;<br \/>\n57. Stefan Verhoeff (NED\/Universe Cycling Team) a 9:10<br \/>&#13;<br \/>\n58. Jos\u00e9 Sancho (CRC\/Colono Bikestation K\u00f6lbi) a 9:10<br \/>&#13;<br \/>\n59. Luuk Van de Meer (NED\/Universe Cycling Team) a 9:10<br \/>&#13;<br \/>\n60. Wannes Verschuere (BEL\/Flanders Region Team) a 9:10<br \/>&#13;<br \/>\n61. Rodrigo Hern\u00e1ndez (CRC\/Costafrut-Giant-AC Marriott Bel\u00e9n) a 9:10<br \/>&#13;<br \/>\n62. Alejandro Pita (ECU\/Giant Toscana Mitsubishi) a 9:10<br \/>&#13;<br \/>\n63. Owen Wright (USA\/Canel&#8217;s-Java) a 9:10<br \/>&#13;<br \/>\n64. Cas Hermans (BEL\/Flanders Region Team) a 9:10<br \/>&#13;<br \/>\n65. Jonathan Aguilar (CRC\/Sel. Nacional Costa Rica) a 9:27<br \/>&#13;<br \/>\n66. Anthony Travez (ECU\/Giant Toscana Mitsubishi) a 9:56<br \/>&#13;<br \/>\n67. Juan Oviedo (CRC\/Distribuidora Cruz-Tecnoforest) a 10:33<br \/>&#13;<br \/>\n68. Jos\u00e9 Castro (CRC\/Ciclo Caf\u00e9) a 10:39<br \/>&#13;<br \/>\n69. Brayan R\u00edos (GUA\/Sel. Nacional Guatemala) a 11:34<br \/>&#13;<br \/>\n70. Alejandro Coto (CRC\/Ciclo Caf\u00e9) a 12:00<br \/>&#13;<br \/>\n71. Donovan Ram\u00edrez (CRC\/Colono Bikestation K\u00f6lbi) a 12:00<br \/>&#13;<br \/>\n72. Ernesto Fern\u00e1ndez (CRC\/Manzat\u00e9 La Selva-Scott) a 12:30<br \/>&#13;<br \/>\n73. Wessel Lange (NED\/Universe Cycling Team) a 12:36<br \/>&#13;<br \/>\n74. Rudy Matzar (GUA\/Sel. Nacional Guatemala) a 13:02<br \/>&#13;<br \/>\n75. Marcos S\u00e1nchez (CRC\/Distribuidora Cruz-Tecnoforest) a 13:02<br \/>&#13;<br \/>\n76. Pablo C\u00e9sar Cascante (CRC\/7C Economy Hyundai) a 13:02<br \/>&#13;<br \/>\n77. William Ch\u00e1vez (CRC\/Distribuidora Cruz-Tecnoforest) a 13:48<br \/>&#13;<br \/>\n78. Marco Chalco (ECU\/Giant Toscana Mitsubishi) a 14:06<br \/>&#13;<br \/>\n79. Niels Van Beurden (NED\/Universe Cycling Team) a 14:06<br \/>&#13;<br \/>\n80. Derek G\u00f3mez (CRC\/Ciclo Caf\u00e9) a 14:50<br \/>&#13;<br \/>\n81. Camilo Mart\u00ed (CHI\/Plus Performance-Zeo Sport) a 16:34<br \/>&#13;<br \/>\n82. \u00d3scar Arroyo (CRC\/Costafrut-Giant-AC Marriott Bel\u00e9n) a 17:49<br \/>&#13;<br \/>\n83. Henry Huinac (GUA\/Sel. Nacional Guatemala) a 17:49<br \/>&#13;<br \/>\n84. Felipe Aros (USA\/Momentum Racing-GCS-Quici) a 17:49<br \/>&#13;<br \/>\n85. Darren Soto (CRC\/Ciclo Caf\u00e9) a 17:49<br \/>&#13;<br \/>\n86. Cormac McGeough (IRL\/Canel&#8217;s-Java) a 19:35<br \/>&#13;<br \/>\n87. Jaylen Brice\u00f1o (BIZ\/Momentum Racing-GCS-Quici) a 19:35<br \/>&#13;<br \/>\n88. Kyvan Ast\u00faa (CRC\/Sel. Nacional Costa Rica) a 20:23<br \/>&#13;<br \/>\n89. Kendall Fern\u00e1ndez (CRC\/Sel. Nacional Costa Rica) a 20:23<br \/>&#13;<br \/>\n90. Jeremy Quesada (CRC\/Costafrut-Giant-AC Marriott Bel\u00e9n) a 32:22<br \/>&#13;<br \/>\n91. Jos\u00e9 Matarrita (CRC\/Sel. Nacional Costa Rica) a 33:51<br \/>&#13;<br \/>\n92. Dani Bonilla Bola\u00f1os (CRC\/Costafrut-Giant-AC Marriott Bel\u00e9n) a 34:45<br \/>&#13;<br \/>\n93. Cristopher Cruz (CRC\/Sel. Nacional Costa Rica) a 35:40<br \/>&#13;<br \/>\n94. Niels Verdijck (BEL\/Flanders Region Team) a 36:21<br \/>&#13;<br \/>\n95. Sam Van de Mieroop (BEL\/Universe Cycling Team) a 40:57<br \/>&#13;<br \/>\n96. Jos\u00e9 Chaves (CRC\/Costafrut-Giant-AC Marriott Bel\u00e9n) a 42:27<br \/>&#13;<br \/>\n97. Diego Loaiza (CRC\/Ciclo Caf\u00e9) a 43:58<br \/>&#13;<br \/>\n98. Marco Boniche (CRC\/Distribuidora Cruz-Tecnoforest) a 43:58<br \/>&#13;<br \/>\n99. Nikos Casto (USA\/Momentum Racing-GCS-Quici) a 43:58<br \/>&#13;<br \/>\n100. Jos\u00e9 Vargas (CRC\/Sel. Nacional Costa Rica) a 43:58<\/p>\n<p>&#13;<\/p>\n<p><b>Clasificaci\u00f3n general:<\/b><br \/>&#13;<br \/>\n1. Jexon Jos\u00e9 Ledezma (CRC\/Sel. de Costa Rica) &#8211; 2:28:02<br \/>&#13;<br \/>\n2. Daniel Bonilla (CRC\/Colono Bikestation K\u00f6lbi) a 0:38<br \/>&#13;<br \/>\n3. Leandro Varela (CRC\/7C Economy Hyundai) a 0:40<br \/>&#13;<br \/>\n4. Efr\u00e9n Santos (MEX\/Canel&#8217;s-Java) a 0:44<br \/>&#13;<br \/>\n5. Luis Monteros (ECU\/Movistar Best PC) a 0:44<br \/>&#13;<br \/>\n6. Gabriel Pacheco (CRC\/Manzat\u00e9 La Selva-Scott) a 0:47<br \/>&#13;<br \/>\n7. Sebasti\u00e1n Moya (CRC\/Manzat\u00e9 La Selva-Scott) a 1:16<br \/>&#13;<br \/>\n8. Fredd Matute (HON\/Momentum Racing-GCS-Quici) a 1:20<br \/>&#13;<br \/>\n9. Joseph Ram\u00edrez (CRC\/Colono Bikestation K\u00f6lbi) a 1:23<br \/>&#13;<br \/>\n10. Richard Roland Huera (ECU\/Movistar Best PC) a 1:23<br \/>&#13;<br \/>\n11. Wilson Haro (ECU\/Giant Toscana Mitsubishi) a 1:23<br \/>&#13;<br \/>\n12. Gabriel Rojas (CRC\/Manzat\u00e9 La Selva-Scott) a 1:23<br \/>&#13;<br \/>\n13. Dylan Jim\u00e9nez (CRC\/7C Economy Hyundai) a 1:23<br \/>&#13;<br \/>\n14. Luis Aguilar (CRC\/7C Economy Hyundai) a 1:23<br \/>&#13;<br \/>\n15. Crist\u00f3bal Baeza (CHI\/Plus Performance-Zeo Sport) a 1:23<br \/>&#13;<br \/>\n16. Dorian Monterroso (GUA\/Sel. Nacional Guatemala) a 1:23<br \/>&#13;<br \/>\n17. Bryan Salas (CRC\/Costafrut-Giant-AC Marriott Bel\u00e9n) a 1:23<br \/>&#13;<br \/>\n18. Kenny Nijssen (NED\/Universe Cycling Team) a 1:23<br \/>&#13;<br \/>\n19. Alexis Quinteros (ECU\/Giant Toscana Mitsubishi) a 1:23<br \/>&#13;<br \/>\n20. Heiner Parra (COL\/Canel&#8217;s-Java) a 1:23<br \/>&#13;<br \/>\n21. Bayron Guam\u00e1 (ECU\/Movistar Best PC) a 1:23<br \/>&#13;<br \/>\n22. Nixon Rosero (ECU\/Movistar Best PC) a 1:23<br \/>&#13;<br \/>\n23. Rodolfo Villalobos (CRC\/Ciclo Caf\u00e9) a 1:23<br \/>&#13;<br \/>\n24. Ignacio Prado (MEX\/Canel&#8217;s-Java) a 1:23<br \/>&#13;<br \/>\n25. Pablo Mudarra (CRC\/Colono Bikestation K\u00f6lbi) a 1:23<br \/>&#13;<br \/>\n26. Daniel G\u00f3mez (CRC\/Ciclo Caf\u00e9) a 1:23<br \/>&#13;<br \/>\n27. Alexander Gil (COL\/Canel&#8217;s-Java) a 1:23<br \/>&#13;<br \/>\n28. Luis Daniel Oses (CRC\/7C Economy Hyundai) a 1:23<br \/>&#13;<br \/>\n29. Alex Rony Julajuj (GUA\/Sel. Nacional Guatemala) a 1:23<br \/>&#13;<br \/>\n30. Luis L\u00f3pez (HON\/Manzat\u00e9 La Selva-Scott) a 1:49<br \/>&#13;<br \/>\n31. Erik Pozo (ECU\/Movistar Best PC) a 2:07<br \/>&#13;<br \/>\n32. Alejandro Granados (CRC\/Colono Bikestation K\u00f6lbi) a 2:18<br \/>&#13;<br \/>\n33. Sebasti\u00e1n Brenes (CRC\/Canel&#8217;s-Java) a 2:19<br \/>&#13;<br \/>\n34. Kevin Rivera (CRC\/7C Economy Hyundai) a 2:32<br \/>&#13;<br \/>\n35. Sergio Arias (CRC\/Colono Bikestation K\u00f6lbi) a 2:34<br \/>&#13;<br \/>\n36. Brandon Aguilar (CRC\/Manzat\u00e9 La Selva-Scott) a 3:25<br \/>&#13;<br \/>\n37. Sebasti\u00e1n Calder\u00f3n (CRC\/7C Economy Hyundai) a 4:25<br \/>&#13;<br \/>\n38. Jymmi Santiago Montenegro (ECU\/Movistar Best PC) a 4:25<br \/>&#13;<br \/>\n39. H\u00e9ctor Quintana (CHI\/Plus Performance-Zeo Sport) a 5:59<br \/>&#13;<br \/>\n40. Diego del Campo (CHI\/Plus Performance-Zeo Sport) a 5:59<br \/>&#13;<br \/>\n41. Timothy Rugg (USA\/Momentum Racing-GCS-Quici) a 5:59<br \/>&#13;<br \/>\n42. Gr\u00e9goire Lemaire (BEL\/Flanders Region Team) a 6:25<br \/>&#13;<br \/>\n43. Jeen De Jong (NED\/Universe Cycling Team) a 6:27<br \/>&#13;<br \/>\n44. Francisco Kotsakis (CHI\/Plus Performance-Zeo Sport) a 6:27<br \/>&#13;<br \/>\n45. Jason Huertas (CRC\/Manzat\u00e9 La Selva-Scott) a 7:49<br \/>&#13;<br \/>\n46. Kevin Murillo (CRC\/Distribuidora Cruz-Tecnoforest) a 8:03<br \/>&#13;<br \/>\n47. Alejandro Pati\u00f1o (CRC\/Distribuidora Cruz-Tecnoforest) a 8:14<br \/>&#13;<br \/>\n48. Boud Greefs (BEL\/Flanders Region Team) a 8:17<br \/>&#13;<br \/>\n49. Derrick Chavarr\u00eda (BIZ\/Momentum Racing-GCS-Quici) a 8:17<br \/>&#13;<br \/>\n50. Edgar Grave (GUA\/Sel. Nacional Guatemala) a 8:31<br \/>&#13;<br \/>\n51. Christian Albarrac\u00edn (ECU\/Giant Toscana Mitsubishi) a 8:51<br \/>&#13;<br \/>\n52. Brayan Vargas (CRC\/Distribuidora Cruz-Tecnoforest) a 8:57<br \/>&#13;<br \/>\n53. Niels Matthys (BEL\/Flanders Region Team) a 9:05<br \/>&#13;<br \/>\n54. H\u00e9ctor \u00c1lvarez (ECU\/Movistar Best PC) a 9:05<br \/>&#13;<br \/>\n55. Tom\u00e1s Quir\u00f3z (CHI\/Plus Performance-Zeo Sport) a 9:05<br \/>&#13;<br \/>\n56. John Borstelman (USA\/Momentum Racing-GCS-Quici) a 9:20<br \/>&#13;<br \/>\n57. Stefan Verhoeff (NED\/Universe Cycling Team) a 9:20<br \/>&#13;<br \/>\n58. Jos\u00e9 Sancho (CRC\/Colono Bikestation K\u00f6lbi) a 9:20<br \/>&#13;<br \/>\n59. Luuk Van de Meer (NED\/Universe Cycling Team) a 9:20<br \/>&#13;<br \/>\n60. Wannes Verschuere (BEL\/Flanders Region Team) a 9:20<br \/>&#13;<br \/>\n61. Rodrigo Hern\u00e1ndez (CRC\/Costafrut-Giant-AC Marriott Bel\u00e9n) a 9:20<br \/>&#13;<br \/>\n62. Alejandro Pita (ECU\/Giant Toscana Mitsubishi) a 9:20<br \/>&#13;<br \/>\n63. Owen Wright (USA\/Canel&#8217;s-Java) a 9:20<br \/>&#13;<br \/>\n64. Cas Hermans (BEL\/Flanders Region Team) a 9:20<br \/>&#13;<br \/>\n65. Jonathan Aguilar (CRC\/Sel. Nacional Costa Rica) a 9:37<br \/>&#13;<br \/>\n66. Anthony Travez (ECU\/Giant Toscana Mitsubishi) a 10:06<br \/>&#13;<br \/>\n67. Juan Oviedo (CRC\/Distribuidora Cruz-Tecnoforest) a 10:43<br \/>&#13;<br \/>\n68. Jos\u00e9 Castro (CRC\/Ciclo Caf\u00e9) a 10:49<br \/>&#13;<br \/>\n69. Brayan R\u00edos (GUA\/Sel. Nacional Guatemala) a 11:44<br \/>&#13;<br \/>\n70. Alejandro Coto (CRC\/Ciclo Caf\u00e9) a 12:10<br \/>&#13;<br \/>\n71. Donovan Ram\u00edrez (CRC\/Colono Bikestation K\u00f6lbi) a 12:10<br \/>&#13;<br \/>\n72. Ernesto Fern\u00e1ndez (CRC\/Manzat\u00e9 La Selva-Scott) a 12:40<br \/>&#13;<br \/>\n73. Wessel Lange (NED\/Universe Cycling Team) a 12:46<br \/>&#13;<br \/>\n74. Marcos S\u00e1nchez (CRC\/Distribuidora Cruz-Tecnoforest) a 13:10<br \/>&#13;<br \/>\n75. Rudy Matzar (GUA\/Sel. Nacional Guatemala) a 13:12<br \/>&#13;<br \/>\n76. Pablo C\u00e9sar Cascante (CRC\/7C Economy Hyundai) a 13:12<br \/>&#13;<br \/>\n77. William Ch\u00e1vez (CRC\/Distribuidora Cruz-Tecnoforest) a 13:58<br \/>&#13;<br \/>\n78. Marco Chalco (ECU\/Giant Toscana Mitsubishi) a 14:16<br \/>&#13;<br \/>\n79. Niels Van Beurden (NED\/Universe Cycling Team) a 14:16<br \/>&#13;<br \/>\n80. Derek G\u00f3mez (CRC\/Ciclo Caf\u00e9) a 15:00<br \/>&#13;<br \/>\n81. Camilo Mart\u00ed (CHI\/Plus Performance-Zeo Sport) a 16:44<br \/>&#13;<br \/>\n82. \u00d3scar Arroyo (CRC\/Costafrut-Giant-AC Marriott Bel\u00e9n) a 17:59<br \/>&#13;<br \/>\n83. Henry Huinac (GUA\/Sel. Nacional Guatemala) a 17:59<br \/>&#13;<br \/>\n84. Felipe Aros (USA\/Momentum Racing-GCS-Quici) a 17:59<br \/>&#13;<br \/>\n85. Darren Soto (CRC\/Ciclo Caf\u00e9) a 17:59<br \/>&#13;<br \/>\n86. Cormac McGeough (IRL\/Canel&#8217;s-Java) a 19:45<br \/>&#13;<br \/>\n87. Jaylen Brice\u00f1o (BIZ\/Momentum Racing-GCS-Quici) a 19:45<br \/>&#13;<br \/>\n88. Kyvan Ast\u00faa (CRC\/Sel. Nacional Costa Rica) a 20:33<br \/>&#13;<br \/>\n89. Kendall Fern\u00e1ndez (CRC\/Sel. Nacional Costa Rica) a 20:33<br \/>&#13;<br \/>\n90. Jeremy Quesada (CRC\/Costafrut-Giant-AC Marriott Bel\u00e9n) a 32:32<br \/>&#13;<br \/>\n91. Jos\u00e9 Matarrita (CRC\/Sel. Nacional Costa Rica) a 34:01<br \/>&#13;<br \/>\n92. Dani Bonilla Bola\u00f1os (CRC\/Costafrut-Giant-AC Marriott Bel\u00e9n) a 34:55<br \/>&#13;<br \/>\n93. Cristopher Cruz (CRC\/Sel. Nacional Costa Rica) a 35:50<br \/>&#13;<br \/>\n94. Niels Verdijck (BEL\/Flanders Region Team) a 36:31<br \/>&#13;<br \/>\n95. Sam Van de Mieroop (BEL\/Universe Cycling Team) a 41:07<br \/>&#13;<br \/>\n96. Jos\u00e9 Chaves (CRC\/Costafrut-Giant-AC Marriott Bel\u00e9n) a 42:37<br \/>&#13;<br \/>\n97. Diego Loaiza (CRC\/Ciclo Caf\u00e9) a 44:08<br \/>&#13;<br \/>\n98. Marco Boniche (CRC\/Distribuidora Cruz-Tecnoforest) a 44:08<br \/>&#13;<br \/>\n99. Nikos Casto (USA\/Momentum Racing-GCS-Quici) a 44:08<br \/>&#13;<br \/>\n100. Jos\u00e9 Vargas (CRC\/Sel. Nacional Costa Rica) a 44:08<\/p>\n<p>&#13;<\/p>\n<p><b id=\"P3\"\/><b>Clasificaci\u00f3n general de los Puntos (Top-10):<\/b><br \/>&#13;<br \/>\n1. Jexon Jos\u00e9 Ledezma (CRC\/Sel. Nacional Costa Rica) \u2013 15 pts  <br \/>&#13;<br \/>\n2. Daniel Bonilla (CRC\/Colono Bikestation K\u00f6lbi) \u2013 12<br \/>&#13;<br \/>\n3. Leandro Varela (CRC\/7C Economy Hyundai) \u2013 10<br \/>&#13;<br \/>\n4. Efren Santos (MEX\/Canel\u2019s-Java) \u2013 7<br \/>&#13;<br \/>\n5. Luis Monteros (ECU\/Movistar Best PC) \u2013 6<br \/>&#13;<br \/>\n6. Gabriel Pacheco (CRC\/Manzat\u00e9 La Selva-Scott) \u2013 5<br \/>&#13;<br \/>\n7. Fredd Matute (HON\/Momentum Racing-GCS-Quici) \u2013 5<br \/>&#13;<br \/>\n8. Sebasti\u00e1n Moya (CRC\/Manzat\u00e9 La Selva-Scott) \u2013 4<br \/>&#13;<br \/>\n9. Joseph Ram\u00edrez (CRC\/Colono Bikestation K\u00f6lbi) \u2013 3<br \/>&#13;<br \/>\n10. Marcos S\u00e1nchez (CRC\/Distribuidora Cruz-Tecnoforest) \u2013 3<\/p>\n<p>&#13;<\/p>\n<p><b>Clasificaci\u00f3n general de la Monta\u00f1a (Top-10):<\/b><br \/>&#13;<br \/>\n1. Jymmi Santiago Montenegro (ECU\/Movistar Best PC) \u2013 12 pts<br \/>&#13;<br \/>\n2. Jexon Jos\u00e9 Ledezma (CRC\/Sel. Nacional Costa Rica) \u2013 8<br \/>&#13;<br \/>\n3. Fredd Matute (HON\/Momentum Racing-GCS-Quici) \u2013 8<br \/>&#13;<br \/>\n4. Daniel Bonilla (CRC\/Colono Bikestation K\u00f6lbi) \u2013 6<br \/>&#13;<br \/>\n5. Leandro Varela (CRC\/7C Economy Hyundai) \u2013 6<br \/>&#13;<br \/>\n6. Luis Aguilar (CRC\/7C Economy Hyundai) \u2013 6<br \/>&#13;<br \/>\n7. Sebasti\u00e1n Moya (CRC\/Manzat\u00e9 La Selva-Scott) \u2013 5<br \/>&#13;<br \/>\n8. Efren Santos (MEX\/Canel\u2019s-Java) \u2013 2<br \/>&#13;<br \/>\n9. Luis Monteros (ECU\/Movistar Best PC) \u2013 1<br \/>&#13;<br \/>\n10. Dylan Jim\u00e9nez (CRC\/7C Economy Hyundai) \u2013 1<\/p>\n<p>&#13;<\/p>\n<p><b id=\"P4\"\/><b>Clasificaci\u00f3n general de los J\u00f3venes (Top-10):<\/b><br \/>&#13;<br \/>\n1. Jexon Jos\u00e9 Ledezma (CRC\/Sel. Nacional Costa Rica) &#8211; 2:28:12<br \/>&#13;<br \/>\n2. Luis Monteros (ECU\/Movistar Best PC) a 0:34<br \/>&#13;<br \/>\n3. Gabriel Pacheco (CRC\/Manzat\u00e9 La Selva-Scott) a 0:37<br \/>&#13;<br \/>\n4. Luis Aguilar (CRC\/7C Economy Hyundai) a 1:13<br \/>&#13;<br \/>\n5. Daniel G\u00f3mez (CRC\/Ciclo Caf\u00e9) a 1:13<br \/>&#13;<br \/>\n6. Erik Pozo (ECU\/Movistar Best PC) a 1:57<br \/>&#13;<br \/>\n7. Alejandro Granados (CRC\/Colono Bikestation K\u00f6lbi) a 2:08<br \/>&#13;<br \/>\n8. Brandon Aguilar (CRC\/Manzat\u00e9 La Selva-Scott) a 3:15<br \/>&#13;<br \/>\n9. Sebasti\u00e1n Calder\u00f3n (CRC\/7C Economy Hyundai) a 4:15<br \/>&#13;<br \/>\n10. Boud Greefs (BEL\/Flanders Region Team) a 8:07<\/p>\n<p>&#13;<\/p>\n<p><b>Clasificaci\u00f3n general por Equipos (Top-10):<\/b><br \/>&#13;<br \/>\n1. Manzat\u00e9 La Selva-Scott \u2013 7:27:32<br \/>&#13;<br \/>\n2. 7C Economy Hyundai a 0:04<br \/>&#13;<br \/>\n3. Colono Bikestation K\u00f6lbi a 0:04<br \/>&#13;<br \/>\n4. Movistar Best PC a 0:04<br \/>&#13;<br \/>\n5. Canel\u2019s-Java a 0:04<br \/>&#13;<br \/>\n6. Selecci\u00f3n Nacional de Guatemala a 7:51<br \/>&#13;<br \/>\n7. Giant Toscana Mitsubishi a 8:11<br \/>&#13;<br \/>\n8. Plus Performance-Zeo Sport a 9:55<br \/>&#13;<br \/>\n9. Ciclo Caf\u00e9 &#8211; R. Mena &#8211; Ranc La Paz a 10:09<br \/>&#13;<br \/>\n10. Momentum Racing-GCS-Quici a 12:13<\/p>\n<p>&#13;<br \/>\n&#13;<br \/>\n&#13;<br \/>\nEsCiclismo &#8211; Todos los derechos reservados. Est\u00e1 prohibido todo tipo de reproducci\u00f3n sin autorizaci\u00f3n expresa escrita.<br \/>&#13;<br \/>\n&#13;<\/p>\n<blockquote class=\"style-3\"><p>\ud83d\udce3<\/p>\n<p>Sigue toda la actualidad del mundo del ciclismo en nuestros canales de <a href=\"https:\/\/bit.ly\/WhatsappEsCiclismo\" target=\"_blank\" rel=\"noopener nofollow\"><b>WhatsApp<\/b><\/a> y <a href=\"https:\/\/bit.ly\/EsciclismoTelegram\" target=\"_blank\" rel=\"noopener nofollow\"><b>Telegram<\/b><\/a>, donde recibiras las noticias m\u00e1s destacadas.<\/p>\n<\/blockquote>\n","protected":false},"excerpt":{"rendered":"&#13; &#13; &#13; &#13; &#13; EsCiclismo.com \u00b7 Competici\u00f3n Carretera \u00b7 12\/12\/2025 \u00c9stas son las clasificaciones completas tras la&hellip;\n","protected":false},"author":2,"featured_media":285415,"comment_status":"","ping_status":"","sticky":false,"template":"","format":"standard","meta":{"footnotes":""},"categories":[273],"tags":[313,1757,12652,55199,2828,312,168,25,24,53841,314,61,293,68609,23,167,1357],"class_list":{"0":"post-285414","1":"post","2":"type-post","3":"status-publish","4":"format-standard","5":"has-post-thumbnail","7":"category-ciclismo","8":"tag-ciclismo","9":"tag-ciclista","10":"tag-clasificaciones","11":"tag-completas","12":"tag-costa","13":"tag-cycling","14":"tag-deportes","15":"tag-es","16":"tag-espana","17":"tag-estas","18":"tag-etapa","19":"tag-internacional","20":"tag-jornada","21":"tag-rica","22":"tag-spain","23":"tag-sports","24":"tag-vuelta"},"share_on_mastodon":{"url":"https:\/\/pubeurope.com\/@es\/115709152351499398","error":""},"_links":{"self":[{"href":"https:\/\/www.europesays.com\/es\/wp-json\/wp\/v2\/posts\/285414","targetHints":{"allow":["GET"]}}],"collection":[{"href":"https:\/\/www.europesays.com\/es\/wp-json\/wp\/v2\/posts"}],"about":[{"href":"https:\/\/www.europesays.com\/es\/wp-json\/wp\/v2\/types\/post"}],"author":[{"embeddable":true,"href":"https:\/\/www.europesays.com\/es\/wp-json\/wp\/v2\/users\/2"}],"replies":[{"embeddable":true,"href":"https:\/\/www.europesays.com\/es\/wp-json\/wp\/v2\/comments?post=285414"}],"version-history":[{"count":0,"href":"https:\/\/www.europesays.com\/es\/wp-json\/wp\/v2\/posts\/285414\/revisions"}],"wp:featuredmedia":[{"embeddable":true,"href":"https:\/\/www.europesays.com\/es\/wp-json\/wp\/v2\/media\/285415"}],"wp:attachment":[{"href":"https:\/\/www.europesays.com\/es\/wp-json\/wp\/v2\/media?parent=285414"}],"wp:term":[{"taxonomy":"category","embeddable":true,"href":"https:\/\/www.europesays.com\/es\/wp-json\/wp\/v2\/categories?post=285414"},{"taxonomy":"post_tag","embeddable":true,"href":"https:\/\/www.europesays.com\/es\/wp-json\/wp\/v2\/tags?post=285414"}],"curies":[{"name":"wp","href":"https:\/\/api.w.org\/{rel}","templated":true}]}}