{"id":285416,"date":"2025-12-12T23:19:10","date_gmt":"2025-12-12T23:19:10","guid":{"rendered":"https:\/\/www.europesays.com\/es\/285416\/"},"modified":"2025-12-12T23:19:10","modified_gmt":"2025-12-12T23:19:10","slug":"apoyo-de-ultima-hora-en-el-olympiacos-en-su-visita-al-palau","status":"publish","type":"post","link":"https:\/\/www.europesays.com\/es\/285416\/","title":{"rendered":"Apoyo de \u00faltima hora en el Olympiacos en su visita al Palau"},"content":{"rendered":"<p data-gtm-element-container=\"modulo-texto-link\" class=\"paragraph\">Mejores noticias desde la enfermer\u00eda le llegan a <strong>Bartzokas <\/strong>despu\u00e9s de unas semanas con numerosas lesiones. Pese a la reciente baja de\u00a0<strong>Tyson Ward<\/strong>, que estar\u00e1 cuatro semanas alejado de las pistas al sufrir una inflamaci\u00f3n \u00f3sea, el <strong>Olympiacos <\/strong>contar\u00e1 con un apoyo especial en su visita al Palau.\u00a0<\/p>\n<p>        Lee tambi\u00e9n<\/p>\n<p>    Eloy Rodellar<\/p>\n<p>             <img loading=\"lazy\" decoding=\"async\" data-full-src=\"https:\/\/www.mundodeportivo.com\/uploads\/2025\/12\/11\/693aa9e5b1f99.jpeg\" alt=\"El ala-p\u00edvot aterriz\u00f3 en 2015 en Barcelona con apenas 19 a\u00f1os y vuelve al Palau\" width=\"334\" height=\"164\" src=\"https:\/\/www.europesays.com\/es\/wp-content\/uploads\/2025\/12\/693aa9e5b1f99.r_d.299-137.jpeg\" class=\"lazy\"\/><\/p>\n<p data-gtm-element-container=\"modulo-texto-link\" class=\"paragraph\"><strong>Moustapha Fall<\/strong>, que sufri\u00f3\u00a0una rotura del tend\u00f3n rotuliano de la rodilla izquierda, finalmente <strong>viajar\u00e1 a Barcelona para dar apoyo a su equipo<\/strong> en pleno proceso de recuperaci\u00f3n. Seg\u00fan informa el periodista Mihalis Stefanou, el p\u00edvot animar\u00e1 a los suyos ante el <strong>Bar\u00e7a <\/strong>mientras progresa adecuadamente de su lesi\u00f3n.<\/p>\n<p data-gtm-element-container=\"modulo-texto-link\" class=\"paragraph\"><strong>Fall <\/strong>llevaba d\u00edas en <strong>Madrid <\/strong>debido a su recuperaci\u00f3n y no hab\u00eda podido apoyar a sus compa\u00f1eros en varios partidos anteriores. El p\u00edvot franc\u00e9s acumulaba semanas en la capital por su rotura del tend\u00f3n rotuliano de la rodilla izquierda y por ello no se ha querido perder la oportunidad de viajar al <strong>Palau <\/strong>desde Madrid.\u00a0<\/p>\n<p>                <img loading=\"lazy\" decoding=\"async\" data-full-src=\"https:\/\/www.mundodeportivo.com\/uploads\/2024\/04\/24\/66296e726bc61.jpeg\" alt=\"Vertical\" width=\"449\" height=\"253\" src=\"https:\/\/www.europesays.com\/es\/wp-content\/uploads\/2025\/12\/66296e726bc61.r_d.929-2530.jpeg\" class=\"lazy\"\/><\/p>\n<p class=\"caption-title \">El p\u00edvot checo del FC Barcelona Jan Vesel\u00fd pelea una posesi\u00f3n con el p\u00edvot franc\u00e9s del Olympiacos Moustapha Fall<\/p>\n<p>                    Enric Fontcuberta \/ EFE<\/p>\n<p data-gtm-element-container=\"modulo-texto-link\" class=\"paragraph\">Adem\u00e1s de su baja y de la \u00faltima lesi\u00f3n de <strong>Tyson Ward<\/strong>, el Olympiacos tampoco podr\u00e1 contar con\u00a0<strong>Keenan Evans<\/strong>, que se volvi\u00f3 a romper el tend\u00f3n de Aquiles en su reaparici\u00f3n. Asimismo, tanto <strong>Shaquielle McKissic<\/strong> como <strong>Evan Fournier<\/strong> contin\u00faan ultimando sus regresos a la pista, mientras que el reci\u00e9n llegado <strong>Monte Morris<\/strong> todav\u00eda no podr\u00e1 debutar con la el\u00e1stica rojiblanca.<\/p>\n<p>        Lee tambi\u00e9n<\/p>\n<p>    EFE<\/p>\n<p>             <img loading=\"lazy\" decoding=\"async\" data-full-src=\"https:\/\/www.mundodeportivo.com\/uploads\/2025\/12\/11\/693b3fc7e21b4.jpeg\" alt=\"Horizontal\" width=\"334\" height=\"164\" src=\"https:\/\/www.europesays.com\/es\/wp-content\/uploads\/2025\/12\/693b3fc7e21b4.r_d.1897-875-1131.jpeg\" class=\"lazy\"\/><\/p>\n<p data-gtm-element-container=\"modulo-texto-link\" class=\"paragraph\">Tras suspenderse su \u00faltima jornada por las fuertes lluvias en Atenas, el <strong>Olympiacos <\/strong>quiere igualar el balance de resultados del <strong>Bar\u00e7a <\/strong>con una victoria en el Palau (hoy, 20:30 horas). Su \u00faltimo partido en <strong>Euroliga <\/strong>fue el 26 de noviembre, por lo que el equipo griego llegar\u00e1 m\u00e1s descansado a la cita.\u00a0<\/p>\n","protected":false},"excerpt":{"rendered":"Mejores noticias desde la enfermer\u00eda le llegan a Bartzokas despu\u00e9s de unas semanas con numerosas lesiones. Pese a&hellip;\n","protected":false},"author":2,"featured_media":285417,"comment_status":"","ping_status":"","sticky":false,"template":"","format":"standard","meta":{"footnotes":""},"categories":[269],"tags":[299,298,168,25,24,23,167],"class_list":{"0":"post-285416","1":"post","2":"type-post","3":"status-publish","4":"format-standard","5":"has-post-thumbnail","7":"category-baloncesto","8":"tag-baloncesto","9":"tag-basketball","10":"tag-deportes","11":"tag-es","12":"tag-espana","13":"tag-spain","14":"tag-sports"},"share_on_mastodon":{"url":"https:\/\/pubeurope.com\/@es\/115709160574392227","error":""},"_links":{"self":[{"href":"https:\/\/www.europesays.com\/es\/wp-json\/wp\/v2\/posts\/285416","targetHints":{"allow":["GET"]}}],"collection":[{"href":"https:\/\/www.europesays.com\/es\/wp-json\/wp\/v2\/posts"}],"about":[{"href":"https:\/\/www.europesays.com\/es\/wp-json\/wp\/v2\/types\/post"}],"author":[{"embeddable":true,"href":"https:\/\/www.europesays.com\/es\/wp-json\/wp\/v2\/users\/2"}],"replies":[{"embeddable":true,"href":"https:\/\/www.europesays.com\/es\/wp-json\/wp\/v2\/comments?post=285416"}],"version-history":[{"count":0,"href":"https:\/\/www.europesays.com\/es\/wp-json\/wp\/v2\/posts\/285416\/revisions"}],"wp:featuredmedia":[{"embeddable":true,"href":"https:\/\/www.europesays.com\/es\/wp-json\/wp\/v2\/media\/285417"}],"wp:attachment":[{"href":"https:\/\/www.europesays.com\/es\/wp-json\/wp\/v2\/media?parent=285416"}],"wp:term":[{"taxonomy":"category","embeddable":true,"href":"https:\/\/www.europesays.com\/es\/wp-json\/wp\/v2\/categories?post=285416"},{"taxonomy":"post_tag","embeddable":true,"href":"https:\/\/www.europesays.com\/es\/wp-json\/wp\/v2\/tags?post=285416"}],"curies":[{"name":"wp","href":"https:\/\/api.w.org\/{rel}","templated":true}]}}