{"id":285418,"date":"2025-12-12T23:20:13","date_gmt":"2025-12-12T23:20:13","guid":{"rendered":"https:\/\/www.europesays.com\/es\/285418\/"},"modified":"2025-12-12T23:20:13","modified_gmt":"2025-12-12T23:20:13","slug":"solo-haces-eso-voluntariamente-para-lesionar-a-un-rival","status":"publish","type":"post","link":"https:\/\/www.europesays.com\/es\/285418\/","title":{"rendered":"Solo haces eso voluntariamente para lesionar a un rival"},"content":{"rendered":"<p data-gtm-element-container=\"modulo-texto-link\" class=\"paragraph\"><strong>Luis Milla<\/strong> fue protagonista indirecto de la rueda de prensa de <strong>Manolo Gonz\u00e1lez<\/strong>, previa a la visita del <strong>RCD Espanyol<\/strong> al <strong>Getafe<\/strong>. El centrocampista azul\u00f3n <a href=\"https:\/\/www.mundodeportivo.com\/futbol\/20251206\/1002582303\/luis-milla-le-dicho-hijo-puta-buchanan.html\" target=\"_blank\" rel=\"nofollow noopener\">fue expulsado en Vila-real por llamarle \u00abhijo de puta\u00bb al &#8216;groguet&#8217;<strong> Tajon Buchanan <\/strong><\/a>despu\u00e9s de que este le propinara un pelotazo estando en el suelo.<\/p>\n<p data-gtm-element-container=\"modulo-texto-link\" class=\"paragraph\">\u00abSi un jugador tiene a un jugador en el suelo a un metro y le chuta el bal\u00f3n a la cara, la tarjeta roja debe ser para el jugador que chuta. Solo haces eso voluntariamente para lesionar a un rival\u00bb, clam\u00f3 el t\u00e9cnico del <strong>Espanyol<\/strong>, tambi\u00e9n contrariado por <a href=\"https:\/\/www.mundodeportivo.com\/futbol\/rcd-espanyol\/20251212\/1002585703\/arbitro-funesto-recuerdo-espanyolismo-getafe.html\" target=\"_blank\" rel=\"nofollow noopener\">la designaci\u00f3n de <strong>Jes\u00fas Gil<\/strong> para el partido de este s\u00e1bado<\/a>. \u00abYo conf\u00edo en la buena fe de los \u00e1rbitros, entiendo que es muy complicado pitar, pero son situaciones que son evitables\u00bb, reflexion\u00f3.<\/p>\n<p data-gtm-element-container=\"modulo-texto-link\" class=\"paragraph\">En 2023, <strong>Jes\u00fas Gil<\/strong>\u00a0y <strong>Carlos del Cerro<\/strong>, desde el VAR, empujaron al <strong>Espanyol <\/strong>a Segunda Divisi\u00f3n con un arbitraje bochornoso en Mestalla, invalidando por una falta inexistente de <strong>C\u00e9sar Montes<\/strong> al valencianista\u00a0<strong>Giorgi Mamardashvili<\/strong> lo que hubiera sido el 1-3 para los pericos, descendidos de la forma m\u00e1s cruel tras el 2-2 final.<\/p>\n<p>Las bajas de Dolan, Terrats y Puado<\/p>\n<p data-gtm-element-container=\"modulo-texto-link\" class=\"paragraph\">\u201cEn principio no hay ninguna baja m\u00e1s, son las tres bajas que tenemos para ma\u00f1ana. Para m\u00ed cualquier baja es important\u00edsima\u201d.<\/p>\n<p>Buscan la cuarta victoria consecutiva<\/p>\n<p data-gtm-element-container=\"modulo-texto-link\" class=\"paragraph\">\u201cLo importante es ganar, siempre te refuerza. A todo el mundo le est\u00e1 costando ganar partidos seguidos, quitando los cuatro de arriba. Es lo que te hace dar un salto clasificatorio\u201d.<\/p>\n<p>El Getafe es el equipo m\u00e1s amonestado<\/p>\n<p data-gtm-element-container=\"modulo-texto-link\" class=\"paragraph\">\u201cPara m\u00ed el Getafe es un gran equipo con un gran entrenador. A veces tenemos tendencia a encasillar a los equipos, para m\u00ed no es un equipo defensivo, es un equipo que defiende con la l\u00ednea bastante alta y que genera situaciones de gol cada partido. Es un partido muy complicado. \u00bfLas tarjetas rojas? Si son como las que vio Luis Milla el otro d\u00eda, seguramente yo tambi\u00e9n la hubiera visto. Si un jugador tiene a un jugador en el suelo a un metro y le chuta el bal\u00f3n a la cara, la tarjeta roja debe ser para el jugador que chuta. Solo haces eso voluntariamente para lesionar a un rival\u201d.<\/p>\n<blockquote>\n<p>        \u00abPara m\u00ed el Getafe no es un equipo defensivo\u00bb<\/p>\n<p>                <img loading=\"lazy\" decoding=\"async\" data-full-src=\"https:\/\/www.mundodeportivo.com\/uploads\/2025\/12\/07\/6935ea7035eec.jpeg\" alt=\"El entrenador del Espanyol, Manolo Gonz\u00e1lez, valor\u00f3 en rueda de prensa la victoria por 1-0 ante el Rayo Vallecano en el RCDE Stadium\" src=\"https:\/\/www.europesays.com\/es\/wp-content\/uploads\/2025\/12\/6935ea7035eec.jpeg\" class=\"lazy\" width=\"49\" height=\"52\"\/><\/p>\n<p>            Manolo Gonz\u00e1lezEntrenador del RCD Espanyol<\/p>\n<\/blockquote>\n<p>Ya se enfrent\u00f3 al Getafe con el Badalona<\/p>\n<p data-gtm-element-container=\"modulo-texto-link\" class=\"paragraph\">\u201cNo tiene nada que ver, la Copa del Rey es una competici\u00f3n a partido \u00fanico. Y el punto de motivaci\u00f3n que ten\u00edamos nosotros. No se da ning\u00fan condicionante parecido\u201d.<\/p>\n<p>Claves para jugar bien con y sin bal\u00f3n<\/p>\n<p data-gtm-element-container=\"modulo-texto-link\" class=\"paragraph\">\u201cEs un trabajo de los jugadores. El 95% de mis futbolistas van a muerte, para m\u00ed es un lujo y un orgullo entrenar a este equipo\u201d.<\/p>\n<p>Acabar el a\u00f1o en posiciones Champions<\/p>\n<p data-gtm-element-container=\"modulo-texto-link\" class=\"paragraph\">\u201cYo solo miro el partido de ma\u00f1ana. Y el vestuario igual\u201d.<\/p>\n<p>Gil Manzano vuelve a pitar al Espanyol<\/p>\n<p data-gtm-element-container=\"modulo-texto-link\" class=\"paragraph\">\u201cNo hemos hablado todav\u00eda con los jugadores. Es l\u00f3gico que a la afici\u00f3n no le guste, no hac\u00eda falta. Yo conf\u00edo en la buena fe de los \u00e1rbitros, entiendo que es muy complicado pitar, pero son situaciones que son evitables. Hasta ahora lo hab\u00edan sido\u201d.<\/p>\n<p>Si la ausencia de Milla cambia sus planes<\/p>\n<p data-gtm-element-container=\"modulo-texto-link\" class=\"paragraph\">\u201cEl Getafe no depende de Luis Milla para jugar de una manera u otra. Tiene una identidad muy clara, el partido lo hemos planteado igual. La idea del Getafe no va a cambiar demasiado\u201d.<\/p>\n<p>La dificultad del Getafe y su dureza<\/p>\n<p data-gtm-element-container=\"modulo-texto-link\" class=\"paragraph\">\u201cEs un partido duro porque el Getafe es un buen equipo, que tiene una serie de cosas que solo le retraen cuando el equipo rival pierde contra ellos. Lo que no puedes hacer cuando pierdes contra el Getafe es buscar una serie de t\u00f3picos. Ellos compiten al m\u00e1ximo nivel con sus armas y es respetable. A m\u00ed me gusta\u201d.<\/p>\n<p>        Lee tambi\u00e9n<\/p>\n<p>    Anna Cordovilla<\/p>\n<p>             <img loading=\"lazy\" decoding=\"async\" data-full-src=\"https:\/\/www.mundodeportivo.com\/uploads\/2025\/12\/12\/693c1af6af65d.jpeg\" alt=\"Santi Nolla, junto al presidente del Espanyol Alan Pace y la representaci\u00f3n de MD\" width=\"334\" height=\"164\" src=\"https:\/\/www.europesays.com\/es\/wp-content\/uploads\/2025\/12\/693c1af6af65d.r_d.4724-2247.jpeg\" class=\"lazy\"\/><\/p>\n<p>Cuando se espera que vuelva Puado<\/p>\n<p data-gtm-element-container=\"modulo-texto-link\" class=\"paragraph\">\u201cNo sabemos, no lo puedo decir. Lo marcar\u00e1 \u00e9l, cuando est\u00e9 bien. Cuando empiece a entrenar con el grupo veremos la evoluci\u00f3n, pero no me atrevo a decir un d\u00eda de vuelta\u201d.<\/p>\n","protected":false},"excerpt":{"rendered":"Luis Milla fue protagonista indirecto de la rueda de prensa de Manolo Gonz\u00e1lez, previa a la visita del&hellip;\n","protected":false},"author":2,"featured_media":285419,"comment_status":"","ping_status":"","sticky":false,"template":"","format":"standard","meta":{"footnotes":""},"categories":[268],"tags":[168,25,24,280,282,281,23,167],"class_list":{"0":"post-285418","1":"post","2":"type-post","3":"status-publish","4":"format-standard","5":"has-post-thumbnail","7":"category-futbol","8":"tag-deportes","9":"tag-es","10":"tag-espana","11":"tag-football","12":"tag-futbol","13":"tag-soccer","14":"tag-spain","15":"tag-sports"},"share_on_mastodon":{"url":"https:\/\/pubeurope.com\/@es\/115709164580565104","error":""},"_links":{"self":[{"href":"https:\/\/www.europesays.com\/es\/wp-json\/wp\/v2\/posts\/285418","targetHints":{"allow":["GET"]}}],"collection":[{"href":"https:\/\/www.europesays.com\/es\/wp-json\/wp\/v2\/posts"}],"about":[{"href":"https:\/\/www.europesays.com\/es\/wp-json\/wp\/v2\/types\/post"}],"author":[{"embeddable":true,"href":"https:\/\/www.europesays.com\/es\/wp-json\/wp\/v2\/users\/2"}],"replies":[{"embeddable":true,"href":"https:\/\/www.europesays.com\/es\/wp-json\/wp\/v2\/comments?post=285418"}],"version-history":[{"count":0,"href":"https:\/\/www.europesays.com\/es\/wp-json\/wp\/v2\/posts\/285418\/revisions"}],"wp:featuredmedia":[{"embeddable":true,"href":"https:\/\/www.europesays.com\/es\/wp-json\/wp\/v2\/media\/285419"}],"wp:attachment":[{"href":"https:\/\/www.europesays.com\/es\/wp-json\/wp\/v2\/media?parent=285418"}],"wp:term":[{"taxonomy":"category","embeddable":true,"href":"https:\/\/www.europesays.com\/es\/wp-json\/wp\/v2\/categories?post=285418"},{"taxonomy":"post_tag","embeddable":true,"href":"https:\/\/www.europesays.com\/es\/wp-json\/wp\/v2\/tags?post=285418"}],"curies":[{"name":"wp","href":"https:\/\/api.w.org\/{rel}","templated":true}]}}