{"id":285420,"date":"2025-12-12T23:21:14","date_gmt":"2025-12-12T23:21:14","guid":{"rendered":"https:\/\/www.europesays.com\/es\/285420\/"},"modified":"2025-12-12T23:21:14","modified_gmt":"2025-12-12T23:21:14","slug":"joaquin-prat-deja-su-puesto-en-el-tiempo-justo-por-esta-razon-y-quienes-le-han-sustituido-en-telecinco","status":"publish","type":"post","link":"https:\/\/www.europesays.com\/es\/285420\/","title":{"rendered":"Joaqu\u00edn Prat deja su puesto en &#8216;El tiempo justo&#8217; por esta raz\u00f3n y qui\u00e9nes le han sustituido en Telecinco"},"content":{"rendered":"<p>Los espectadores que hayan puesto este viernes Telecinco para ver &#8216;El tiempo justo&#8217; se habr\u00e1n sorprendido al ver c\u00f3mo <a href=\"https:\/\/eltelevisero.huffingtonpost.es\/2025\/12\/joaquin-prat-pone-sobre-la-mesa-las-consecuencias-en-rtve-de-la-retirada-de-espana-de-eurovision\/\" data-type=\"link\" data-id=\"https:\/\/eltelevisero.huffingtonpost.es\/2025\/12\/joaquin-prat-pone-sobre-la-mesa-las-consecuencias-en-rtve-de-la-retirada-de-espana-de-eurovision\/\" rel=\"nofollow noopener\" target=\"_blank\">Joaqu\u00edn Prat <\/a>no estaba al frente del programa. As\u00ed, el presentador dejaba su puesto en el espacio de Unicorn Content por segunda vez desde su estreno. <\/p>\n<p>Ya el pasado 3 de octubre, Joaqu\u00edn Prat desapareci\u00f3 del programa dejando el espacio en manos de sus copresentadores. Tal y como ha podido saber El Televisero, el presentador ha dejado su puesto temporalmente por motivos personales. <\/p>\n<p>Lo m\u00e1s curioso de todo es que la ausencia de Joaqu\u00edn Prat en &#8216;El tiempo justo&#8217; llega despu\u00e9s de que este jueves el programa anotara su mejor resultado desde noviembre con un 9,6% y 733.000 espectadores siendo adem\u00e1s l\u00edder sobre su rival en coincidencia con un 10,3%, a +1,6 puntos de diferencia de &#8216;Y ahora Sonsoles&#8217;, que se qued\u00f3 en un pobre 8,9% y 679.000 espectadores. <\/p>\n<p>As\u00ed, nada m\u00e1s arrancar &#8216;El tiempo justo&#8217; este viernes era Mar\u00eda Ruiz, copresentadora del programa, la que se hac\u00eda cargo de la primera parte de actualidad. Lo ha hecho eso s\u00ed acompa\u00f1ada de Alfonso Egea, que ha vuelto a ejercer de presentador tras haberse encargado de &#8216;Vamos a ver&#8217; en los \u00faltimos a\u00f1os en ausencia tambi\u00e9n de Joaqu\u00edn Prat y de Patricia Pardo. <\/p>\n<p><img loading=\"lazy\" decoding=\"async\" width=\"1200\" height=\"677\" src=\"data:image\/svg+xml,%3Csvg%20xmlns=\" http:=\"\" alt=\"\" class=\"wp-image-928366\" data-lazy- data-lazy- data-lazy-src=\"https:\/\/www.europesays.com\/es\/wp-content\/uploads\/2025\/12\/alfonso-maria-min.jpg\"\/><\/p>\n<p>Despu\u00e9s, ha sido C\u00e9sar Mu\u00f1oz el que se ha hecho cargo de la secci\u00f3n de coraz\u00f3n de &#8216;El tiempo justo&#8217; en solitario junto a los colaboradores habituales del programa. \u00abNosotros volvemos el lunes, que teng\u00e1is un fin de semana. Es viernes, port\u00e9ense un poquito mal que se lo han ganado\u00bb, conclu\u00eda el presentador sin hacer referencia a la ausencia de Joaqu\u00edn Prat. <\/p>\n<p><img loading=\"lazy\" decoding=\"async\" width=\"1200\" height=\"677\" src=\"data:image\/svg+xml,%3Csvg%20xmlns=\" http:=\"\" alt=\"\" class=\"wp-image-928367\" data-lazy- data-lazy- data-lazy-src=\"https:\/\/www.europesays.com\/es\/wp-content\/uploads\/2025\/12\/cesar-12d-min.jpg\"\/><\/p>\n","protected":false},"excerpt":{"rendered":"Los espectadores que hayan puesto este viernes Telecinco para ver &#8216;El tiempo justo&#8217; se habr\u00e1n sorprendido al ver&hellip;\n","protected":false},"author":2,"featured_media":285421,"comment_status":"","ping_status":"","sticky":false,"template":"","format":"standard","meta":{"footnotes":""},"categories":[174],"tags":[255,146,147,25,24,256,23],"class_list":{"0":"post-285420","1":"post","2":"type-post","3":"status-publish","4":"format-standard","5":"has-post-thumbnail","7":"category-famosos","8":"tag-celebrities","9":"tag-entertainment","10":"tag-entretenimiento","11":"tag-es","12":"tag-espana","13":"tag-famosos","14":"tag-spain"},"share_on_mastodon":{"url":"https:\/\/pubeurope.com\/@es\/115709167861031327","error":""},"_links":{"self":[{"href":"https:\/\/www.europesays.com\/es\/wp-json\/wp\/v2\/posts\/285420","targetHints":{"allow":["GET"]}}],"collection":[{"href":"https:\/\/www.europesays.com\/es\/wp-json\/wp\/v2\/posts"}],"about":[{"href":"https:\/\/www.europesays.com\/es\/wp-json\/wp\/v2\/types\/post"}],"author":[{"embeddable":true,"href":"https:\/\/www.europesays.com\/es\/wp-json\/wp\/v2\/users\/2"}],"replies":[{"embeddable":true,"href":"https:\/\/www.europesays.com\/es\/wp-json\/wp\/v2\/comments?post=285420"}],"version-history":[{"count":0,"href":"https:\/\/www.europesays.com\/es\/wp-json\/wp\/v2\/posts\/285420\/revisions"}],"wp:featuredmedia":[{"embeddable":true,"href":"https:\/\/www.europesays.com\/es\/wp-json\/wp\/v2\/media\/285421"}],"wp:attachment":[{"href":"https:\/\/www.europesays.com\/es\/wp-json\/wp\/v2\/media?parent=285420"}],"wp:term":[{"taxonomy":"category","embeddable":true,"href":"https:\/\/www.europesays.com\/es\/wp-json\/wp\/v2\/categories?post=285420"},{"taxonomy":"post_tag","embeddable":true,"href":"https:\/\/www.europesays.com\/es\/wp-json\/wp\/v2\/tags?post=285420"}],"curies":[{"name":"wp","href":"https:\/\/api.w.org\/{rel}","templated":true}]}}