{"id":285424,"date":"2025-12-12T23:24:15","date_gmt":"2025-12-12T23:24:15","guid":{"rendered":"https:\/\/www.europesays.com\/es\/285424\/"},"modified":"2025-12-12T23:24:15","modified_gmt":"2025-12-12T23:24:15","slug":"no-he-pedido-ni-dinero-ni-comida","status":"publish","type":"post","link":"https:\/\/www.europesays.com\/es\/285424\/","title":{"rendered":"No he pedido ni dinero ni comida"},"content":{"rendered":"<p>F<strong>edra Lorente<\/strong>, recordada por el popular personaje de La Bombi en &#8216;Un, dos, tres&#8217;, ha acudido a &#8216;\u00a1De Viernes!&#8217;, para hablar de su <a href=\"https:\/\/www.lecturas.com\/television\/delicada-situacion-economica-actriz-fedra-lorente-tenemos-cuentas-bancarias-vacias-llenas-deudas_185756\" target=\"_blank\" rel=\"nofollow noopener\">delicada situaci\u00f3n personal y econ\u00f3mica<\/a> que atraviesa <strong>tras la muerte de su marido, Miguel Morales<\/strong>, fallecido el pasado mes de septiembre. Sin embargo, su intervenci\u00f3n en el programa de Telecinco ha dejado al descubierto una <strong>sucesi\u00f3n de contradicciones que han generado desconcierto<\/strong> tanto en plat\u00f3 como entre los espectadores.<\/p>\n<p>En los \u00faltimos d\u00edas, la actriz hab\u00eda asegurado p\u00fablicamente encontrarse en la ruina, afirmando incluso que <strong>hab\u00eda tenido que recurrir a C\u00e1ritas para poder alimentarse<\/strong>. Un relato que ella misma hab\u00eda compartido en una entrevista para la revista &#8216;Semana&#8217;, donde hablaba de una supuesta estafa piramidal en la que su marido habr\u00eda perdido m\u00e1s de 50.000 euros, dejando a la familia sin recursos y con la \u201cnevera vac\u00eda\u201d. No obstante, <strong>durante su entrevista en &#8216;\u00a1De Viernes!&#8217;, su versi\u00f3n ha ido variando<\/strong> a medida que avanzaba la conversaci\u00f3n.<\/p>\n<p>De pedir ayuda a negar haberla solicitado<\/p>\n<p>Uno de los puntos m\u00e1s llamativos ha sido el relacionado con la ayuda recibida. Mientras que d\u00edas atr\u00e1s Fedra hab\u00eda asegurado, \u00abhe tenido incluso que recurrir a C\u00e1ritas\u00bb para poder comer, en plat\u00f3 ha negado esa afirmaci\u00f3n: <strong>\u201cNo he pedido dinero ni comida\u201d<\/strong>.<\/p>\n<p>Unas palabras que chocan frontalmente con el testimonio del propio cura de su parroquia, quien ha asegurado que lleva cuatro a\u00f1os ayud\u00e1ndoles con comida. Sin embargo, acto seguido ha reconocido que el sacerdote acud\u00eda a su casa en fechas se\u00f1aladas: \u201c<strong>A m\u00ed el cura en Nochevieja me tra\u00eda bolsas de comida<\/strong>. Yo estaba muy agradecida, pero Miguel estaba cortado.\u201d<\/p>\n<p>Mientras aseguraba que en su casa no faltaba el dinero, y mucho menos, hace cuatro a\u00f1os, tambi\u00e9n ha admitido que en Nochevieja recib\u00eda ayuda del cura de su parroquia. Pero la pregunta es: \u00bfSi no faltaba el dinero, por qu\u00e9 la ayudaban? Una duda que se ha quedado sin resolver, ya que Fedra Lorente no ha dado ninguna explicaci\u00f3n.<\/p>\n<p>\u00bfEntraba dinero o no entraba dinero?<\/p>\n<p>Otra de las grandes contradicciones ha llegado al hablar de la econom\u00eda dom\u00e9stica durante los a\u00f1os previos al<a href=\"https:\/\/www.lecturas.com\/actualidad\/muere-miguel-morales-tio-shaila-durcal-carmen-morales-75-anos_181497\" target=\"_blank\" rel=\"nofollow noopener\"> fallecimiento de su marido<\/a>. Fedra ha asegurado que no fue consciente de la gravedad de la situaci\u00f3n porque segu\u00eda percibiendo ingresos: \u201cNo me daba cuenta porque a m\u00ed me segu\u00eda entrando dinero en mi cuenta.<strong> En casa no faltaba el dinero porque yo trabajaba. Y a m\u00ed me ha ido siempre muy bien<\/strong>\u201d<\/p>\n<p><img decoding=\"async\" src=\"https:\/\/www.europesays.com\/es\/wp-content\/uploads\/2025\/12\/sofia-y-juan-carlos_9db93681_251212124716_800x800.webp.webp\" alt=\"Sof\u00eda y Juan Carlos\" class=\"image lazyload\"\/><img loading=\"lazy\" decoding=\"async\" src=\"https:\/\/www.europesays.com\/es\/wp-content\/uploads\/2025\/12\/felicitacion-juan-carlos-sofia_bd30ceaf_251212132001_1280x720.webp.webp\" alt=\"\u201c\u00bfSe est\u00e1n riendo de nosotros?\u201d: las reacciones a la felicitaci\u00f3n navide\u00f1a de Juan Carlos y Sof\u00eda con un grupo de perros\" class=\"image lazyload\" width=\"1280\" height=\"720\" data-aspectratio=\"1280\/720\"\/><\/p>\n<p>Sin embargo, casi en la misma frase ha reconocido el contraste con la realidad cotidiana: \u201c<strong>Me di cuenta cuando vi que la nevera estaba vac\u00eda<\/strong>\u201d. Un argumento que resulta dif\u00edcil de conciliar: si hab\u00eda ingresos regulares y trabajo, \u00bfc\u00f3mo se lleg\u00f3 a una situaci\u00f3n de carencia alimentaria extrema? Una duda que le ha planteado Lydia Lozano, y que seguidamente le ha contestado: \u201cBueno, es que <strong>tampoco trabajaba tanto<\/strong>\u201d. Un argumento, que ha vuelto a contradecir al que hab\u00eda dado minutos antes.\u00a0<\/p>\n<p>La cifra de la estafa<\/p>\n<p>La supuesta estafa en la que habr\u00eda ca\u00eddo Miguel Morales es otro punto lleno de inconsistencias. En un primer momento, <strong>Fedra ha afirmado no conocer la cantidad exacta<\/strong>: \u201cNo s\u00e9 cu\u00e1nto dinero le han estado quitando. Ni Miguel ni mi hija me hablaban nunca de dinero.\u201d Pero, minutos despu\u00e9s, ha negado la cifra de 55.000 euros que se ha manejado en distintos medios: <strong>\u201cHan sido much\u00edsimo menos de 55.000 euros\u201d<\/strong>.<\/p>\n<p>Pese a no concretar una cantidad, s\u00ed ha detallado el modus operandi de los estafadores, afirmando que ped\u00edan dinero con promesas irreales de multiplicarlo: \u201c<strong>Le dec\u00edan que si le daba 8.000 euros, en 48 horas le devolver\u00edan 40.000<\/strong>.\u201d Por lo que si de verdad le ped\u00edan esas altas sumas de dinero, no ser\u00eda nada extra\u00f1o que la cifra ascendiera a m\u00e1s de 50.000 euros, puesto que, como ella misma ha dicho, <strong>\u00abla estafa a mi marido ha durado 4 a\u00f1os\u00bb<\/strong>.\u00a0<\/p>\n<p>Fedra tambi\u00e9n ha querido desmontar una de las teor\u00edas que m\u00e1s se han difundido, negando que se tratara de una estafa sentimental: \u201cEs mentira que haya sido una estafa del amor. No hab\u00eda ninguna mujer. <strong>Cada d\u00eda le mandaban la foto de una mujer diferente y yo le dec\u00eda &#8216;pero no ves que te est\u00e1n estafando&#8217;<\/strong>, y \u00e9l siempre me dec\u00eda que no, &#8216;ellos est\u00e1n peor que nosotros&#8217;\u201d.<\/p>\n<p>Aunque no ha especificado en qu\u00e9 punto de esos cuatro a\u00f1os de estafa, se dieron cuenta de ello, s\u00ed que manifestado que<strong> tanto ella como su hija eran conocedoras de ello<\/strong>, pero Miguel Morales no les hac\u00eda caso.\u00a0Seg\u00fan su versi\u00f3n, se trataba de un entramado en el que distintas personas utilizaban excusas dram\u00e1ticas:\u00a0\u201cLe dec\u00edan que los ni\u00f1os no ten\u00edan para comer, que su padre se estaba muriendo\u2026 cada vez era una historia diferente\u201d.<\/p>\n<p>De vender la casa a no deber nada<\/p>\n<p>Especialmente confuso ha sido el asunto de la vivienda familiar. D\u00edas antes, Fedra hab\u00eda asegurado que estaban valorando vender o alquilar la casa para poder salir adelante, mientras que su sobrina afirmaba que la vivienda pertenec\u00eda al banco.<\/p>\n<p>Sin embargo, en &#8216;\u00a1De Viernes!&#8217;, la actriz ha negado ambas versiones: \u201c<strong>La casa es m\u00eda. Y la heredera universal es Alex<\/strong>.\u201d Adem\u00e1s, ha a\u00f1adido que no existe una situaci\u00f3n l\u00edmite con la vivienda, m\u00e1s all\u00e1 de algunas deudas comunitarias: \u201c<strong>Lo \u00fanico que debemos es la comunidad, ya media comunidad<\/strong>.\u201d<\/p>\n<p>Pese a definirse como \u201cen la ruina\u201d, Fedra ha concluido su intervenci\u00f3n asegurando que la situaci\u00f3n es reconducible: \u201c<strong>A d\u00eda de hoy puedo comer porque se me ayuda<\/strong>. Yo sigo trabajando y mi hija va a empezar a trabajar ahora. <strong>Yo voy a poder pagar esa hipoteca antes de que mi hija se vaya de la casa<\/strong>\u201d.\u00a0<\/p>\n<p>La entrevista ha dejado m\u00e1s preguntas que respuestas. Entre afirmaciones que se corrigen sobre la marcha y versiones que no terminan de encajar, el testimonio de Fedra Lorente ha evidenciado un relato marcado por la confusi\u00f3n, el duelo y una realidad econ\u00f3mica cuya dimensi\u00f3n exacta sigue sin quedar del todo clara.<\/p>\n","protected":false},"excerpt":{"rendered":"Fedra Lorente, recordada por el popular personaje de La Bombi en &#8216;Un, dos, tres&#8217;, ha acudido a &#8216;\u00a1De&hellip;\n","protected":false},"author":2,"featured_media":285425,"comment_status":"","ping_status":"","sticky":false,"template":"","format":"standard","meta":{"footnotes":""},"categories":[171],"tags":[146,147,25,24,23,214],"class_list":{"0":"post-285424","1":"post","2":"type-post","3":"status-publish","4":"format-standard","5":"has-post-thumbnail","7":"category-tv","8":"tag-entertainment","9":"tag-entretenimiento","10":"tag-es","11":"tag-espana","12":"tag-spain","13":"tag-tv"},"share_on_mastodon":{"url":"https:\/\/pubeurope.com\/@es\/115709180176863487","error":""},"_links":{"self":[{"href":"https:\/\/www.europesays.com\/es\/wp-json\/wp\/v2\/posts\/285424","targetHints":{"allow":["GET"]}}],"collection":[{"href":"https:\/\/www.europesays.com\/es\/wp-json\/wp\/v2\/posts"}],"about":[{"href":"https:\/\/www.europesays.com\/es\/wp-json\/wp\/v2\/types\/post"}],"author":[{"embeddable":true,"href":"https:\/\/www.europesays.com\/es\/wp-json\/wp\/v2\/users\/2"}],"replies":[{"embeddable":true,"href":"https:\/\/www.europesays.com\/es\/wp-json\/wp\/v2\/comments?post=285424"}],"version-history":[{"count":0,"href":"https:\/\/www.europesays.com\/es\/wp-json\/wp\/v2\/posts\/285424\/revisions"}],"wp:featuredmedia":[{"embeddable":true,"href":"https:\/\/www.europesays.com\/es\/wp-json\/wp\/v2\/media\/285425"}],"wp:attachment":[{"href":"https:\/\/www.europesays.com\/es\/wp-json\/wp\/v2\/media?parent=285424"}],"wp:term":[{"taxonomy":"category","embeddable":true,"href":"https:\/\/www.europesays.com\/es\/wp-json\/wp\/v2\/categories?post=285424"},{"taxonomy":"post_tag","embeddable":true,"href":"https:\/\/www.europesays.com\/es\/wp-json\/wp\/v2\/tags?post=285424"}],"curies":[{"name":"wp","href":"https:\/\/api.w.org\/{rel}","templated":true}]}}