{"id":285426,"date":"2025-12-12T23:25:27","date_gmt":"2025-12-12T23:25:27","guid":{"rendered":"https:\/\/www.europesays.com\/es\/285426\/"},"modified":"2025-12-12T23:25:27","modified_gmt":"2025-12-12T23:25:27","slug":"la-ser-presenta-caperucita-en-manhattan-su-cuento-de-navidad-una-adaptacion-radiofonica-de-la-obra-de-carmen-martin-gaite-sociedad","status":"publish","type":"post","link":"https:\/\/www.europesays.com\/es\/285426\/","title":{"rendered":"La SER presenta &#8216;Caperucita en Manhattan&#8217;, su cuento de Navidad: una adaptaci\u00f3n radiof\u00f3nica de la obra de Carmen Mart\u00edn Gaite | Sociedad"},"content":{"rendered":"<p class=\"loc\">Madrid<\/p>\n<p>El 25 de diciembre, a las 12:00, llega a la SER un cl\u00e1sico de cada Navidad: el Cuento de Navidad, que este a\u00f1o rinde homenaje al centenario del nacimiento de Carmen Mart\u00edn Gaite. La adaptaci\u00f3n escogida es &#8216;Caperucita en Manhattan&#8217;, una obra que sigue hablando al presente \u00abcon una frescura sorprendente\u00bb. La escritora Esther Garc\u00eda Llovet firma la versi\u00f3n radiof\u00f3nica, mientras que Blanca Portillo interpreta a la inolvidable Miss Lunatic. Ambas presentan en La Ventana c\u00f3mo han construido este universo sonoro.<\/p>\n<p>Un homenaje a Mart\u00edn Gaite<\/p>\n<p>La novela gira en torno a dos personajes: la ni\u00f1a Sara Allen, curiosa e intr\u00e9pida, y Miss Lunatic, una misteriosa mujer que vive oculta en la Estatua de la Libertad durante el d\u00eda. Esther Garc\u00eda Llovet explica que busca \u00abuna ni\u00f1a bastante descarada\u00bb y recuperar \u00abla oralidad que tiene Mart\u00edn Gaite, que es una maravilla\u00bb. Reconoce que el proyecto le impon\u00eda respeto: \u00abTen\u00eda mucho miedo, ya que es muy referenciada la autora\u2026 Yo solamente he hecho una adaptaci\u00f3n humilde y divertida\u00bb.<\/p>\n<p>La autora destaca que este cuento radiof\u00f3nico se concibe como un plano secuencia, pensado para escucharse \u00abcon cascos, todo seguido\u00bb. Asegura que quiere una narraci\u00f3n en presente: \u00abNo quer\u00eda un &#8216;\u00e9rase una vez&#8217;, quer\u00eda que todo ocurriera directamente\u00bb.<\/p>\n<p>Actualizaci\u00f3n de temas y universo sonoro<\/p>\n<p>La adaptaci\u00f3n incorpora elementos contempor\u00e1neos, como la cruzada antiinmigraci\u00f3n de Trump, las nuevas tecnolog\u00edas o la soledad no deseada. Garc\u00eda Llovet afirma que desea que los oyentes reflexionen sobre la polarizaci\u00f3n: \u00abEl enemigo absoluto es la libertad; si tienes que escoger un camino u otro, no vas a saber cu\u00e1l elegir\u00bb. Y a\u00f1ade: \u00abLa forma de abrirse las puertas es la que cada uno descubre\u00bb.<\/p>\n<p>El eco de Miss Lunatic<\/p>\n<p>Blanca Portillo reconoce que s\u00ed tuvo su propia \u00abMiss Lunatic\u00bb: \u00abAlg\u00fan profesor\u2026 y mi madre, que educaba mostrando que existen muchas posibilidades\u00bb. Explica que ese modelo vital consist\u00eda en observar, decidir y asumir responsabilidades: \u00abCreo que educar es intentar hacer que la gente piense sin dejarse llevar\u00bb.<\/p>\n<p>Sobre el personaje, reflexiona: \u00abEl miedo hay que enfrentarlo; el que no tiene miedo es un demente. Hay que sobreponerse y encararlo\u00bb. Y comparte otra clave del cuento: \u00abEscucha, mira a tu alrededor, no rechaces nada\u2026 abre el coraz\u00f3n y te lo pasar\u00e1s genial\u00bb.<\/p>\n<p>Un final feliz y un viaje de alegr\u00eda<\/p>\n<p>Garc\u00eda Llovet revela que \u00abel lobo de nuestra Caperucita es un lobo bueno que nos ofrece un final feliz\u00bb, aunque recuerda que \u00abel lobo actual podr\u00eda comerse a todo el mundo\u00bb. A\u00f1ade que la alegr\u00eda es indispensable: \u00abLa alegr\u00eda es un viaje; uno no puede empezar un viaje desde la tristeza\u00bb.<\/p>\n<p>La autora conf\u00eda en que el oyente se sumerja en el universo que han creado: \u00abEn mi cabeza no hay sonido\u2026 lo que quiero es que esto sea un universo en el que te metes de cabeza y las voces te hagan vivirlo m\u00e1s que escucharlo\u00bb.<\/p>\n","protected":false},"excerpt":{"rendered":"Madrid El 25 de diciembre, a las 12:00, llega a la SER un cl\u00e1sico de cada Navidad: el&hellip;\n","protected":false},"author":2,"featured_media":285427,"comment_status":"","ping_status":"","sticky":false,"template":"","format":"standard","meta":{"footnotes":""},"categories":[170],"tags":[146,147,25,24,184,185,23],"class_list":{"0":"post-285426","1":"post","2":"type-post","3":"status-publish","4":"format-standard","5":"has-post-thumbnail","7":"category-musica","8":"tag-entertainment","9":"tag-entretenimiento","10":"tag-es","11":"tag-espana","12":"tag-music","13":"tag-musica","14":"tag-spain"},"share_on_mastodon":{"url":"https:\/\/pubeurope.com\/@es\/115709183733621645","error":""},"_links":{"self":[{"href":"https:\/\/www.europesays.com\/es\/wp-json\/wp\/v2\/posts\/285426","targetHints":{"allow":["GET"]}}],"collection":[{"href":"https:\/\/www.europesays.com\/es\/wp-json\/wp\/v2\/posts"}],"about":[{"href":"https:\/\/www.europesays.com\/es\/wp-json\/wp\/v2\/types\/post"}],"author":[{"embeddable":true,"href":"https:\/\/www.europesays.com\/es\/wp-json\/wp\/v2\/users\/2"}],"replies":[{"embeddable":true,"href":"https:\/\/www.europesays.com\/es\/wp-json\/wp\/v2\/comments?post=285426"}],"version-history":[{"count":0,"href":"https:\/\/www.europesays.com\/es\/wp-json\/wp\/v2\/posts\/285426\/revisions"}],"wp:featuredmedia":[{"embeddable":true,"href":"https:\/\/www.europesays.com\/es\/wp-json\/wp\/v2\/media\/285427"}],"wp:attachment":[{"href":"https:\/\/www.europesays.com\/es\/wp-json\/wp\/v2\/media?parent=285426"}],"wp:term":[{"taxonomy":"category","embeddable":true,"href":"https:\/\/www.europesays.com\/es\/wp-json\/wp\/v2\/categories?post=285426"},{"taxonomy":"post_tag","embeddable":true,"href":"https:\/\/www.europesays.com\/es\/wp-json\/wp\/v2\/tags?post=285426"}],"curies":[{"name":"wp","href":"https:\/\/api.w.org\/{rel}","templated":true}]}}