{"id":285445,"date":"2025-12-12T23:40:14","date_gmt":"2025-12-12T23:40:14","guid":{"rendered":"https:\/\/www.europesays.com\/es\/285445\/"},"modified":"2025-12-12T23:40:14","modified_gmt":"2025-12-12T23:40:14","slug":"lucena-acogera-el-final-de-la-vuelta-a-andalucia-2026-esciclismo","status":"publish","type":"post","link":"https:\/\/www.europesays.com\/es\/285445\/","title":{"rendered":"Lucena acoger\u00e1 el final de la Vuelta a Andaluc\u00eda 2026 &#8211; Esciclismo"},"content":{"rendered":"<ol>\n<li><a href=\"https:\/\/news.google.com\/rss\/articles\/CBMiakFVX3lxTFBHcWt5LUppZTVSMGl1U1NITm1WNDNlSElDMnpxMnRPcnR6cjRLSGI4Z2pDMlpKTndxbTNwRmNldlhTT3A4NTYyY1M4cEljSUh6dTNWVnRFR1JGbmFTMGJxLS1MMnFtbEpzeFE?oc=5\" target=\"_blank\" rel=\"nofollow noopener\">Lucena acoger\u00e1 el final de la Vuelta a Andaluc\u00eda 2026<\/a>&nbsp;&nbsp;Esciclismo<\/li>\n<li><a href=\"https:\/\/news.google.com\/rss\/articles\/CBMixwFBVV95cUxPbkZ4VXpNS2kxRlRtSUd6NEJ0b2VBcTkxcVN5YWVFVWdKeHV0ZGg1ZXBfQzA2cXVtZmpPQXRQdzEyZE5hYS0tcnpfZjB5UWk3RkNQY2tLUExIeWNEMHNwVVM2RUVJZ2g0d0FNVzBuZk9JZk9pS05XNzBpa1ZYUFNLbzl6QTNvSFJnNkdkdGZ2Wm9fOUJnM1RVRVhEaGs1M3FzRXBHZmVnN3V1Znh1WU9nMTJfTGU2WHl5Qy02SUxnNDltV1dvVGNF?oc=5\" target=\"_blank\" rel=\"nofollow noopener\">La Vuelta Ciclista a Andaluc\u00eda 2026 tendr\u00e1 su final de carrera en Lucena<\/a>&nbsp;&nbsp;elDiario.es<\/li>\n<li><a href=\"https:\/\/news.google.com\/rss\/articles\/CBMiY0FVX3lxTE0wWWRsNGkxTktTU1ZjVklpQmFqM2pIMmpxRXNTLVp1QzVJWkxoMVhzZllVUXR5T2dveFQ5blA5bExpS082SjM5bGJkUGZENk9lTFE2MDU1VGdPaHlSbklnemdDbw?oc=5\" target=\"_blank\" rel=\"nofollow noopener\">Vuelta Andaluc\u00eda: La carrera acabar\u00e1 en Lucena<\/a>&nbsp;&nbsp;Ciclo21<\/li>\n<li><a href=\"https:\/\/news.google.com\/rss\/articles\/CBMirAFBVV95cUxNLUZOamJ6U1NEdUpVSzViLVFzZGh6WXl2YXhvSXRCbEowcWxNUGZFemprSEE5S01QVUZEcE15QjBOVkk1c3JMZkFWNEJBWkNoNnp2ZURXc0dQZjN5aDBMZEhmWTFPZ1ZkYUJMMGRFd0lYXy14aXFBNnVMTHRHZWpDQjlINktxQ25nTWJKai1KNnlzZ0RuaWN3aGZCd3M3ZFFkcWFZRWdmMmM4Mjhs?oc=5\" target=\"_blank\" rel=\"nofollow noopener\">Andaluc\u00eda Centro Deportes (Lucena)- Viernes, 12 de diciembre de 2025<\/a>&nbsp;&nbsp;Cadena SER Andaluc\u00eda Centro<\/li>\n<li><a href=\"https:\/\/news.google.com\/rss\/articles\/CBMiV0FVX3lxTFB2cGVBNDBCM09fbmhKdDU5QVpjUG5zX29QRzJoRnhYYlZKNlZKMWJ2dEN4UTE4X1BLN2FDX0lSYjY5RG9NLVNBWVZyNE5Jc29iN09XYm5QYw?oc=5\" target=\"_blank\" rel=\"nofollow noopener\">Lucena acoger\u00e1 el final de la Vuelta Ciclista a Andaluc\u00eda 2026<\/a>&nbsp;&nbsp;Ayuntamiento de Lucena<\/li>\n<\/ol>\n","protected":false},"excerpt":{"rendered":"Lucena acoger\u00e1 el final de la Vuelta a Andaluc\u00eda 2026&nbsp;&nbsp;Esciclismo La Vuelta Ciclista a Andaluc\u00eda 2026 tendr\u00e1 su&hellip;\n","protected":false},"author":2,"featured_media":285446,"comment_status":"","ping_status":"","sticky":false,"template":"","format":"standard","meta":{"footnotes":""},"categories":[273],"tags":[259,20483,1611,6783,313,1757,777,4842,1648,68844,312,168,51210,7222,2197,18938,25,5605,24,314,11540,1058,61,1783,10929,1179,2032,3444,677,4984,9251,523,23,167,11352,1357],"class_list":{"0":"post-285445","1":"post","2":"type-post","3":"status-publish","4":"format-standard","5":"has-post-thumbnail","7":"category-ciclismo","8":"tag-andalucia","9":"tag-andaluza","10":"tag-ano","11":"tag-calendario","12":"tag-ciclismo","13":"tag-ciclista","14":"tag-ciudad","15":"tag-competicion","16":"tag-cordobesa","17":"tag-coronando","18":"tag-cycling","19":"tag-deportes","20":"tag-desenlace","21":"tag-disputara","22":"tag-edicion","23":"tag-emblematicas","24":"tag-es","25":"tag-escenario","26":"tag-espana","27":"tag-etapa","28":"tag-febrero","29":"tag-final","30":"tag-internacional","31":"tag-la","32":"tag-lucena","33":"tag-mas","34":"tag-profesional","35":"tag-proximo","36":"tag-pruebas","37":"tag-reune","38":"tag-ronda","39":"tag-sera","40":"tag-spain","41":"tag-sports","42":"tag-vencedor","43":"tag-vuelta"},"share_on_mastodon":{"url":"https:\/\/pubeurope.com\/@es\/115709242480124193","error":""},"_links":{"self":[{"href":"https:\/\/www.europesays.com\/es\/wp-json\/wp\/v2\/posts\/285445","targetHints":{"allow":["GET"]}}],"collection":[{"href":"https:\/\/www.europesays.com\/es\/wp-json\/wp\/v2\/posts"}],"about":[{"href":"https:\/\/www.europesays.com\/es\/wp-json\/wp\/v2\/types\/post"}],"author":[{"embeddable":true,"href":"https:\/\/www.europesays.com\/es\/wp-json\/wp\/v2\/users\/2"}],"replies":[{"embeddable":true,"href":"https:\/\/www.europesays.com\/es\/wp-json\/wp\/v2\/comments?post=285445"}],"version-history":[{"count":0,"href":"https:\/\/www.europesays.com\/es\/wp-json\/wp\/v2\/posts\/285445\/revisions"}],"wp:featuredmedia":[{"embeddable":true,"href":"https:\/\/www.europesays.com\/es\/wp-json\/wp\/v2\/media\/285446"}],"wp:attachment":[{"href":"https:\/\/www.europesays.com\/es\/wp-json\/wp\/v2\/media?parent=285445"}],"wp:term":[{"taxonomy":"category","embeddable":true,"href":"https:\/\/www.europesays.com\/es\/wp-json\/wp\/v2\/categories?post=285445"},{"taxonomy":"post_tag","embeddable":true,"href":"https:\/\/www.europesays.com\/es\/wp-json\/wp\/v2\/tags?post=285445"}],"curies":[{"name":"wp","href":"https:\/\/api.w.org\/{rel}","templated":true}]}}