{"id":285508,"date":"2025-12-13T00:30:26","date_gmt":"2025-12-13T00:30:26","guid":{"rendered":"https:\/\/www.europesays.com\/es\/285508\/"},"modified":"2025-12-13T00:30:26","modified_gmt":"2025-12-13T00:30:26","slug":"elisabeth-de-belgica-a-punto-de-asumir-nuevas-responsabilidades-tras-el-paso-atras-de-su-tia-la-princesa-astrid","status":"publish","type":"post","link":"https:\/\/www.europesays.com\/es\/285508\/","title":{"rendered":"Elisabeth de B\u00e9lgica, a punto de asumir nuevas responsabilidades tras el paso atr\u00e1s de su t\u00eda, la princesa Astrid"},"content":{"rendered":"<p id=\"e2U6-G1WDR\" data-wc=\"102\">La princesa Astrid no es de las m\u00e1s conocidas ni carism\u00e1ticas de Europa, pero <a class=\"hm-link ho-link\" href=\"https:\/\/www.hola.com\/realeza\/casa_belga\/20230128341988\/revolucion-real-silenciosa-belgica-apellido\/\" data-mrf-recirculation=\"article-body-link\" rel=\"nofollow noopener\" target=\"_blank\">es incombustible, leal y siempre ajena a pol\u00e9micas<\/a>. La hermana de Felipe de los belgas, de 63 a\u00f1os, cumple a la perfecci\u00f3n su papel al frente de las misiones comerciales en el extranjero, un papel que, tradicionalmente, est\u00e1 destinado al heredero, pero que ha desempe\u00f1ado con soltura durante los a\u00f1os en los que la princesa Elisabeth era demasiado joven para asumir ciertas responsabilidades. Ahora, Astrid ha decidido dar un paso al lado por motivos de salud, lo que despeja el camino para un m\u00e1s que probable relevo generacional.\u00a0<\/p>\n<p> <img src=\"https:\/\/www.europesays.com\/es\/wp-content\/uploads\/2025\/12\/42dc906a76fd-gettyimages-2226187336.jpg\"   width=\"682\" height=\"1024\" loading=\"lazy\" decoding=\"async\" alt=\"Astrid de B\u00e9lgica, durante el D\u00eda Nacional \" fetchpriority=\"auto\" class=\"image ho-image\"\/>\u00a9 Getty ImagesAstrid de B\u00e9lgica, durante el D\u00eda Nacional <\/p>\n<p id=\"e1b72IjQLai\" data-wc=\"80\">\u00abPor consejo de sus m\u00e9dicos, desea retirarse de este cargo por motivos de salud, que ya no le permiten cumplir plenamente con las exigencias del mismo\u00bb, reza el comunicado emitido por la Princesa. Sin duda, liderar este tipo de misiones requiere un esfuerzo considerable si lo comparamos con otros compromisos que puedan tener los miembros de una familia real. Supone encabezar una delegaci\u00f3n durante varios d\u00edas fuera del pa\u00eds, con una apretada agenda de actos y reuniones de alto nivel.\u00a0<\/p>\n<p> <img src=\"https:\/\/www.europesays.com\/es\/wp-content\/uploads\/2025\/12\/2d779c291c1e-20251003114600.jpg\"   width=\"1024\" height=\"682\" loading=\"lazy\" decoding=\"async\" alt=\"Elisabeth de B\u00e9lgica durante la abdicaci\u00f3n en Luxemburfo\" fetchpriority=\"auto\" class=\"image ho-image\"\/>Elisabeth de B\u00e9lgica durante la abdicaci\u00f3n en Luxemburfo<\/p>\n<p id=\"eeB_ivhSyOI\" data-wc=\"72\">Seg\u00fan el periodista belga especializado en realeza Wim Dehandschutter, Astrid no padece ninguna enfermedad preocupante, sino que fuentes de su entorno le confirman que su baja se debe a dolores de espalda y problemas para dormir, lo que, considera, le impide estar a la altura del puesto. Hace pocos meses, charlando con los ciudadanos sobre esta labor que realizaba, la Princesa confes\u00f3: \u00abEs muy, muy cansado. Lo hago lo mejor que puedo\u00bb.\u00a0<\/p>\n<p> <img src=\"https:\/\/www.europesays.com\/es\/wp-content\/uploads\/2025\/12\/6bc22b98e376-20251003122211.jpg\"   width=\"1024\" height=\"683\" loading=\"lazy\" decoding=\"async\" alt=\"La princesa Elisabeth de B\u00e9lgica saluda desde el balc\u00f3n\" fetchpriority=\"auto\" class=\"image ho-image\"\/>\u00a9 SIPLa princesa Elisabeth de B\u00e9lgica saluda desde el balc\u00f3n<\/p>\n<p id=\"eR4C31_7F0\" data-wc=\"93\">Tras la dimisi\u00f3n, todas las miradas est\u00e1n puestas en<a class=\"hm-link ho-link\" href=\"https:\/\/www.hola.com\/realeza\/casa_belga\/20251025863670\/asi-es-elisabeth-de-belgica-que-cumple-24-anos\/\" data-mrf-recirculation=\"article-body-link\" rel=\"nofollow noopener\" target=\"_blank\">\u00a0Elisabeth de B\u00e9lgica<\/a>, ya que, como dec\u00edamos, habitualmente le corresponde al heredero, pero en estos momentos se encuentra en plena formaci\u00f3n completando su m\u00e1ster en Pol\u00edticas P\u00fablicas en la universidad de Harvard. El director de comunicaciones de Laeken ha confirmado que ser\u00e1 ella quien releve a su t\u00eda, pero hasta que finalice sus estudias ser\u00e1 su madre, la reina Matilde, la nueva embajadora comercial, una tarea que conoce bien despu\u00e9s de a\u00f1os acompa\u00f1ando a su marido en estas misiones cuando a\u00fan era pr\u00edncipe heredero.<\/p>\n<p> <img src=\"https:\/\/www.europesays.com\/es\/wp-content\/uploads\/2025\/12\/0ab707aaa8d2-af1a07ad3f67-herederas-nuevas-t.jpg\"   width=\"1024\" height=\"614\" loading=\"lazy\" decoding=\"async\" alt=\"Amalia de Holanda y Elisabeth de B\u00e9lgica ante el rey Carlos III en la recepci\u00f3n previa a su coronaci\u00f3n como Rey \" fetchpriority=\"auto\" class=\"image ho-image\"\/>\u00a9 fcdo.gov.ukEl encuentro entre Elisabeth de B\u00e9lgica y Carlos III en la v\u00edspera de su coronaci\u00f3n<\/p>\n<p id=\"ekddo5eeE4\" data-wc=\"76\">Elisabeth de B\u00e9lgica es una de las herederas con m\u00e1s presencia internacional. A sus 24 a\u00f1os ya la hemos visto en grandes cumbres de la realeza como la coronaci\u00f3n del Gran Duque Guillermo de Luxemburgo, la boda del pr\u00edncipe Hussein de Jordania o la cena previa a la coronaci\u00f3n de Carlos III en Reino Unido. Tambi\u00e9n ha acudido a las cenas de gala por el 18 cumplea\u00f1os de Christian de Dinamarca y <a class=\"hm-link ho-link\" href=\"https:\/\/www.hola.com\/realeza\/casa_noruega\/20220617212022\/tiaras-princesas-cena-gala-oslo\/\" data-mrf-recirculation=\"article-body-link\" rel=\"nofollow noopener\" target=\"_blank\">de Ingrid de Noruega,<\/a> \u00a0<\/p>\n<p> <img src=\"https:\/\/www.europesays.com\/es\/wp-content\/uploads\/2025\/12\/0ad648d519a1-princesas.jpg\"   width=\"682\" height=\"1024\" loading=\"lazy\" decoding=\"async\" alt=\"Elisabeth de B\u00e9lgica y Amalia de Holanda, en una imagen de archivo\" fetchpriority=\"auto\" class=\"image ho-image\"\/>\u00a9 GTRESLa heredera belga, con la holandesa en el ascenso al trono de Guillermo de Luxemburgo<\/p>\n<p id=\"ez8L7kDBUVM\" data-wc=\"107\">Adem\u00e1s, <a class=\"hm-link ho-link\" href=\"https:\/\/www.hola.com\/realeza\/casa_belga\/20241024725484\/elisabeth-de-belgica-cumple-23-anios-lejos-de-casa-harvard\/\" data-mrf-recirculation=\"article-body-link\" rel=\"nofollow noopener\" target=\"_blank\">ha estudiado en Oxford<\/a> y ahora se encuentran en Boston completando un m\u00e1ster en Harvard. Antes de pisar dos de las mejores universidades del mundo, cuando a\u00fan era estudiante en el colegio, acudi\u00f3 al Programa de J\u00f3venes Acad\u00e9micos globales en la Universidad de Yale. Habla con fluidez holand\u00e9s, franc\u00e9s, alem\u00e1n e ingl\u00e9s, y siempre ha estado presente en los grandes actos de la Familia Real, pese a la distancia. No parece, por tanto, que las funciones de su t\u00eda le vayan a venir grandes, aunque son de las m\u00e1s importantes de la corona. El objetivo de estas misiones es fortalecer los lazos comerciales con otros pa\u00edses.<\/p>\n","protected":false},"excerpt":{"rendered":"La princesa Astrid no es de las m\u00e1s conocidas ni carism\u00e1ticas de Europa, pero es incombustible, leal y&hellip;\n","protected":false},"author":2,"featured_media":285509,"comment_status":"","ping_status":"","sticky":false,"template":"","format":"standard","meta":{"footnotes":""},"categories":[174],"tags":[255,68852,146,147,25,24,256,1027,16792,23],"class_list":{"0":"post-285508","1":"post","2":"type-post","3":"status-publish","4":"format-standard","5":"has-post-thumbnail","7":"category-famosos","8":"tag-celebrities","9":"tag-elisabeth-de-belgica","10":"tag-entertainment","11":"tag-entretenimiento","12":"tag-es","13":"tag-espana","14":"tag-famosos","15":"tag-realeza","16":"tag-realeza-belga","17":"tag-spain"},"share_on_mastodon":{"url":"https:\/\/pubeurope.com\/@es\/115709439756096862","error":""},"_links":{"self":[{"href":"https:\/\/www.europesays.com\/es\/wp-json\/wp\/v2\/posts\/285508","targetHints":{"allow":["GET"]}}],"collection":[{"href":"https:\/\/www.europesays.com\/es\/wp-json\/wp\/v2\/posts"}],"about":[{"href":"https:\/\/www.europesays.com\/es\/wp-json\/wp\/v2\/types\/post"}],"author":[{"embeddable":true,"href":"https:\/\/www.europesays.com\/es\/wp-json\/wp\/v2\/users\/2"}],"replies":[{"embeddable":true,"href":"https:\/\/www.europesays.com\/es\/wp-json\/wp\/v2\/comments?post=285508"}],"version-history":[{"count":0,"href":"https:\/\/www.europesays.com\/es\/wp-json\/wp\/v2\/posts\/285508\/revisions"}],"wp:featuredmedia":[{"embeddable":true,"href":"https:\/\/www.europesays.com\/es\/wp-json\/wp\/v2\/media\/285509"}],"wp:attachment":[{"href":"https:\/\/www.europesays.com\/es\/wp-json\/wp\/v2\/media?parent=285508"}],"wp:term":[{"taxonomy":"category","embeddable":true,"href":"https:\/\/www.europesays.com\/es\/wp-json\/wp\/v2\/categories?post=285508"},{"taxonomy":"post_tag","embeddable":true,"href":"https:\/\/www.europesays.com\/es\/wp-json\/wp\/v2\/tags?post=285508"}],"curies":[{"name":"wp","href":"https:\/\/api.w.org\/{rel}","templated":true}]}}