{"id":28551,"date":"2025-08-06T02:44:07","date_gmt":"2025-08-06T02:44:07","guid":{"rendered":"https:\/\/www.europesays.com\/es\/28551\/"},"modified":"2025-08-06T02:44:07","modified_gmt":"2025-08-06T02:44:07","slug":"miguel-indurain-disena-el-recorrido-de-la-prueba-gran-fondo-de-la-nucia-en-alicante","status":"publish","type":"post","link":"https:\/\/www.europesays.com\/es\/28551\/","title":{"rendered":"Miguel Indur\u00e1in dise\u00f1a el recorrido de la prueba Gran Fondo de La Nuc\u00eda, en Alicante"},"content":{"rendered":"<p>\n<strong>Miguel Indur\u00e1in<\/strong>, cinco veces ganador del <strong>Tour <\/strong>y dos del <strong>Giro<\/strong>, ha sido el encargado de dise\u00f1ar el renovado recorrido de la prueba ciclista Gran Fondo, que ser\u00e1 presentada de forma oficial con la presencia del exciclista navarro el pr\u00f3ximo lunes junto al<strong> Crit\u00e9rium La Nuc\u00eda 2025<\/strong>.<\/p>\n<p>Esta ser\u00e1 la segunda edici\u00f3n de ambas pruebas, que en su primera cita reunieron a algunos de las estrellas del pelot\u00f3n, como el neerland\u00e9s <strong>Mathieu Van der Poel<\/strong>, as\u00ed como a leyendas hist\u00f3ricas del ciclismo, como el excampe\u00f3n del Mundo <strong>Alejandro Valverde<\/strong>, el excampe\u00f3n ol\u00edmpico<strong> Samu S\u00e1nchez<\/strong>, o los italianos <strong>Gianni Bugno <\/strong>y <strong>Claudio Chiappuci<\/strong>.<\/p>\n<p>Seg\u00fan ha informado este martes la organizaci\u00f3n, durante el acto se desvelar\u00e1n los detalles de ambos eventos, que se celebrar\u00e1n los d\u00edas 18 y 19 de octubre y tendr\u00e1n como sede central la <strong>Ciutat Esportiva Camilo Cano<\/strong>, en<strong> La Nuc\u00eda (Alicante)<\/strong>.<\/p>\n<p>Uno de los anuncios m\u00e1s destacados ser\u00e1 la celebraci\u00f3n del Crit\u00e9rium en formato mixto y paritario, un hito hist\u00f3rico en este tipo de pruebas, que reunir\u00e1 por primera vez a hombres y mujeres compitiendo en igualdad de condiciones dentro del mismo evento.<\/p>\n<p>Tambi\u00e9n se desvelar\u00e1n los detalles de \u2018El Duelo\u2019, la prueba m\u00e1s espectacular y medi\u00e1tica del Crit\u00e9rium, en la que cada a\u00f1o se enfrentan grandes nombres del ciclismo.<\/p>\n<p>En esta misma competici\u00f3n, el pasado a\u00f1o el neerland\u00e9s Van der Poel y Valverde desafiaron y vencieron a Miguel Fuster, seis veces campe\u00f3n de Espa\u00f1a de rallys, y su coche en una competici\u00f3n sobre un circuito.<\/p>\n","protected":false},"excerpt":{"rendered":"Miguel Indur\u00e1in, cinco veces ganador del Tour y dos del Giro, ha sido el encargado de dise\u00f1ar el&hellip;\n","protected":false},"author":2,"featured_media":28552,"comment_status":"","ping_status":"","sticky":false,"template":"","format":"standard","meta":{"footnotes":""},"categories":[273],"tags":[313,312,168,15404,158,25,24,4099,4098,1786,23,167],"class_list":{"0":"post-28551","1":"post","2":"type-post","3":"status-publish","4":"format-standard","5":"has-post-thumbnail","7":"category-ciclismo","8":"tag-ciclismo","9":"tag-cycling","10":"tag-deportes","11":"tag-disena","12":"tag-el","13":"tag-es","14":"tag-espana","15":"tag-indurain","16":"tag-miguel","17":"tag-recorrido","18":"tag-spain","19":"tag-sports"},"share_on_mastodon":{"url":"","error":""},"_links":{"self":[{"href":"https:\/\/www.europesays.com\/es\/wp-json\/wp\/v2\/posts\/28551","targetHints":{"allow":["GET"]}}],"collection":[{"href":"https:\/\/www.europesays.com\/es\/wp-json\/wp\/v2\/posts"}],"about":[{"href":"https:\/\/www.europesays.com\/es\/wp-json\/wp\/v2\/types\/post"}],"author":[{"embeddable":true,"href":"https:\/\/www.europesays.com\/es\/wp-json\/wp\/v2\/users\/2"}],"replies":[{"embeddable":true,"href":"https:\/\/www.europesays.com\/es\/wp-json\/wp\/v2\/comments?post=28551"}],"version-history":[{"count":0,"href":"https:\/\/www.europesays.com\/es\/wp-json\/wp\/v2\/posts\/28551\/revisions"}],"wp:featuredmedia":[{"embeddable":true,"href":"https:\/\/www.europesays.com\/es\/wp-json\/wp\/v2\/media\/28552"}],"wp:attachment":[{"href":"https:\/\/www.europesays.com\/es\/wp-json\/wp\/v2\/media?parent=28551"}],"wp:term":[{"taxonomy":"category","embeddable":true,"href":"https:\/\/www.europesays.com\/es\/wp-json\/wp\/v2\/categories?post=28551"},{"taxonomy":"post_tag","embeddable":true,"href":"https:\/\/www.europesays.com\/es\/wp-json\/wp\/v2\/tags?post=28551"}],"curies":[{"name":"wp","href":"https:\/\/api.w.org\/{rel}","templated":true}]}}