{"id":285539,"date":"2025-12-13T00:56:09","date_gmt":"2025-12-13T00:56:09","guid":{"rendered":"https:\/\/www.europesays.com\/es\/285539\/"},"modified":"2025-12-13T00:56:09","modified_gmt":"2025-12-13T00:56:09","slug":"aroa-ilumina-la-ultima-semifinal-de-la-voz-con-su-version-de-besame-bonito","status":"publish","type":"post","link":"https:\/\/www.europesays.com\/es\/285539\/","title":{"rendered":"Aroa ilumina la \u00faltima semifinal de La Voz con su versi\u00f3n de \u2018B\u00e9same bonito\u2019"},"content":{"rendered":"<p><b>Aroa<\/b>, del equipo de <b>Pablo L\u00f3pez, <\/b>ha sido la \u00faltima talent en actuar de manera individual en el escenario y lo ha hecho con una actuaci\u00f3n llena de <b>frescura, magia y emoci\u00f3n. <\/b><\/p>\n<p>La talent ha escogido <b>\u2018B\u00e9same bonito\u2019<\/b>, de <b>Carmen De Le\u00f3n<\/b>, un tema que encaja con su estilo c\u00e1lido, juvenil y lleno de personalidad con el que ha vuelto a enamorar a su coach.<\/p>\n<p>Una noche m\u00e1s, <b>Aroa<\/b> ha transmitido una emoci\u00f3n \u00fanica. La joven que estuvo con<b> Pablo L\u00f3pez en La Voz Kids,<\/b> cumple su sue\u00f1o de llegar a la \u00faltima semifinal de la mano del malague\u00f1o. <b>\u00a1As\u00ed ha sido su actuaci\u00f3n! <\/b><\/p>\n<p>   <img decoding=\"async\" title=\"Nia, talent de La Voz\" alt=\"Nia, talent de La Voz\" width=\"480\" height=\"270\" src=\"https:\/\/www.europesays.com\/es\/wp-content\/uploads\/2025\/12\/nia-talent-voz_70.jpg\" loading=\"lazy\" class=\"lazy\"\/><\/p>\n","protected":false},"excerpt":{"rendered":"Aroa, del equipo de Pablo L\u00f3pez, ha sido la \u00faltima talent en actuar de manera individual en el&hellip;\n","protected":false},"author":2,"featured_media":285540,"comment_status":"","ping_status":"","sticky":false,"template":"","format":"standard","meta":{"footnotes":""},"categories":[171],"tags":[146,147,25,24,23,214],"class_list":{"0":"post-285539","1":"post","2":"type-post","3":"status-publish","4":"format-standard","5":"has-post-thumbnail","7":"category-tv","8":"tag-entertainment","9":"tag-entretenimiento","10":"tag-es","11":"tag-espana","12":"tag-spain","13":"tag-tv"},"share_on_mastodon":{"url":"https:\/\/pubeurope.com\/@es\/115709541560441224","error":""},"_links":{"self":[{"href":"https:\/\/www.europesays.com\/es\/wp-json\/wp\/v2\/posts\/285539","targetHints":{"allow":["GET"]}}],"collection":[{"href":"https:\/\/www.europesays.com\/es\/wp-json\/wp\/v2\/posts"}],"about":[{"href":"https:\/\/www.europesays.com\/es\/wp-json\/wp\/v2\/types\/post"}],"author":[{"embeddable":true,"href":"https:\/\/www.europesays.com\/es\/wp-json\/wp\/v2\/users\/2"}],"replies":[{"embeddable":true,"href":"https:\/\/www.europesays.com\/es\/wp-json\/wp\/v2\/comments?post=285539"}],"version-history":[{"count":0,"href":"https:\/\/www.europesays.com\/es\/wp-json\/wp\/v2\/posts\/285539\/revisions"}],"wp:featuredmedia":[{"embeddable":true,"href":"https:\/\/www.europesays.com\/es\/wp-json\/wp\/v2\/media\/285540"}],"wp:attachment":[{"href":"https:\/\/www.europesays.com\/es\/wp-json\/wp\/v2\/media?parent=285539"}],"wp:term":[{"taxonomy":"category","embeddable":true,"href":"https:\/\/www.europesays.com\/es\/wp-json\/wp\/v2\/categories?post=285539"},{"taxonomy":"post_tag","embeddable":true,"href":"https:\/\/www.europesays.com\/es\/wp-json\/wp\/v2\/tags?post=285539"}],"curies":[{"name":"wp","href":"https:\/\/api.w.org\/{rel}","templated":true}]}}