{"id":285551,"date":"2025-12-13T01:12:15","date_gmt":"2025-12-13T01:12:15","guid":{"rendered":"https:\/\/www.europesays.com\/es\/285551\/"},"modified":"2025-12-13T01:12:15","modified_gmt":"2025-12-13T01:12:15","slug":"el-burgos-burpellet-bh-un-ano-mas-en-la-elite-del-ciclismo","status":"publish","type":"post","link":"https:\/\/www.europesays.com\/es\/285551\/","title":{"rendered":"El Burgos Burpellet BH, un a\u00f1o m\u00e1s en la \u00e9lite del ciclismo"},"content":{"rendered":"<p>Por novena temporada consecutiva el Burgos Burpellet BH formar\u00e1 parte de la categor\u00eda Pro Team, la segunda divisi\u00f3n del ciclismo profesional. La UCI ha hecho esta semana p\u00fablicos los equipos que cumplen todos los requisitos requeridos por la asociaci\u00f3n, que no son pocos, y la escuadra morada se encuentra entre ellos. Se trata de un tr\u00e1mite que las escuadras deben pasar todos los a\u00f1os y donde deben presentar una extensa documentaci\u00f3n de la siguiente temporada y de la anterior.\u00a0<\/p>\n<p>Una auditoria de las cuentas, los contratos de todos los corredores, los seguros y una serie de avales que garanticen la solvencia econ\u00f3mica de la estructura durante todo el a\u00f1o. Antes de que acabe la campa\u00f1a los dirigentes de la escuadra burgalesa ya comienzan \u00a0a preparar toda la documentaci\u00f3n.<\/p>\n<p>La planificaci\u00f3n del curso 2026 ha empezado para el Burgos Burpellet BH hace semanas. Los corredores ya han tenido una primera concentraci\u00f3n y en enero llegar\u00e1 la segunda, justo antes de que se inicie la campa\u00f1a. Pese a que a\u00fan no hay nada definitivo, todo apunta que la escuadra de Julio Andr\u00e9s Izquierdo comenzar\u00e1 en tierras valencianas la nueva temporada con la disputa de la Cl\u00e1sica Camp de Morvedre, para posteriormente desplazarse hasta Palma de Mallorca y tomar parte en la Challenge. Tambi\u00e9n en enero llegar\u00e1 el \u00a0Tour de Sharjah, en el que el conjunto castellano ha participado las dos \u00faltimas ediciones y en el que Mario Aparicio ha ganado una etapa cada a\u00f1o.<\/p>\n<p>La plantilla del Burgos Burpellet cuenta con 24 ciclistas de diferentes caracter\u00edsticas y nacionalidades. El \u00e1rea t\u00e9cnica ha vuelto a apostar por un grupo heterog\u00e9neo en el que hay especialistas en todos los terrenos. Quiz\u00e1s lo \u00fanico que falta es un esprinter puro, aunque corredores como Daniel Cavia cuentan con una buena punta de velocidad. El calendario volver\u00e1 a llevar al equipo local a disputar competiciones por todo el mundo.<\/p>\n","protected":false},"excerpt":{"rendered":"Por novena temporada consecutiva el Burgos Burpellet BH formar\u00e1 parte de la categor\u00eda Pro Team, la segunda divisi\u00f3n&hellip;\n","protected":false},"author":2,"featured_media":285552,"comment_status":"","ping_status":"","sticky":false,"template":"","format":"standard","meta":{"footnotes":""},"categories":[273],"tags":[313,312,168,25,24,23,167,11214],"class_list":{"0":"post-285551","1":"post","2":"type-post","3":"status-publish","4":"format-standard","5":"has-post-thumbnail","7":"category-ciclismo","8":"tag-ciclismo","9":"tag-cycling","10":"tag-deportes","11":"tag-es","12":"tag-espana","13":"tag-spain","14":"tag-sports","15":"tag-uci"},"share_on_mastodon":{"url":"https:\/\/pubeurope.com\/@es\/115709604205874390","error":""},"_links":{"self":[{"href":"https:\/\/www.europesays.com\/es\/wp-json\/wp\/v2\/posts\/285551","targetHints":{"allow":["GET"]}}],"collection":[{"href":"https:\/\/www.europesays.com\/es\/wp-json\/wp\/v2\/posts"}],"about":[{"href":"https:\/\/www.europesays.com\/es\/wp-json\/wp\/v2\/types\/post"}],"author":[{"embeddable":true,"href":"https:\/\/www.europesays.com\/es\/wp-json\/wp\/v2\/users\/2"}],"replies":[{"embeddable":true,"href":"https:\/\/www.europesays.com\/es\/wp-json\/wp\/v2\/comments?post=285551"}],"version-history":[{"count":0,"href":"https:\/\/www.europesays.com\/es\/wp-json\/wp\/v2\/posts\/285551\/revisions"}],"wp:featuredmedia":[{"embeddable":true,"href":"https:\/\/www.europesays.com\/es\/wp-json\/wp\/v2\/media\/285552"}],"wp:attachment":[{"href":"https:\/\/www.europesays.com\/es\/wp-json\/wp\/v2\/media?parent=285551"}],"wp:term":[{"taxonomy":"category","embeddable":true,"href":"https:\/\/www.europesays.com\/es\/wp-json\/wp\/v2\/categories?post=285551"},{"taxonomy":"post_tag","embeddable":true,"href":"https:\/\/www.europesays.com\/es\/wp-json\/wp\/v2\/tags?post=285551"}],"curies":[{"name":"wp","href":"https:\/\/api.w.org\/{rel}","templated":true}]}}