{"id":285555,"date":"2025-12-13T01:15:18","date_gmt":"2025-12-13T01:15:18","guid":{"rendered":"https:\/\/www.europesays.com\/es\/285555\/"},"modified":"2025-12-13T01:15:18","modified_gmt":"2025-12-13T01:15:18","slug":"el-mvp-pablo-barrios-le-pide-al-2026-un-titulo","status":"publish","type":"post","link":"https:\/\/www.europesays.com\/es\/285555\/","title":{"rendered":"El MVP Pablo Barrios le pide al 2026 \u00abun t\u00edtulo\u00bb"},"content":{"rendered":"<p data-gtm-element-container=\"modulo-texto-link\" class=\"paragraph\"><strong>Pablo Barrios <\/strong>ha sido elegido mejor jugador del <strong>Atl\u00e9tico de Madrid<\/strong> en el mes de noviembre, votaci\u00f3n que han realizado los seguidores colchoneros para que el canterano reciba el premio Cinco Estrellas de Mahou, uno de los patrocinadores del club.<\/p>\n<p data-gtm-element-container=\"modulo-texto-link\" class=\"paragraph\"><strong>El reconocimiento<\/strong><\/p>\n<p data-gtm-element-container=\"modulo-texto-link\" class=\"paragraph\">\u00abEstoy muy contento y quiero dar las gracias a todos los que me han votado. Solo con hacerlo bien y ayudar al equipo ya estoy contento\u00bb.<\/p>\n<p>        Lee tambi\u00e9n<\/p>\n<p>    Javier G. G\u00f3mara<\/p>\n<p>             <img loading=\"lazy\" decoding=\"async\" data-full-src=\"https:\/\/www.mundodeportivo.com\/uploads\/2023\/09\/16\/6505c589ebf27.jpeg\" alt=\"Horizontal\" width=\"334\" height=\"164\" src=\"https:\/\/www.europesays.com\/es\/wp-content\/uploads\/2025\/12\/6505c589ebf27.r_d.1798-2125.jpeg\" class=\"lazy\"\/><\/p>\n<p data-gtm-element-container=\"modulo-texto-link\" class=\"paragraph\"><strong>El ambiente en el vestuario<\/strong><\/p>\n<p data-gtm-element-container=\"modulo-texto-link\" class=\"paragraph\">\u201cEstoy muy a gusto y muy contento con los compa\u00f1eros, tenemos un grupo muy bonito y unido. Estoy disfrutando bastante\u201d.<\/p>\n<blockquote class=\"twitter-tweet\" data-lang=\"es\"><p>\n<a href=\"https:\/\/twitter.com\/Atleti\/status\/1999546061681991956\" rel=\"nofollow noopener\" target=\"_blank\">\n<\/p><\/blockquote>\n<p data-gtm-element-container=\"modulo-texto-link\" class=\"paragraph\"><strong>Sus sensaciones<\/strong><\/p>\n<p data-gtm-element-container=\"modulo-texto-link\" class=\"paragraph\">\u00abHe tenido la oportunidad de ir con la Selecci\u00f3n y de momento el objetivo es seguir haci\u00e9ndolo bien en el club, ayudar a mis compa\u00f1eros. Eso es lo m\u00e1s importante\u201d.<\/p>\n<p>        Lee tambi\u00e9n<\/p>\n<p>    Javier G. G\u00f3mara<\/p>\n<p>             <img loading=\"lazy\" decoding=\"async\" data-full-src=\"https:\/\/www.mundodeportivo.com\/uploads\/2025\/12\/05\/6932c918e9267.jpeg\" alt=\"Horizontal\" width=\"334\" height=\"164\" src=\"https:\/\/www.europesays.com\/es\/wp-content\/uploads\/2025\/12\/6932c918e9267.r_d.2962-1797.jpeg\" class=\"lazy\"\/><\/p>\n<p data-gtm-element-container=\"modulo-texto-link\" class=\"paragraph\"><strong>El partido ante el Valencia<\/strong><\/p>\n<p data-gtm-element-container=\"modulo-texto-link\" class=\"paragraph\">\u00abNo hay partidos f\u00e1ciles y seguro que va a ser un gran encuentro. Jugamos en casa y nuestra afici\u00f3n nos ayuda much\u00edsimo. Esperamos que ma\u00f1ana tambi\u00e9n lo hagan y ojal\u00e1 salga un buen partido\u201d.<\/p>\n<p data-gtm-element-container=\"modulo-texto-link\" class=\"paragraph\"><strong>Sus deseos para 2026<\/strong><\/p>\n<p data-gtm-element-container=\"modulo-texto-link\" class=\"paragraph\">\u00abYo le pedir\u00eda alg\u00fan t\u00edtulo, es por lo que todos entrenamos y luchamos en cada partido. Poder levantar un trofeo es lo m\u00e1s bonito que puede pasar cuando eres jugador\u201d.<\/p>\n<p><script async src=\"https:\/\/platform.twitter.com\/widgets.js\" charset=\"utf-8\"><\/script><\/p>\n","protected":false},"excerpt":{"rendered":"Pablo Barrios ha sido elegido mejor jugador del Atl\u00e9tico de Madrid en el mes de noviembre, votaci\u00f3n que&hellip;\n","protected":false},"author":2,"featured_media":285556,"comment_status":"","ping_status":"","sticky":false,"template":"","format":"standard","meta":{"footnotes":""},"categories":[268],"tags":[168,25,24,280,282,281,23,167],"class_list":{"0":"post-285555","1":"post","2":"type-post","3":"status-publish","4":"format-standard","5":"has-post-thumbnail","7":"category-futbol","8":"tag-deportes","9":"tag-es","10":"tag-espana","11":"tag-football","12":"tag-futbol","13":"tag-soccer","14":"tag-spain","15":"tag-sports"},"share_on_mastodon":{"url":"https:\/\/pubeurope.com\/@es\/115709616752136481","error":""},"_links":{"self":[{"href":"https:\/\/www.europesays.com\/es\/wp-json\/wp\/v2\/posts\/285555","targetHints":{"allow":["GET"]}}],"collection":[{"href":"https:\/\/www.europesays.com\/es\/wp-json\/wp\/v2\/posts"}],"about":[{"href":"https:\/\/www.europesays.com\/es\/wp-json\/wp\/v2\/types\/post"}],"author":[{"embeddable":true,"href":"https:\/\/www.europesays.com\/es\/wp-json\/wp\/v2\/users\/2"}],"replies":[{"embeddable":true,"href":"https:\/\/www.europesays.com\/es\/wp-json\/wp\/v2\/comments?post=285555"}],"version-history":[{"count":0,"href":"https:\/\/www.europesays.com\/es\/wp-json\/wp\/v2\/posts\/285555\/revisions"}],"wp:featuredmedia":[{"embeddable":true,"href":"https:\/\/www.europesays.com\/es\/wp-json\/wp\/v2\/media\/285556"}],"wp:attachment":[{"href":"https:\/\/www.europesays.com\/es\/wp-json\/wp\/v2\/media?parent=285555"}],"wp:term":[{"taxonomy":"category","embeddable":true,"href":"https:\/\/www.europesays.com\/es\/wp-json\/wp\/v2\/categories?post=285555"},{"taxonomy":"post_tag","embeddable":true,"href":"https:\/\/www.europesays.com\/es\/wp-json\/wp\/v2\/tags?post=285555"}],"curies":[{"name":"wp","href":"https:\/\/api.w.org\/{rel}","templated":true}]}}