{"id":285561,"date":"2025-12-13T01:19:11","date_gmt":"2025-12-13T01:19:11","guid":{"rendered":"https:\/\/www.europesays.com\/es\/285561\/"},"modified":"2025-12-13T01:19:11","modified_gmt":"2025-12-13T01:19:11","slug":"yatra-canta-con-oihan-y-kimy-pareja-del-ano-en-un-numero-inolvidable","status":"publish","type":"post","link":"https:\/\/www.europesays.com\/es\/285561\/","title":{"rendered":"Yatra canta con Oihan y Kimy \u2018Pareja del a\u00f1o\u2019 en un n\u00famero inolvidable"},"content":{"rendered":"<p>La \u00faltima semifinal de La Voz dej\u00f3 un momento lleno de complicidad con la actuaci\u00f3n del equipo de <b>Sebasti\u00e1n Yatra. <\/b><\/p>\n<p>El coach colombiano subi\u00f3 al escenario junto a sus dos semifinalistas, <b>Oihan y Kimy,<\/b> para interpretar<b> \u2018Pareja del a\u00f1o<\/b>\u2019, uno de sus grandes \u00e9xitos internacionales.<\/p>\n<p>La actuaci\u00f3n fue puro ritmo, qu\u00edmica y diversi\u00f3n. Un momento muy especial que <b>Yatra <\/b>comparti\u00f3 con sus dos semifinalistas y que espera colar a los dos en la Gran Final.<b> \u00a1Rev\u00edvela d\u00e1ndole play al v\u00eddeo de arriba!<\/b><\/p>\n<p>   <img decoding=\"async\" title=\"Javier\" alt=\"Javier\" width=\"480\" height=\"270\" src=\"https:\/\/www.europesays.com\/es\/wp-content\/uploads\/2025\/12\/javier_70.jpg\" loading=\"lazy\" class=\"lazy\"\/><\/p>\n","protected":false},"excerpt":{"rendered":"La \u00faltima semifinal de La Voz dej\u00f3 un momento lleno de complicidad con la actuaci\u00f3n del equipo de&hellip;\n","protected":false},"author":2,"featured_media":285562,"comment_status":"","ping_status":"","sticky":false,"template":"","format":"standard","meta":{"footnotes":""},"categories":[171],"tags":[146,147,25,24,23,214],"class_list":{"0":"post-285561","1":"post","2":"type-post","3":"status-publish","4":"format-standard","5":"has-post-thumbnail","7":"category-tv","8":"tag-entertainment","9":"tag-entretenimiento","10":"tag-es","11":"tag-espana","12":"tag-spain","13":"tag-tv"},"share_on_mastodon":{"url":"https:\/\/pubeurope.com\/@es\/115709632179753163","error":""},"_links":{"self":[{"href":"https:\/\/www.europesays.com\/es\/wp-json\/wp\/v2\/posts\/285561","targetHints":{"allow":["GET"]}}],"collection":[{"href":"https:\/\/www.europesays.com\/es\/wp-json\/wp\/v2\/posts"}],"about":[{"href":"https:\/\/www.europesays.com\/es\/wp-json\/wp\/v2\/types\/post"}],"author":[{"embeddable":true,"href":"https:\/\/www.europesays.com\/es\/wp-json\/wp\/v2\/users\/2"}],"replies":[{"embeddable":true,"href":"https:\/\/www.europesays.com\/es\/wp-json\/wp\/v2\/comments?post=285561"}],"version-history":[{"count":0,"href":"https:\/\/www.europesays.com\/es\/wp-json\/wp\/v2\/posts\/285561\/revisions"}],"wp:featuredmedia":[{"embeddable":true,"href":"https:\/\/www.europesays.com\/es\/wp-json\/wp\/v2\/media\/285562"}],"wp:attachment":[{"href":"https:\/\/www.europesays.com\/es\/wp-json\/wp\/v2\/media?parent=285561"}],"wp:term":[{"taxonomy":"category","embeddable":true,"href":"https:\/\/www.europesays.com\/es\/wp-json\/wp\/v2\/categories?post=285561"},{"taxonomy":"post_tag","embeddable":true,"href":"https:\/\/www.europesays.com\/es\/wp-json\/wp\/v2\/tags?post=285561"}],"curies":[{"name":"wp","href":"https:\/\/api.w.org\/{rel}","templated":true}]}}