{"id":285581,"date":"2025-12-13T01:41:42","date_gmt":"2025-12-13T01:41:42","guid":{"rendered":"https:\/\/www.europesays.com\/es\/285581\/"},"modified":"2025-12-13T01:41:42","modified_gmt":"2025-12-13T01:41:42","slug":"en-2026-ya-no-se-trata-solo-de-decorar-con-plantas-sino-de-crear-ecosistemas-interiores-que-mejoren-la-calidad-de-vida","status":"publish","type":"post","link":"https:\/\/www.europesays.com\/es\/285581\/","title":{"rendered":"En 2026 ya no se trata solo de decorar con plantas, sino de crear ecosistemas interiores que mejoren la calidad de vida"},"content":{"rendered":"<p>Las <a href=\"https:\/\/www.arquitecturaydiseno.es\/decoracion\/tendencias-que-amabamos-2024-que-odiamos-2025-fotos-casas-reales_11744\" rel=\"nofollow noopener\" target=\"_blank\">tendencias en interiorismo<\/a> avanzan hacia una nueva sensibilidad: espacios m\u00e1s humanos, m\u00e1s c\u00e1lidos y m\u00e1s conscientes del bienestar emocional. Despu\u00e9s de una d\u00e9cada marcada por el minimalismo, los neutros fr\u00edos y la sobriedad extrema, <strong>2026 perfila un giro claro hacia interiores sensoriales, t\u00e1ctiles y emocionalmente estimulantes<\/strong>. Para comprender mejor hacia d\u00f3nde se dirige el dise\u00f1o, hemos consultado a <a href=\"https:\/\/www.gc-studio.es\/estudio\/\" rel=\"nofollow noopener\" target=\"_blank\">GC Studio<\/a>, que avanza un panorama donde la armon\u00eda, la textura y el v\u00ednculo con la naturaleza jugar\u00e1n un papel determinante.<\/p>\n<p>Paletas de color m\u00e1s c\u00e1lidas\u00a0<\/p>\n<p>El primer gran cambio llegar\u00e1 con el color. \u00abPara 2026 se espera un giro hacia tonos que transmiten calma, arraigo y bienestar emocional. <strong>Los beige terrosos, arcillas suaves, terracotas claras y marrones satinados ser\u00e1n habituales<\/strong>, combinados con acentos c\u00e1lidos como mostaza diluida o rojo quemado\u00bb, explican desde el estudio. <a href=\"https:\/\/cienciaenlauam.azc.uam.mx\/index.php\/unidades\/45-el-color-luz-y-su-influencia\" rel=\"nofollow noopener\" target=\"_blank\">Distintas investigaciones en psicolog\u00eda ambiental<\/a> se\u00f1alan que los colores c\u00e1lidos y desaturados ayudan a reducir la percepci\u00f3n de estr\u00e9s y favorecen la sensaci\u00f3n de hogar. Una revisi\u00f3n general sobre la influencia del entorno crom\u00e1tico en espacios interiores y su impacto en la \u00abpsicolog\u00eda ambiental\u00bb (es decir, c\u00f3mo el entorno construido influye en nuestras emociones y comportamiento) recuerda que el color tiene efectos psicol\u00f3gicos detectables: calma, excitaci\u00f3n, sensaci\u00f3n de amplitud o recogimiento\u2026 dependiendo del tono, saturaci\u00f3n y contexto.\u00a0<\/p>\n<p>Por eso, como resumen, \u00ab<strong>esta paleta busca crear espacios acogedores, \u00edntimos y sensoriales<\/strong>, alej\u00e1ndose del minimalismo fr\u00edo de a\u00f1os anteriores. La idea central es que el color se convierta en un veh\u00edculo emocional, capaz de equilibrar el \u00e1nimo y aportar serenidad\u00bb.<\/p>\n<p>&#13;<img loading=\"lazy\" decoding=\"async\"   src=\"https:\/\/www.europesays.com\/es\/wp-content\/uploads\/2025\/12\/tendencias-interiorismo-2026_1ff705bc_251127174124_1280x844.webp.webp\" alt=\"tendencias interiorismo 2026\" class=\"lazyload\" width=\"1280\" height=\"844\" data-aspectratio=\"1280\/844\"\/><\/p>\n<p>Los tonos terrosos ser\u00e1n la t\u00f3nica.<\/p>\n<p>&#13;Westwing<br \/>\n Texturas t\u00e1ctiles y materiales naturales<\/p>\n<p>Otro eje fundamental para 2026 ser\u00e1n las texturas t\u00e1ctiles y los materiales naturales, enfoque que responde a un movimiento global que se observa en ferias como Maison&amp;Objet o el Salone del Mobile, donde el dise\u00f1o avanza hacia experiencias m\u00e1s sensoriales: <strong>materiales con memoria, acabados imperfectos, objetos que envejecen bien y superficies que invitan a tocar<\/strong>. Tal y como asegura el estudio, \u201cla tendencia pone \u00e9nfasis en superficies que inviten al contacto: maderas sin tratar, piedras rugosas, lino, lana y <a href=\"https:\/\/www.arquitecturaydiseno.es\/general\/galeria-canalejas-presenta-wau-coleccion-ceramica-unica-mano-marina-anaya_12003\" rel=\"nofollow noopener\" target=\"_blank\">cer\u00e1mica artesanal<\/a>. La textura pasa a ser protagonista y se combina con materiales reciclados o de origen local para reforzar la sostenibilidad. Este enfoque responde a la necesidad de humanizar los espacios, aportando calidez visual y f\u00edsica. Los interiores se dise\u00f1ar\u00e1n para sentirse m\u00e1s que para verse, priorizando lo sensorial\u201d.<\/p>\n<p>&#13;<img loading=\"lazy\" decoding=\"async\"   src=\"https:\/\/www.europesays.com\/es\/wp-content\/uploads\/2025\/12\/tendencias-interiorismo-2026_eabd4294_251127174629_926x1384.webp.webp\" alt=\"tendencias interiorismo 2026\" class=\"lazyload\" width=\"926\" height=\"1384\" data-aspectratio=\"926\/1384\"\/><\/p>\n<p>Piezas de cer\u00e1mica artesanal, siempre un valor seguro.<\/p>\n<p>&#13;M\u00f3nica Garc\u00eda<br \/>\n <a href=\"https:\/\/www.arquitecturaydiseno.es\/arquitectura\/rascacielos-londres-que-llaman-vaso-cerveza-fue-uno-edificios-mas-feos-ano_12805\" data-ga4_event=\"custom_event\" data-ga4_event_name=\"click_intext\" data-ga4_link_url=\"https:\/\/www.arquitecturaydiseno.es\/arquitectura\/rascacielos-londres-que-llaman-vaso-cerveza-fue-uno-edificios-mas-feos-ano_12805\" data-ga4_link_text=\"asi_es_el_rascacielos_de_londres_al_que_llaman_\u201cvaso_de_cerveza\u201d\" data-ga4_content_type=\"photo\" data-ga4_element=\"related\" rel=\"nofollow noopener\" target=\"_blank\">&#13;&#13;<img loading=\"lazy\" decoding=\"async\" src=\"https:\/\/www.europesays.com\/es\/wp-content\/uploads\/2025\/12\/rascacielos-walkie-talkie-londres-2_91a98a98_251212132849_600x600.webp.webp\" alt=\"rascacielos walkie talkie Londres 2\" class=\"lazyload\" width=\"600\" height=\"600\" data-aspectratio=\"600\/600\"\/>&#13;&#13;<\/p>\n<p class=\"epigraph\">&#13;Noticia relacionada<\/p>\n<p class=\"title\">As\u00ed es el rascacielos de Londres al que llaman \u201cvaso de cerveza\u201d <\/p>\n<p><\/a>Siguen las formas org\u00e1nicas y las curvas escult\u00f3ricas<\/p>\n<p>Las <a href=\"https:\/\/www.arquitecturaydiseno.es\/arquitectura\/laura-ortin-arquitecta-paredes-curvas-casa-nos-hacen-mas-felices-porque-nuestro-cerebro-esta-calma_11763\" rel=\"nofollow noopener\" target=\"_blank\">formas org\u00e1nicas y curvas escult\u00f3ricas<\/a> continuar\u00e1n su ascenso, consolid\u00e1ndose como un gesto visual que alivia, suaviza y acompa\u00f1a. GC Studio lo define as\u00ed: \u201cLas l\u00edneas r\u00edgidas ceden terreno a siluetas fluidas, inspiradas en la naturaleza. <strong>Muebles con bordes redondeados, l\u00e1mparas sinuosas y piezas escult\u00f3ricas ser\u00e1n claves para generar movimiento y suavidad en el espacio<\/strong>. Estas formas aportan dinamismo sin estridencias, equilibrando funcionalidad y est\u00e9tica. El objetivo es crear interiores donde la geometr\u00eda se perciba amable, fluida y elegante\u201d.\u00a0<\/p>\n<p>Esta tendencia se vincula con una b\u00fasqueda de refugio: siluetas que envuelven, muebles que parecen fluir y geometr\u00edas amables que reducen la sensaci\u00f3n de estr\u00e9s.<\/p>\n<p>&#13;<img loading=\"lazy\" decoding=\"async\"   src=\"https:\/\/www.europesays.com\/es\/wp-content\/uploads\/2025\/12\/tendencias-interiorismo-20261_5f4f4624_251127174800_2000x3000.webp.webp\" alt=\"tendencias interiorismo 20261\" class=\"lazyload\" width=\"2000\" height=\"3000\" data-aspectratio=\"2000\/3000\"\/><\/p>\n<p>Las curvas llegaron para quedarse.<\/p>\n<p>&#13;Pedro Jaen<br \/>\n Iluminaci\u00f3n inteligente y modular<\/p>\n<p>Otra transformaci\u00f3n notable llegar\u00e1 desde la tecnolog\u00eda, aunque de manera discreta y sofisticada. \u201cLa <a href=\"https:\/\/www.arquitecturaydiseno.es\/promocion\/nuevo-lenguaje-luz-es-tan-inteligente-como-versatil_12625\" rel=\"nofollow noopener\" target=\"_blank\">tecnolog\u00eda en iluminaci\u00f3n<\/a>\u201d, explican, \u201cse integra de manera discreta pero muy efectiva. Los sistemas ser\u00e1n adaptativos, capaces de ajustar intensidad, temperatura de color y direcci\u00f3n seg\u00fan el momento del d\u00eda o la actividad. Adem\u00e1s, <strong>las luminarias modulares permitir\u00e1n composiciones personalizadas, facilitando cambios sin obras<\/strong>. Esta tendencia armoniza bienestar y eficiencia, convirtiendo la luz en un elemento de dise\u00f1o activo y no meramente funcional\u201d.<\/p>\n<p>&#13;<img loading=\"lazy\" decoding=\"async\"   src=\"https:\/\/www.europesays.com\/es\/wp-content\/uploads\/2025\/12\/tendencias-interiorismo-2026_0b156680_251127175114_1426x1386.webp.webp\" alt=\"tendencias interiorismo 2026\" class=\"lazyload\" width=\"1426\" height=\"1386\" data-aspectratio=\"1426\/1386\"\/><\/p>\n<p>La tecnolog\u00eda en iluminaci\u00f3n se integra de forma discreta.<\/p>\n<p>&#13;LineaLightGroup<br \/>\n La salud como el centro de todo<\/p>\n<p>Por \u00faltimo, 2026 ser\u00e1 <a href=\"https:\/\/www.arquitecturaydiseno.es\/pasion-eco\/carlos-poveda-biointeriorista-si-quieres-dormitorio-saludable-necesitas-cabecero-madera-maciza-aceites-naturales_12292\" rel=\"nofollow noopener\" target=\"_blank\">un a\u00f1o decisivo para el dise\u00f1o bioc\u00e9ntrico<\/a>, una filosof\u00eda que sit\u00faa la salud y el equilibrio natural en el centro del proyecto. Seg\u00fan GC Studio, \u201cel enfoque bioc\u00e9ntrico propone dise\u00f1ar los espacios para favorecer la salud y el equilibrio natural, incorporando vegetaci\u00f3n, agua, ventilaci\u00f3n cruzada, luz natural y materiales org\u00e1nicos\u201d. Esta mirada \u2014cada vez m\u00e1s presente en la neuroarquitectura y en la arquitectura clim\u00e1tica\u2014 <strong>entiende la vivienda como un ecosistema, m\u00e1s que como un contenedor<\/strong>. Las casas tender\u00e1n a \u201cabrirse hacia el exterior, creando transiciones m\u00e1s suaves entre ambos mundos\u201d, utilizando patios interiores, balcones ajardinados, fachadas verdes o simples estrategias de ventilaci\u00f3n cruzada que reduzcan el consumo energ\u00e9tico. Para el estudio, el matiz clave est\u00e1 aqu\u00ed: \u201cNo se trata solo de decorar con plantas, sino de crear ecosistemas interiores que mejoren la calidad de vida\u201d.<\/p>\n<p><a href=\"https:\/\/www.arquitecturaydiseno.es\/decoracion\/interiorista-opina-sobre-color-ano-2026-pantone_12793\" data-ga4_event=\"custom_event\" data-ga4_event_name=\"click_intext\" data-ga4_link_url=\"https:\/\/www.arquitecturaydiseno.es\/decoracion\/interiorista-opina-sobre-color-ano-2026-pantone_12793\" data-ga4_link_text=\"una_interiorista_opina_sobre_el_color_del_ano_2026_de_pantone_\u201cno_soy_muy_fan\" data-ga4_content_type=\"photo\" data-ga4_element=\"related\" rel=\"nofollow noopener\" target=\"_blank\">&#13;&#13;<img loading=\"lazy\" decoding=\"async\" src=\"https:\/\/www.europesays.com\/es\/wp-content\/uploads\/2025\/12\/cloud-dancer-pantone-11-4201_17b79255_251204174125_600x600.webp.webp\" alt=\"Cloud Dancer (Pantone 11-4201)\" class=\"lazyload\" width=\"600\" height=\"600\" data-aspectratio=\"600\/600\"\/>&#13;&#13;<\/p>\n<p class=\"epigraph\">&#13;Noticia relacionada<\/p>\n<p class=\"title\">Una interiorista opina sobre el Color del A\u00f1o 2026 de Pantone: \u201cNo soy muy fan\u00bb<\/p>\n<p><\/a>&#13;<img loading=\"lazy\" decoding=\"async\"   src=\"https:\/\/www.europesays.com\/es\/wp-content\/uploads\/2025\/12\/comedor_e410c23f_251205121841_1260x834.webp.webp\" alt=\"Comedor\" class=\"lazyload\" width=\"1260\" height=\"834\" data-aspectratio=\"1260\/834\"\/><\/p>\n<p>Espacios vedes y saludables.<\/p>\n<p>&#13;Maira Acayab<\/p>\n<p>En conjunto, <strong>estas tendencias dibujan un futuro donde el dise\u00f1o se aleja del artificio y del exceso de perfecci\u00f3n<\/strong>, y se acerca a la experiencia humana. Un 2026 en el que la est\u00e9tica deja de ser un fin en s\u00ed mismo para convertirse en una forma de crear hogares m\u00e1s vivos, sensibles y profundamente habitables.<\/p>\n","protected":false},"excerpt":{"rendered":"Las tendencias en interiorismo avanzan hacia una nueva sensibilidad: espacios m\u00e1s humanos, m\u00e1s c\u00e1lidos y m\u00e1s conscientes del&hellip;\n","protected":false},"author":2,"featured_media":285582,"comment_status":"","ping_status":"","sticky":false,"template":"","format":"standard","meta":{"footnotes":""},"categories":[173],"tags":[229,233,231,230,232,234,146,147,25,24,23],"class_list":{"0":"post-285581","1":"post","2":"type-post","3":"status-publish","4":"format-standard","5":"has-post-thumbnail","7":"category-arte-y-diseno","8":"tag-arte","9":"tag-arte-y-diseno","10":"tag-arts","11":"tag-arts-and-design","12":"tag-design","13":"tag-diseno","14":"tag-entertainment","15":"tag-entretenimiento","16":"tag-es","17":"tag-espana","18":"tag-spain"},"share_on_mastodon":{"url":"https:\/\/pubeurope.com\/@es\/115709719479913945","error":""},"_links":{"self":[{"href":"https:\/\/www.europesays.com\/es\/wp-json\/wp\/v2\/posts\/285581","targetHints":{"allow":["GET"]}}],"collection":[{"href":"https:\/\/www.europesays.com\/es\/wp-json\/wp\/v2\/posts"}],"about":[{"href":"https:\/\/www.europesays.com\/es\/wp-json\/wp\/v2\/types\/post"}],"author":[{"embeddable":true,"href":"https:\/\/www.europesays.com\/es\/wp-json\/wp\/v2\/users\/2"}],"replies":[{"embeddable":true,"href":"https:\/\/www.europesays.com\/es\/wp-json\/wp\/v2\/comments?post=285581"}],"version-history":[{"count":0,"href":"https:\/\/www.europesays.com\/es\/wp-json\/wp\/v2\/posts\/285581\/revisions"}],"wp:featuredmedia":[{"embeddable":true,"href":"https:\/\/www.europesays.com\/es\/wp-json\/wp\/v2\/media\/285582"}],"wp:attachment":[{"href":"https:\/\/www.europesays.com\/es\/wp-json\/wp\/v2\/media?parent=285581"}],"wp:term":[{"taxonomy":"category","embeddable":true,"href":"https:\/\/www.europesays.com\/es\/wp-json\/wp\/v2\/categories?post=285581"},{"taxonomy":"post_tag","embeddable":true,"href":"https:\/\/www.europesays.com\/es\/wp-json\/wp\/v2\/tags?post=285581"}],"curies":[{"name":"wp","href":"https:\/\/api.w.org\/{rel}","templated":true}]}}