{"id":285598,"date":"2025-12-13T02:02:09","date_gmt":"2025-12-13T02:02:09","guid":{"rendered":"https:\/\/www.europesays.com\/es\/285598\/"},"modified":"2025-12-13T02:02:09","modified_gmt":"2025-12-13T02:02:09","slug":"porfi-fisac-en-burgos-41-anos-despues","status":"publish","type":"post","link":"https:\/\/www.europesays.com\/es\/285598\/","title":{"rendered":"Porfi Fisac, en Burgos 41 a\u00f1os despu\u00e9s"},"content":{"rendered":"<p><a href=\"https:\/\/www.diariodeburgos.es\/tags\/64952\/porfirio+fisac\" target=\"_blank\" rel=\"nofollow noopener\">Porfirio Fisac<\/a> vive sus primeros d\u00edas como entrenador del <a href=\"https:\/\/www.diariodeburgos.es\/seccion\/san+pablo+burgos\/baloncesto\/deportes\" target=\"_blank\" rel=\"nofollow noopener\">Recoletas Salud San Pablo<\/a>, pero Burgos no es nuevo para \u00e9l. En su etapa de jugador form\u00f3 parte durante tres temporadas del Club Baloncesto Tizona, <strong>el aut\u00e9ntico Tizona que en los a\u00f1os 80 gener\u00f3 una gran afici\u00f3n por este deporte<\/strong>. Lleg\u00f3 en 1984 tras el ascenso a Primera B, la segunda categor\u00eda del baloncesto nacional, de la mano de Carlos Viejo, por entonces presidente del club.\u00a0<\/p>\n<p>Para los m\u00e1s nost\u00e1lgicos, los aficionados al baloncesto de toda la vida, es <strong>una \u00e9poca inolvidable<\/strong>. Con <strong>Alberto Pesquera<\/strong> al mando, qui\u00e9n no recuerda a jugadores como <strong>Ram\u00f3n Ruiz<\/strong>, <strong>Howard Wood<\/strong>, <strong>Morate<\/strong>, <strong>F\u00e9lix de la Fuente<\/strong> o el propio Porfirio Fisac.<\/p>\n<p><strong>Aterriz\u00f3 en Burgos con apenas 19 a\u00f1os<\/strong>. \u00abEra un base muy listo, jugaba con mucha chispa. Cuando saltaba a la pista le daba otra marcha al equipo, daba un plus diferente y cambiaba el juego\u00bb. As\u00ed describe a Fisac Evaristo P\u00e9rez Torices, actual responsable de la direcci\u00f3n del \u00e1rea de formaci\u00f3n de la Federaci\u00f3n de Castilla y Le\u00f3n de Baloncesto y entrenador del equipo cadete del San Pablo.<\/p>\n<blockquote class=\"cita\"><p>Porfi (Fisac) era un base muy listo, jugaba con mucha chispa, le daba otra marcha al equipo, cambiaba el juego\u00bbEvaristo P\u00e9rez Torices, ex preparador f\u00edsico del Tizona<\/p><\/blockquote>\n<p>Por aquel entonces, P\u00e9rez Torices era preparador f\u00edsico del CB Tizona y posteriormente ha llegado a ser entrenador de la selecci\u00f3n espa\u00f1ola femenina. Recuerda bien aquellos a\u00f1os, aquel ascenso a Primera B y la afici\u00f3n que hab\u00eda entonces al baloncesto en Burgos. Pero tambi\u00e9n los <strong>graves problemas econ\u00f3micos que vivi\u00f3 el club<\/strong> y que acab\u00f3 provocando su desaparici\u00f3n despu\u00e9s de cuatro a\u00f1os en la categor\u00eda.<\/p>\n<p>En ese escenario lleg\u00f3 Porfirio Fisac a Burgos, a un equipo que ten\u00eda referentes claros en el juego como Howard Wood, Ram\u00f3n Ruiz o Morate, dirigidos por Alberto Pesquera.<\/p>\n<p>\u00abEn el partido del ascenso (mayo de 1984) no cab\u00eda un alma en El Plant\u00edo. En el estreno en Primera B logramos la permanencia y en las siguientes el equipo fue creciendo, aunque al final <strong>todo se torci\u00f3 por los problemas extradeportivos<\/strong>\u00bb, recuerda P\u00e9rez Torices.<\/p>\n<blockquote>\n<p>Su llegada puede servir como un revulsivo, puede ser el id\u00f3neo y dar un pu\u00f1etazo encima de la mesa\u00bb<\/p>\n<\/blockquote>\n<p>41 a\u00f1os despu\u00e9s <a href=\"https:\/\/www.diariodeburgos.es\/noticia\/z245cddcb-48a9-4c35-a81ebf1497efd610\/202512\/fisac-ya-ha-dirigido-su-primer-entrenamiento-con-el-san-pablo\" target=\"_blank\" rel=\"nofollow noopener\">Porfirio Fisac regresa a Burgos<\/a>, aunque con <a href=\"https:\/\/www.diariodeburgos.es\/noticia\/z1e13bd97-19a5-4cea-b72a9b41e2ef7352\/202512\/los-jugadores-y-yo-dependemos-de-una-sola-cosa-ganar\" target=\"_blank\" rel=\"nofollow noopener\">un objetivo muy diferente<\/a>. Tiene ante s\u00ed el reto de sacar al equipo del pozo de la clasificaci\u00f3n. Con 14 a\u00f1os de experiencia no es la primera vez que acepta situaciones as\u00ed y lo hace en <strong>un San Pablo que ya se hab\u00eda fijado en \u00e9l en anteriores temporadas<\/strong>, como el propio F\u00e9lix Sancho reconoci\u00f3 en la presentaci\u00f3n del t\u00e9cnico.<\/p>\n<p>Evaristo P\u00e9rez Torices, con amplia experiencia en los banquillos, cree que su llegada puede ser el \u00abrevulsivo\u00bb que necesita el San Pablo ahora mismo. \u00abLa posici\u00f3n del entrenador siempre es la m\u00e1s d\u00e9bil.<strong> Bruno es un gran entrenador, el mismo que \u00a0la pasada campa\u00f1a bati\u00f3 r\u00e9cords y logr\u00f3 el ascenso, pero <a href=\"https:\/\/www.diariodeburgos.es\/noticia\/zad5c48a3-891e-4360-997de44b703000e7\/202512\/la-defensa-condena-a-savignani\" target=\"_blank\" rel=\"nofollow noopener\">los resultados lo han condenado<\/a><\/strong>. Porfi puede ser el id\u00f3neo para dar un pu\u00f1etazo encima de la mesa\u00bb.<\/p>\n","protected":false},"excerpt":{"rendered":"Porfirio Fisac vive sus primeros d\u00edas como entrenador del Recoletas Salud San Pablo, pero Burgos no es nuevo&hellip;\n","protected":false},"author":2,"featured_media":285599,"comment_status":"","ping_status":"","sticky":false,"template":"","format":"standard","meta":{"footnotes":""},"categories":[269],"tags":[299,298,623,29062,2770,168,25,24,34061,68868,3919,23,167],"class_list":{"0":"post-285598","1":"post","2":"type-post","3":"status-publish","4":"format-standard","5":"has-post-thumbnail","7":"category-baloncesto","8":"tag-baloncesto","9":"tag-basketball","10":"tag-burgos","11":"tag-cb-tizona","12":"tag-complejo-deportivo-el-plantio","13":"tag-deportes","14":"tag-es","15":"tag-espana","16":"tag-felix-sancho","17":"tag-porfirio-fisac","18":"tag-san-pablo-burgos","19":"tag-spain","20":"tag-sports"},"share_on_mastodon":{"url":"https:\/\/pubeurope.com\/@es\/115709800884646934","error":""},"_links":{"self":[{"href":"https:\/\/www.europesays.com\/es\/wp-json\/wp\/v2\/posts\/285598","targetHints":{"allow":["GET"]}}],"collection":[{"href":"https:\/\/www.europesays.com\/es\/wp-json\/wp\/v2\/posts"}],"about":[{"href":"https:\/\/www.europesays.com\/es\/wp-json\/wp\/v2\/types\/post"}],"author":[{"embeddable":true,"href":"https:\/\/www.europesays.com\/es\/wp-json\/wp\/v2\/users\/2"}],"replies":[{"embeddable":true,"href":"https:\/\/www.europesays.com\/es\/wp-json\/wp\/v2\/comments?post=285598"}],"version-history":[{"count":0,"href":"https:\/\/www.europesays.com\/es\/wp-json\/wp\/v2\/posts\/285598\/revisions"}],"wp:featuredmedia":[{"embeddable":true,"href":"https:\/\/www.europesays.com\/es\/wp-json\/wp\/v2\/media\/285599"}],"wp:attachment":[{"href":"https:\/\/www.europesays.com\/es\/wp-json\/wp\/v2\/media?parent=285598"}],"wp:term":[{"taxonomy":"category","embeddable":true,"href":"https:\/\/www.europesays.com\/es\/wp-json\/wp\/v2\/categories?post=285598"},{"taxonomy":"post_tag","embeddable":true,"href":"https:\/\/www.europesays.com\/es\/wp-json\/wp\/v2\/tags?post=285598"}],"curies":[{"name":"wp","href":"https:\/\/api.w.org\/{rel}","templated":true}]}}