{"id":285604,"date":"2025-12-13T02:07:10","date_gmt":"2025-12-13T02:07:10","guid":{"rendered":"https:\/\/www.europesays.com\/es\/285604\/"},"modified":"2025-12-13T02:07:10","modified_gmt":"2025-12-13T02:07:10","slug":"la-actuacion-de-joaquina-con-las-semifinalistas-de-malu-conquista-al-publico","status":"publish","type":"post","link":"https:\/\/www.europesays.com\/es\/285604\/","title":{"rendered":"La actuaci\u00f3n de Joaquina con las semifinalistas de Mal\u00fa conquista al p\u00fablico"},"content":{"rendered":"<p><b>Joaquina,<\/b> asesora del equipo de <b>Mal\u00fa<\/b>, regres\u00f3 a la edici\u00f3n para una de las actuaciones m\u00e1s especiales de la noche. La artista volvi\u00f3 al escenario del programa para unirse a las semifinalistas del equipo y cantar<b> \u2018No llames lo m\u00edo nuestro\u2019, <\/b>creando una actuaci\u00f3n cargada de emoci\u00f3n, fuerza y complicidad.<\/p>\n<p>Juntas, <b>Joaquina, Audrey y Victoria<\/b> ofrecieron una versi\u00f3n intensa y llena de matices, que nos enamor\u00f3 mucho m\u00e1s a medida que avanzaba la canci\u00f3n.<\/p>\n<p>Con una puesta en escena <b>elegante <\/b>y una interpretaci\u00f3n llena de <b>sentimiento<\/b>, este n\u00famero se convirti\u00f3 en uno de los grandes momentos de la noche. <b>\u00a1No te lo pierdas en el v\u00eddeo de arriba! <\/b><\/p>\n<p>   <img decoding=\"async\" title=\"Victoria\" alt=\"Victoria\" width=\"480\" height=\"270\" src=\"https:\/\/www.europesays.com\/es\/wp-content\/uploads\/2025\/12\/1765591630_40_victoria_70.jpg\" loading=\"lazy\" class=\"lazy\"\/><\/p>\n","protected":false},"excerpt":{"rendered":"Joaquina, asesora del equipo de Mal\u00fa, regres\u00f3 a la edici\u00f3n para una de las actuaciones m\u00e1s especiales de&hellip;\n","protected":false},"author":2,"featured_media":285605,"comment_status":"","ping_status":"","sticky":false,"template":"","format":"standard","meta":{"footnotes":""},"categories":[171],"tags":[146,147,25,24,23,214],"class_list":{"0":"post-285604","1":"post","2":"type-post","3":"status-publish","4":"format-standard","5":"has-post-thumbnail","7":"category-tv","8":"tag-entertainment","9":"tag-entretenimiento","10":"tag-es","11":"tag-espana","12":"tag-spain","13":"tag-tv"},"share_on_mastodon":{"url":"https:\/\/pubeurope.com\/@es\/115709820785404696","error":""},"_links":{"self":[{"href":"https:\/\/www.europesays.com\/es\/wp-json\/wp\/v2\/posts\/285604","targetHints":{"allow":["GET"]}}],"collection":[{"href":"https:\/\/www.europesays.com\/es\/wp-json\/wp\/v2\/posts"}],"about":[{"href":"https:\/\/www.europesays.com\/es\/wp-json\/wp\/v2\/types\/post"}],"author":[{"embeddable":true,"href":"https:\/\/www.europesays.com\/es\/wp-json\/wp\/v2\/users\/2"}],"replies":[{"embeddable":true,"href":"https:\/\/www.europesays.com\/es\/wp-json\/wp\/v2\/comments?post=285604"}],"version-history":[{"count":0,"href":"https:\/\/www.europesays.com\/es\/wp-json\/wp\/v2\/posts\/285604\/revisions"}],"wp:featuredmedia":[{"embeddable":true,"href":"https:\/\/www.europesays.com\/es\/wp-json\/wp\/v2\/media\/285605"}],"wp:attachment":[{"href":"https:\/\/www.europesays.com\/es\/wp-json\/wp\/v2\/media?parent=285604"}],"wp:term":[{"taxonomy":"category","embeddable":true,"href":"https:\/\/www.europesays.com\/es\/wp-json\/wp\/v2\/categories?post=285604"},{"taxonomy":"post_tag","embeddable":true,"href":"https:\/\/www.europesays.com\/es\/wp-json\/wp\/v2\/tags?post=285604"}],"curies":[{"name":"wp","href":"https:\/\/api.w.org\/{rel}","templated":true}]}}