{"id":285628,"date":"2025-12-13T02:28:31","date_gmt":"2025-12-13T02:28:31","guid":{"rendered":"https:\/\/www.europesays.com\/es\/285628\/"},"modified":"2025-12-13T02:28:31","modified_gmt":"2025-12-13T02:28:31","slug":"anuncio-de-lodvg-el-dia-que-leire-estrena-cancion","status":"publish","type":"post","link":"https:\/\/www.europesays.com\/es\/285628\/","title":{"rendered":"Anuncio de &#8216;LODVG&#8217; el d\u00eda que Leire estrena canci\u00f3n"},"content":{"rendered":"<p>\n        <a href=\"https:\/\/www.deia.eus\/tags\/leire-martinez\/\" title=\"Leire Mart\u00ednez\" class=\"link copy\" rel=\"nofollow noopener\" target=\"_blank\"><strong>Leire Mart\u00ednez<\/strong><\/a><strong> <\/strong>ha estrenado este viernes<strong> &#8216;No se me da bien odiarte&#8217;, un nuevo tema en el que colabora con Edurne y que formar\u00e1 parte de su primer \u00e1lbum en solitario.<\/strong>\n<\/p>\n<p class=\"article-body__text \">\n        <strong>\u00abGracias\u00a0@edurnity\u00a0por tu cari\u00f1o y por sumarte en cuanto te lo propuse. Espero que os guste y la disfrut\u00e9is tanto como nosotras!!\u00bb,<\/strong> ha escrito la cantante en un post donde se puede ver un fragmento del videoclip.\n<\/p>\n<p>  &#8216;LODVG&#8217; anuncia fechas<\/p>\n<p class=\"article-body__text \">\n        A este estreno, que llevaba varios d\u00edas anunciado, <strong>se le ha sumado otro anuncio destacado de su exgrupo, &#8216;La Oreja de Van Gogh&#8217;, ya que han confirmado nuevas fechas para la gira que les har\u00e1 recorrer gran parte del Estado durante 2026.<\/strong>\n<\/p>\n<p class=\"article-body__text \">\n        Concretamente son <strong>C\u00f3rdoba, Gran Canaria, Tenerife, Badajoz, Barcelona y Madrid las ciudades que han a\u00f1adido a su gira.<\/strong>\n<\/p>\n<p class=\"article-photo__footer\">\n            Nuevas fechas en la gira de &#8216;LODVG&#8217;            @laorejadevangogh        <\/p>\n<p class=\"article-body__text \">\n        Casi dos meses despu\u00e9s de que el grupo donostiarra anunciase de forma oficial el\u00a0<a href=\"https:\/\/www.noticiasdegipuzkoa.eus\/cultura\/2025\/10\/17\/oreja-gogh-anuncia-gira-2026-10229610.html\" title=\"regreso de Amaia Montero\" class=\"link copy\" rel=\"nofollow noopener\" target=\"_blank\"><strong>regreso de Amaia Montero<\/strong><\/a><strong>, la banda ya ultima el lanzamiento de su nueva m\u00fasica.<\/strong>\n<\/p>\n<p class=\"article-body__text \">\n        Si recientemente desvelaron que estaban \u00ab<strong>trabajando en nuevas canciones\u00bb, este jueves compartieron con sus seguidores un v\u00eddeo en el que se puede escuchar la melod\u00eda de uno de esos temas: \u00abGrabando\u00bb.<\/strong>\n<\/p>\n<p>  Pr\u00f3ximo disco de Leire<\/p>\n<p class=\"article-body__text \">\n        <a href=\"https:\/\/www.noticiasdegipuzkoa.eus\/tags\/leire-martinez\/\" title=\"Leire Mart\u00ednez\" class=\"link copy\" rel=\"nofollow noopener\" target=\"_blank\"><strong>Leire Mart\u00ednez<\/strong><\/a><strong>\u00a0anunci\u00f3 este lunes que su primer disco ver\u00e1 la luz el pr\u00f3ximo 20 de febrero.\u00a0<\/strong>El \u00e1lbum debut de la guipuzcoana, que llevar\u00e1 como t\u00edtulo &#8216;Historias de aquella ni\u00f1a&#8217;, tendr\u00e1 11 temas y un bonus track.\n<\/p>\n<p class=\"article-body__text \">\n        <strong>\u00abMi primer \u00e1lbum en solitario. Para mi era impensable no hace tanto y con tanta trascendencia en lo personal. Despu\u00e9s de un a\u00f1o de mucho trabajo, poni\u00e9ndome a prueba a diario, ya llega el momento de \u00ababandonar\u00bb las canciones para que las hag\u00e1is vuestras. S\u00e9 que las tratar\u00e9is con cari\u00f1o y me hace much\u00edsimas ilusi\u00f3n! Estoy deseando que llegue el momento\u00bb,<\/strong>\u00a0escribi\u00f3 la cantante en un post junto a la portada del disco.\n<\/p>\n<p class=\"article-body__text \">\n        Una de las novedades del \u00e1lbum ser\u00e1n las colaboraciones,<strong>\u00a0ya que la cantante se ha rodeado de grandes artistas que le acompa\u00f1ar\u00e1n en este nuevo proyecto.<\/strong>\n<\/p>\n<p class=\"article-body__text \">\n        Artistas de la talla de<strong>\u00a0<\/strong><a href=\"https:\/\/www.noticiasdegipuzkoa.eus\/tags\/edurne\/\" title=\"Edurne\" class=\"link copy\" rel=\"nofollow noopener\" target=\"_blank\"><strong>Edurne<\/strong><\/a><strong>, Andr\u00e9s Su\u00e1rez, Abraham Mateo o el d\u00fao argentino Miranda<\/strong>\u00a0unir\u00e1n sus voces a la de Leire Mart\u00ednez para arroparla en su\u00a0<strong>primer proyecto en solitario tras triunfar como vocalista de &#8216;La Oreja de Van Gogh&#8217; durante 17 a\u00f1os.<\/strong>\n<\/p>\n<p>  M\u00fasica en euskera<\/p>\n<p class=\"article-body__text \">\n        <strong>Leire est\u00e1<\/strong>\u00a0inmersa en la preparaci\u00f3n de su<strong>\u00a0nuevo disco.<\/strong>\u00a0Tras el lanzamiento de sus primeros tres singles en solitario y\u00a0<strong>anunciar nuevo disco para\u00a0febrero,\u00a0<\/strong>y recientemente, en una entrevista en &#8216;Gaztea&#8217;,\u00a0<strong>los locutores quisieron saber si tiene previsto hacer alg\u00fan tema en euskera.<\/strong>\n<\/p>\n<p class=\"article-body__text \">\n        Para sorpresa de los oyentes,<strong>\u00a0la cantante desvel\u00f3 que tiene previsto publicar varias canciones en su lengua<\/strong>. Seg\u00fan se\u00f1al\u00f3, para ella \u00abes importante\u00bb darle importancia a la m\u00fasica en euskera. Sin embargo,\u00a0<strong>explic\u00f3 que quiere darle un lugar especial, por lo que opt\u00f3 por no incluir canciones sueltas en euskera en su disco, sino que trabajar\u00e1 en un proyecto paralelo \u00edntegro en esta lengua. \u00abLe quiero dar su lugar, un lugar amplio y elaborado. No s\u00e9 si ser\u00e1 un disco completo, pero al menos un EP seguro\u00bb,<\/strong>\u00a0indic\u00f3.\n<\/p>\n<p class=\"article-body__text \">\n        Sobre su asistencia a la\u00a0<a href=\"https:\/\/www.noticiasdegipuzkoa.eus\/tags\/durangoko-azoka\/\" title=\"Durangoko Azoka\" class=\"link copy\" rel=\"nofollow noopener\" target=\"_blank\">Durangoko Azoka<\/a>,<strong>\u00a0afirm\u00f3 que le gustar\u00eda ir a presentar su m\u00fasica en futuras ediciones.<\/strong>\n<\/p>\n<p class=\"article-photo__footer\">\n            Leire Mart\u00ednez en una foto de archivo            E.P.        <\/p>\n<p>            <a href=\"https:\/\/www.deia.eus\/musica\/2025\/12\/09\/leire-martinez-primer-disco-febrero-colaboraciones-10447968.html\" title=\"Leire Mart\u00ednez lanzar\u00e1 su primer disco en febrero: estas son las sorprendentes colaboraciones\" class=\"new__media\" rel=\"nofollow noopener\" target=\"_blank\"><\/p>\n<p>                <img alt=\"Leire Mart\u00ednez lanzar\u00e1 su primer disco en febrero: estas son las sorprendentes colaboraciones\" data-src=\"https:\/\/www.europesays.com\/es\/wp-content\/uploads\/2025\/12\/5aff8287-593d-4330-95e2-2270b7650233_16-9-aspect-ratio_default_0.jpg\" class=\"lozad\"\/><\/p>\n<p>        <\/a><\/p>\n<p>        <a href=\"https:\/\/www.deia.eus\/musica\/2025\/12\/09\/leire-martinez-primer-disco-febrero-colaboraciones-10447968.html\" title=\"Leire Mart\u00ednez lanzar\u00e1 su primer disco en febrero: estas son las sorprendentes colaboraciones\" class=\"new__headline\" rel=\"nofollow noopener\" target=\"_blank\"><br \/>\n            Leire Mart\u00ednez lanzar\u00e1 su primer disco en febrero: estas son las sorprendentes colaboraciones<br \/>\n        <\/a><\/p>\n<p>  El mejor momento de Leire<\/p>\n<p class=\"article-body__text \">\n        <strong>Leire Mart\u00ednez\u00a0est\u00e1 en su mejor momento profesional.<\/strong>\u00a0Tras un verano lleno de conciertos masivos, el lanzamiento de sus primeros temas en solitario y estrenarse como jurado de\u00a0OT 2025,\u00a0<strong>la cantante vasca lanzar\u00e1 en febrero su primer disco en solitario y comenzar\u00e1 una gira donde ya ha anunciado varias fechas, entre ellas Bilbao el pr\u00f3ximo 1 de marzo.<\/strong><\/p>\n","protected":false},"excerpt":{"rendered":"Leire Mart\u00ednez ha estrenado este viernes &#8216;No se me da bien odiarte&#8217;, un nuevo tema en el que&hellip;\n","protected":false},"author":2,"featured_media":285629,"comment_status":"","ping_status":"","sticky":false,"template":"","format":"standard","meta":{"footnotes":""},"categories":[174],"tags":[6243,15350,255,978,146,147,25,24,1719,256,25809,49913,825,23],"class_list":{"0":"post-285628","1":"post","2":"type-post","3":"status-publish","4":"format-standard","5":"has-post-thumbnail","7":"category-famosos","8":"tag-anuncio","9":"tag-cancion","10":"tag-celebrities","11":"tag-dia","12":"tag-entertainment","13":"tag-entretenimiento","14":"tag-es","15":"tag-espana","16":"tag-estrena","17":"tag-famosos","18":"tag-leire","19":"tag-lodvg","20":"tag-martinez","21":"tag-spain"},"share_on_mastodon":{"url":"https:\/\/pubeurope.com\/@es\/115709903078550659","error":""},"_links":{"self":[{"href":"https:\/\/www.europesays.com\/es\/wp-json\/wp\/v2\/posts\/285628","targetHints":{"allow":["GET"]}}],"collection":[{"href":"https:\/\/www.europesays.com\/es\/wp-json\/wp\/v2\/posts"}],"about":[{"href":"https:\/\/www.europesays.com\/es\/wp-json\/wp\/v2\/types\/post"}],"author":[{"embeddable":true,"href":"https:\/\/www.europesays.com\/es\/wp-json\/wp\/v2\/users\/2"}],"replies":[{"embeddable":true,"href":"https:\/\/www.europesays.com\/es\/wp-json\/wp\/v2\/comments?post=285628"}],"version-history":[{"count":0,"href":"https:\/\/www.europesays.com\/es\/wp-json\/wp\/v2\/posts\/285628\/revisions"}],"wp:featuredmedia":[{"embeddable":true,"href":"https:\/\/www.europesays.com\/es\/wp-json\/wp\/v2\/media\/285629"}],"wp:attachment":[{"href":"https:\/\/www.europesays.com\/es\/wp-json\/wp\/v2\/media?parent=285628"}],"wp:term":[{"taxonomy":"category","embeddable":true,"href":"https:\/\/www.europesays.com\/es\/wp-json\/wp\/v2\/categories?post=285628"},{"taxonomy":"post_tag","embeddable":true,"href":"https:\/\/www.europesays.com\/es\/wp-json\/wp\/v2\/tags?post=285628"}],"curies":[{"name":"wp","href":"https:\/\/api.w.org\/{rel}","templated":true}]}}