{"id":285670,"date":"2025-12-13T03:13:15","date_gmt":"2025-12-13T03:13:15","guid":{"rendered":"https:\/\/www.europesays.com\/es\/285670\/"},"modified":"2025-12-13T03:13:15","modified_gmt":"2025-12-13T03:13:15","slug":"simeone-solo-recupera-a-lenglet-ante-el-valencia","status":"publish","type":"post","link":"https:\/\/www.europesays.com\/es\/285670\/","title":{"rendered":"Simeone solo recupera a Lenglet ante el Valencia"},"content":{"rendered":"<p class=\"\"><b>Simeone <\/b>recupera solo a uno de sus cuatro lesionados ante el Valencia: <b>Lenglet<\/b>. Ni Gim\u00e9nez ni <b>Llorente <\/b>ni <b>Baena<\/b>, sin embargo, regresan ante el Valencia en el que ser\u00e1 el primer partido de la temporada para los rojiblancos a mediod\u00eda (14:00) pero no el \u00faltimo del a\u00f1o (la siguiente jornada repetir\u00e1 horario ante el <b>Girona <\/b>el domingo 21 aunque en <b>Montilivi<\/b>). <\/p>\n<p class=\"\">El <b>Atl\u00e9tico <\/b>se concentr\u00f3 ya anoche para descansar y aclimatarse a un partido que adelanta los horarios de los desayunos y rutinas. Como ya sucediera ante el <b>PSV<\/b>, el t\u00e9cnico argentino completa la lista con tres canteranos. En este caso son <b>Esquivel<\/b>, <b>Bo\u00f1ar <\/b>y <b>Dani Mart\u00ednez<\/b>. En total son 24 los jugadores que ha citado ante el Valencia. <\/p>\n<p>La lista del Cholo<\/p>\n<p class=\"\"><b>Porteros:<\/b> Oblak, Musso, Esquivel. <\/p>\n<p class=\"\"><b>Defensas: <\/b>Pubill, Nahuel, Bo\u00f1ar, D. Mart\u00ednez, Le Normand, Lenglet, Hancko, Gal\u00e1n y Ruggeri. <\/p>\n<p class=\"\"><b>Centrocampistas:<\/b> Koke, Gallagher, Cardoso, Barrios, Almada, Giuliano y Nico G.<\/p>\n<p>Noticias relacionadas<a href=\"https:\/\/as.com\/futbol\/corberan-estamos-tomando-medidas-y-precauciones-por-la-gripe-f202512-n\/\" class=\"s_m_w\" title=\"El t\u00e9cnico del Valencia remarca que \u201cni mi rol ni mi poder ha cambiado con la nueva estructura deportiva\u201d. \" data-tb-link=\"\" rel=\"nofollow noopener\" target=\"_blank\"><img decoding=\"async\" src=\"https:\/\/www.europesays.com\/es\/wp-content\/uploads\/2025\/12\/1765595594_141_YZF52ABOIJO2NELOJJSQFJZNZA.jpg\" alt=\"Corber\u00e1n: \u201cEstamos tomando medidas y precauciones por la gripe\u201d\" class=\"\" height=\"9\" width=\"16\"   loading=\"lazy\" data-tb-thumbnail=\"\"\/><\/a><a href=\"https:\/\/as.com\/futbol\/primera\/simeone-mi-mayor-fortuna-fue-tener-a-jugadores-que-se-sumaron-a-un-plan-y-a-una-idea-f202512-n\/\" class=\"s_m_w\" title=\"El entrenador del Atl\u00e9tico habl\u00f3 sobre el encuentro ante el Valencia, \u201cun equipo valiente, con velocidad arriba y que est\u00e1 cambiando su manera de jugar\u201d. \" data-tb-link=\"\" rel=\"nofollow noopener\" target=\"_blank\"><img decoding=\"async\" src=\"https:\/\/www.europesays.com\/es\/wp-content\/uploads\/2025\/12\/7Z42MA3YJRMADDHYDUBM7FM67U.jpg\" alt=\"Simeone: \u201cMi mayor fortuna fue tener a jugadores que se sumaron a un plan y a una idea\u201d\" class=\"\" height=\"9\" width=\"16\"   loading=\"lazy\" data-tb-thumbnail=\"\"\/><\/a><\/p>\n<p class=\"\"><b>Delanteros:<\/b> Griezmann, Sorloth, Carlos M., Juli\u00e1n A. y Raspadori.<\/p>\n<p class=\"\"><b>\u00a1Tus opiniones importan!<\/b> Comenta en los art\u00edculos y suscr\u00edbete gratis a nuestra <a href=\"https:\/\/asfan.as.com\/newsletters\/\" target=\"_blank\" rel=\"nofollow noopener\" title=\"https:\/\/asfan.as.com\/newsletters\/\">newsletter<\/a> y a las alertas informativas en la <a href=\"https:\/\/as.com\/aplicacion-de-as-n\/\" target=\"_blank\" rel=\"nofollow noopener\" title=\"https:\/\/as.com\/aplicacion-de-as-n\/\">App<\/a> o el canal de <a href=\"https:\/\/www.whatsapp.com\/channel\/0029VaAasdA7j6g745nz9M10\" target=\"_blank\" rel=\"nofollow noopener\" title=\"https:\/\/www.whatsapp.com\/channel\/0029VaAasdA7j6g745nz9M10\">WhatsApp<\/a>. \u00bfBuscas licenciar contenido? Haz clic <a href=\"https:\/\/profesional.elpais.com\/soluciones-sindicacion?utm_medium=interno&amp;utm_source=crosslinking&amp;utm_campaign=sindicacion_as_pie_articulos\" target=\"_blank\" rel=\"nofollow noopener\" title=\"https:\/\/profesional.elpais.com\/soluciones-sindicacion?utm_medium=interno&amp;utm_source=crosslinking&amp;utm_campaign=sindicacion_as_pie_articulos\">aqu\u00ed<\/a><\/p>\n","protected":false},"excerpt":{"rendered":"Simeone recupera solo a uno de sus cuatro lesionados ante el Valencia: Lenglet. Ni Gim\u00e9nez ni Llorente ni&hellip;\n","protected":false},"author":2,"featured_media":285671,"comment_status":"","ping_status":"","sticky":false,"template":"","format":"standard","meta":{"footnotes":""},"categories":[268],"tags":[168,25,24,280,282,281,23,167],"class_list":{"0":"post-285670","1":"post","2":"type-post","3":"status-publish","4":"format-standard","5":"has-post-thumbnail","7":"category-futbol","8":"tag-deportes","9":"tag-es","10":"tag-espana","11":"tag-football","12":"tag-futbol","13":"tag-soccer","14":"tag-spain","15":"tag-sports"},"share_on_mastodon":{"url":"https:\/\/pubeurope.com\/@es\/115710080931841788","error":""},"_links":{"self":[{"href":"https:\/\/www.europesays.com\/es\/wp-json\/wp\/v2\/posts\/285670","targetHints":{"allow":["GET"]}}],"collection":[{"href":"https:\/\/www.europesays.com\/es\/wp-json\/wp\/v2\/posts"}],"about":[{"href":"https:\/\/www.europesays.com\/es\/wp-json\/wp\/v2\/types\/post"}],"author":[{"embeddable":true,"href":"https:\/\/www.europesays.com\/es\/wp-json\/wp\/v2\/users\/2"}],"replies":[{"embeddable":true,"href":"https:\/\/www.europesays.com\/es\/wp-json\/wp\/v2\/comments?post=285670"}],"version-history":[{"count":0,"href":"https:\/\/www.europesays.com\/es\/wp-json\/wp\/v2\/posts\/285670\/revisions"}],"wp:featuredmedia":[{"embeddable":true,"href":"https:\/\/www.europesays.com\/es\/wp-json\/wp\/v2\/media\/285671"}],"wp:attachment":[{"href":"https:\/\/www.europesays.com\/es\/wp-json\/wp\/v2\/media?parent=285670"}],"wp:term":[{"taxonomy":"category","embeddable":true,"href":"https:\/\/www.europesays.com\/es\/wp-json\/wp\/v2\/categories?post=285670"},{"taxonomy":"post_tag","embeddable":true,"href":"https:\/\/www.europesays.com\/es\/wp-json\/wp\/v2\/tags?post=285670"}],"curies":[{"name":"wp","href":"https:\/\/api.w.org\/{rel}","templated":true}]}}